{"id":2205,"date":"2018-03-05T12:02:35","date_gmt":"2018-03-05T11:02:35","guid":{"rendered":"https:\/\/literarnenoviny.sk\/servis\/?p=2205"},"modified":"2018-03-05T16:01:23","modified_gmt":"2018-03-05T15:01:23","slug":"vydavatel-parlamentnych-listov-spolocnost-media-kupila-dennik-pravda","status":"publish","type":"post","link":"https:\/\/literarnenoviny.sk\/servis\/vydavatel-parlamentnych-listov-spolocnost-media-kupila-dennik-pravda\/","title":{"rendered":"Vydavate\u013e Parlamentn\u00fdch listov spolo\u010dnos\u0165 Our Media k\u00fapila denn\u00edk Pravda"},"content":{"rendered":"<p><strong>Vydavate\u013e Parlamentn\u00fdch listov spolo\u010dnos\u0165 Our Media SK sa&nbsp;stala nov\u00fdm vlastn\u00edkom spolo\u010dnosti Perex, ktor\u00e1 vyd\u00e1va <a href=\"https:\/\/www.pravda.sk\/\" rel=\"noopener\" target=\"_blank\">denn\u00edk Pravda<\/a><\/strong> a&nbsp;prev\u00e1dzkuje webov\u00e9 port\u00e1ly Pravda.sk, Varecha.sk, Birdz.sk, Avizo.sk \u010di&nbsp;Moment.sk.<\/p>\n<p>Stopercentn\u00fdm akcion\u00e1rom Our Media SK je&nbsp;\u010desk\u00e1 spolo\u010dnos\u0165 Our Media a.s., ktor\u00fa vlastn\u00ed podnikate\u013e a&nbsp;sen\u00e1tor Ivo Valenta spolu s&nbsp;medi\u00e1lnym magn\u00e1tom Michalom Vor\u00e1\u010dkom.<\/p>\n<p>Do portf\u00f3lia Our Media patr\u00ed nieko\u013eko region\u00e1lnych telev\u00edzi\u00ed v&nbsp;\u010ceskej republike, Region\u00e1ln\u00ed televize CZ, televize Praha TV, televize TVS, TV Brno1 a&nbsp;webov\u00fd port\u00e1l Parlamentn\u00edListy.cz vr\u00e1tane jeho slovenskej verzie.<\/p>\n<p>Vydavate\u013estvo Perex doteraz ovl\u00e1dala spolo\u010dnos\u0165 Florena, a.s., ktorej stopercentn\u00fdm vlastn\u00edkom bol podnikate\u013e Karol Biermann.<\/p>\n<p style=\"text-align: right;\"><small><a href=\"https:\/\/spravy.pravda.sk\/domace\/clanok\/460990-pravda-zmenila-majitela\/\" target=\"_blank\" rel=\"noopener\">Pravda<\/a><\/small><\/p>\n","protected":false},"excerpt":{"rendered":"<p>Vydavate\u013e Parlamentn\u00fdch listov spolo\u010dnos\u0165 Our Media SK sa&nbsp;stala nov\u00fdm vlastn\u00edkom spolo\u010dnosti Perex, ktor\u00e1 vyd\u00e1va denn\u00edk Pravda a&nbsp;prev\u00e1dzkuje webov\u00e9 port\u00e1ly Pravda.sk, Varecha.sk, Birdz.sk, Avizo.sk \u010di&nbsp;Moment.sk. <a href=\"https:\/\/literarnenoviny.sk\/servis\/vydavatel-parlamentnych-listov-spolocnost-media-kupila-dennik-pravda\/\" class=\"more-link\">Cel\u00e1 spr\u00e1va <span class=\"meta-nav\">&rarr;<\/span><\/a><\/p>\n","protected":false},"author":2,"featured_media":0,"comment_status":"closed","ping_status":"closed","sticky":false,"template":"","format":"standard","meta":{"_links_to":"","_links_to_target":""},"categories":[1],"tags":[33,34,27],"_links":{"self":[{"href":"https:\/\/literarnenoviny.sk\/servis\/wp-json\/wp\/v2\/posts\/2205"}],"collection":[{"href":"https:\/\/literarnenoviny.sk\/servis\/wp-json\/wp\/v2\/posts"}],"about":[{"href":"https:\/\/literarnenoviny.sk\/servis\/wp-json\/wp\/v2\/types\/post"}],"author":[{"embeddable":true,"href":"https:\/\/literarnenoviny.sk\/servis\/wp-json\/wp\/v2\/users\/2"}],"replies":[{"embeddable":true,"href":"https:\/\/literarnenoviny.sk\/servis\/wp-json\/wp\/v2\/comments?post=2205"}],"version-history":[{"count":0,"href":"https:\/\/literarnenoviny.sk\/servis\/wp-json\/wp\/v2\/posts\/2205\/revisions"}],"wp:attachment":[{"href":"https:\/\/literarnenoviny.sk\/servis\/wp-json\/wp\/v2\/media?parent=2205"}],"wp:term":[{"taxonomy":"category","embeddable":true,"href":"https:\/\/literarnenoviny.sk\/servis\/wp-json\/wp\/v2\/categories?post=2205"},{"taxonomy":"post_tag","embeddable":true,"href":"https:\/\/literarnenoviny.sk\/servis\/wp-json\/wp\/v2\/tags?post=2205"}],"curies":[{"name":"wp","href":"https:\/\/api.w.org\/{rel}","templated":true}]}}