{"id":2183,"date":"2018-03-02T19:24:57","date_gmt":"2018-03-02T18:24:57","guid":{"rendered":"https:\/\/literarnenoviny.sk\/servis\/?p=2183"},"modified":"2020-10-15T22:06:40","modified_gmt":"2020-10-15T20:06:40","slug":"vo-veku-88-rokov-zomrel-popredny-cesky-exilovy-spisovatel-ota-filip","status":"publish","type":"post","link":"https:\/\/literarnenoviny.sk\/servis\/vo-veku-88-rokov-zomrel-popredny-cesky-exilovy-spisovatel-ota-filip\/","title":{"rendered":"Vo veku 88 rokov zomrel popredn\u00fd \u010desk\u00fd exilov\u00fd spisovate\u013e Ota Filip"},"content":{"rendered":"<p><strong>Vo veku 88 rokov zomrel v&nbsp;bavorskom Garmisch-Panterkirchene v\u00fdznamn\u00fd \u010desk\u00fd a&nbsp;nemeck\u00fd spisovate\u013e a&nbsp;publicista <a href=\"https:\/\/cs.wikipedia.org\/wiki\/Ota_Filip\" rel=\"noopener noreferrer\" target=\"_blank\">Ota Filip<\/a><\/strong>. Bol \u010dlenom elitnej Bavorskej akad\u00e9mie kr\u00e1snych umen\u00ed. Na&nbsp;jeho \u017eivote sa&nbsp;naplno podp\u00edsalo, ako on s\u00e1m hovoril, <em>\u201eskurven\u00e9 20.&nbsp;storo\u010die\u201c<\/em>.<\/p>\n<p>Po vojne kr\u00e1tko pracoval ako redaktor, no po\u010das <a href=\"https:\/\/sk.wikipedia.org\/wiki\/Pomocn\u00fd_technick\u00fd_pr\u00e1por\" rel=\"noopener noreferrer\" target=\"_blank\">vojenskej slu\u017eby v&nbsp;PTP<\/a> prezradil spolo\u010dn\u00fd pl\u00e1n \u00fateku za&nbsp;hranice a&nbsp;putoval do&nbsp;v\u00e4zby. Koncom \u0161es\u0165desiatych rokov vydal svoju prvotinu <em>Cesta ke h\u0159bitovu<\/em>, ktorou vst\u00fapil do&nbsp;liter\u00e1rneho sveta.<\/p>\n<p>V roku 1970 bol obvinen\u00fd z&nbsp;poburovania proti socializmu a&nbsp;skon\u010dil vo&nbsp;v\u00e4zen\u00ed, kde sa&nbsp;zrodil jeho najsl\u00e1vnej\u0161\u00ed \u010desk\u00fd rom\u00e1n <em>Nanebevstoupen\u00ed Lojzka Lap\u00e1\u010dka ze Slezsk\u00e9 Ostravy<\/em>. Po&nbsp;jeho emigr\u00e1cii rom\u00e1n vy\u0161iel v&nbsp;exilovom vydavate\u013estve <a href=\"https:\/\/cs.wikipedia.org\/wiki\/'68_Publishers\" rel=\"noopener noreferrer\" target=\"_blank\">\u201968 Publishers<\/a>.<\/p>\n<p>Spolupracoval so&nbsp;<a href=\"https:\/\/sk.wikipedia.org\/wiki\/Slobodn\u00e1_Eur\u00f3pa_(rozhlasov\u00e1_stanica)\" rel=\"noopener noreferrer\" target=\"_blank\">Slobodnou Eur\u00f3pou<\/a>, stal sa&nbsp;redaktorom prest\u00ed\u017eneho vydavate\u013estva Fischer Verlag a&nbsp;ve\u013emi r\u00fdchlo uspel aj ako nemecky p\u00ed\u0161\u00faci autor a&nbsp;publicista. P\u00edsal pre&nbsp;denn\u00edky Frankfurter Allgemeine Zeitung aj die Zeit. <\/p>\n<p>Z jeho \u010fal\u0161ej tvorby je&nbsp;zn\u00e1my napr\u00edklad rom\u00e1nov\u00fd bestseller <em>Caf\u00e9 Slavia (1985)<\/em>, ktor\u00fd po&nbsp;prevrate vy\u0161iel aj v&nbsp;\u010cesku, \u010di&nbsp;rom\u00e1n <em><a href=\"https:\/\/www.martinus.sk\/?uItem=215542&#038;z=WLGC7F&#038;utm_source=z%3DWLGC7F&#038;utm_medium=url&#038;utm_campaign=partner\" rel=\"noopener noreferrer\" target=\"_blank\">Soused\u00e9 a&nbsp;ti ostatn\u00ed<\/a> (2003)<\/em>.<\/p>\n<p style=\"text-align: right;\"><small><a href=\"https:\/\/www.reflex.cz\/clanek\/kultura\/85463\/zemrel-predni-cesky-exilovy-spisovatel-ota-filip-podivejte-se-na-jeho-posledni-rozhovor-pro-reflex.html\" target=\"_blank\" rel=\"noopener noreferrer\">Reflex<\/a><\/small><\/p>\n","protected":false},"excerpt":{"rendered":"<p>Vo veku 88 rokov zomrel v&nbsp;bavorskom Garmisch-Panterkirchene v\u00fdznamn\u00fd \u010desk\u00fd i&nbsp;nemeck\u00fd spisovate\u013e a&nbsp;publicista Ota Filip. Bol \u010dlenom elitnej Bavorskej akad\u00e9mie kr\u00e1snych umen\u00ed. Na&nbsp;jeho \u017eivote sa&nbsp;naplno podp\u00edsalo, ako on s\u00e1m hovoril, skurven\u00e9 20.&nbsp;storo\u010die. <a href=\"https:\/\/literarnenoviny.sk\/servis\/vo-veku-88-rokov-zomrel-popredny-cesky-exilovy-spisovatel-ota-filip\/\" class=\"more-link\">Cel\u00e1 spr\u00e1va <span class=\"meta-nav\">&rarr;<\/span><\/a><\/p>\n","protected":false},"author":2,"featured_media":0,"comment_status":"closed","ping_status":"closed","sticky":false,"template":"","format":"standard","meta":{"_links_to":"","_links_to_target":""},"categories":[1],"tags":[37,3,209],"_links":{"self":[{"href":"https:\/\/literarnenoviny.sk\/servis\/wp-json\/wp\/v2\/posts\/2183"}],"collection":[{"href":"https:\/\/literarnenoviny.sk\/servis\/wp-json\/wp\/v2\/posts"}],"about":[{"href":"https:\/\/literarnenoviny.sk\/servis\/wp-json\/wp\/v2\/types\/post"}],"author":[{"embeddable":true,"href":"https:\/\/literarnenoviny.sk\/servis\/wp-json\/wp\/v2\/users\/2"}],"replies":[{"embeddable":true,"href":"https:\/\/literarnenoviny.sk\/servis\/wp-json\/wp\/v2\/comments?post=2183"}],"version-history":[{"count":0,"href":"https:\/\/literarnenoviny.sk\/servis\/wp-json\/wp\/v2\/posts\/2183\/revisions"}],"wp:attachment":[{"href":"https:\/\/literarnenoviny.sk\/servis\/wp-json\/wp\/v2\/media?parent=2183"}],"wp:term":[{"taxonomy":"category","embeddable":true,"href":"https:\/\/literarnenoviny.sk\/servis\/wp-json\/wp\/v2\/categories?post=2183"},{"taxonomy":"post_tag","embeddable":true,"href":"https:\/\/literarnenoviny.sk\/servis\/wp-json\/wp\/v2\/tags?post=2183"}],"curies":[{"name":"wp","href":"https:\/\/api.w.org\/{rel}","templated":true}]}}