{"id":21821,"date":"2023-01-24T11:00:03","date_gmt":"2023-01-24T10:00:03","guid":{"rendered":"https:\/\/literarnenoviny.sk\/servis\/?p=21821"},"modified":"2023-02-02T01:35:34","modified_gmt":"2023-02-02T00:35:34","slug":"rusky-zakonodarca-chce-zo-skolskych-osnov-vyradit-solzenicynove-suostrovie-gulag","status":"publish","type":"post","link":"https:\/\/literarnenoviny.sk\/servis\/rusky-zakonodarca-chce-zo-skolskych-osnov-vyradit-solzenicynove-suostrovie-gulag\/","title":{"rendered":"Rusk\u00fd z\u00e1konodarca chce zo&nbsp;\u0161kolsk\u00fdch osnov vyradi\u0165 Sol\u017eenicynove S\u00faostrovie Gulag"},"content":{"rendered":"<p><strong>Rusk\u00fd z\u00e1konodarca <a href=\"https:\/\/ru.wikipedia.org\/wiki\/\u0412\u044f\u0442\u043a\u0438\u043d,_\u0414\u043c\u0438\u0442\u0440\u0438\u0439_\u0424\u0451\u0434\u043e\u0440\u043e\u0432\u0438\u0447\" rel=\"noopener\" target=\"_blank\">Dmitrij Vjatkin<\/a> navrhol \u0160t\u00e1tnej dume vyradi\u0165 zo&nbsp;\u0161kolsk\u00fdch osnov knihy, ktor\u00e9 nepre\u0161li <em>\u201esk\u00fa\u0161kou \u010dasu\u201c<\/em><\/strong> a&nbsp;<em>\u201enezodpovedaj\u00fa skuto\u010dnosti\u201c<\/em>. Ako pr\u00edklad uviedol trojzv\u00e4zkov\u00fd titul <em><strong><a href=\"https:\/\/www.martinus.sk\/?uItem=135309&#038;z=WLGC7F&#038;utm_source=z%3DWLGC7F&#038;utm_medium=url&#038;utm_campaign=partner\" rel=\"noopener\" target=\"_blank\">S\u00faostrovie Gulag<\/a><\/strong> (\u0410\u0440\u0445\u0438\u043f\u0435\u043b\u0430\u0433 \u0413\u0423\u041b\u0410\u0413, 1973)<\/em> rusk\u00e9ho spisovate\u013ea <a href=\"https:\/\/ sk.wikipedia.org\/wiki\/Alexandr_Isajevi\u010d_Sol\u017eenicyn\" rel=\"noopener\" target=\"_blank\">Alexandra Sol\u017eenicyna<\/a>, informovala o&nbsp;tom agent\u00fara <a href=\"https:\/\/tass.ru\/obschestvo\/16855257\" rel=\"noopener\" target=\"_blank\">TASS<\/a>.<\/p>\n<p><em>\u201eMnoh\u00e9 fakty si \u0410lexander Isajevi\u010d vycucal z&nbsp;prstu a&nbsp;vymyslel,\u201c<\/em> uviedol \u0161\u00e9f frakcie strany <a href=\"https:\/\/sk.wikipedia.org\/wiki\/Jednotn\u00e9_Rusko\" rel=\"noopener\" target=\"_blank\">Jednotn\u00e9 Rusko<\/a>.<\/p>\n<p><center><div class=\"gca-utility vertical-spacer\"><\/div>\n<blockquote class=\"twitter-tweet\">\n<p lang=\"ru\" dir=\"ltr\">\u0417\u0430\u043c\u0433\u043b\u0430\u0432\u044b \u0444\u0440\u0430\u043a\u0446\u0438\u0438 \u0415\u0420 \u0432 \u0413\u043e\u0441\u0434\u0443\u043c\u0435 \u043f\u0440\u0435\u0434\u043b\u043e\u0436\u0438\u043b \u0443\u0431\u0440\u0430\u0442\u044c \u0438\u0437 \u0448\u043a\u043e\u043b\u044c\u043d\u043e\u0439 \u043f\u0440\u043e\u0433\u0440\u0430\u043c\u043c\u044b \u00ab\u0410\u0440\u0445\u0438\u043f\u0435\u043b\u0430\u0433 \u0413\u0423\u041b\u0410\u0413\u00bb <a href=\"https:\/\/t.co\/rS5ELcUQQr\">https:\/\/t.co\/rS5ELcUQQr<\/a><\/p>\n<p>&mdash; The&nbsp;Insider (@the_ins_ru) <a href=\"https:\/\/twitter.com\/the_ins_ru\/status\/1617071348651630593?ref_src=twsrc%5Etfw\">January 22, 2023<\/a><\/p><\/blockquote>\n<p> <script async src=\"https:\/\/platform.twitter.com\/widgets.js\" charset=\"utf-8\"><\/script><div class=\"gca-utility vertical-spacer\"><\/div><\/center><\/p>\n<p>Vl\u00e1dny poslanec tvrd\u00ed, \u017ee&nbsp;historici preverili v\u0161etky fakty. <em>\u201eI\u0161lo mu len o&nbsp;z\u00edskanie ceny, a&nbsp;nev\u00e1hal pri tom vl\u00e1\u010di\u0165 svoju vlas\u0165 v&nbsp;bahne,\u201c<\/em> rozhor\u010dil sa&nbsp;Vjatkin. Pod\u013ea jeho mienky <a href=\"https:\/\/sk.wikipedia.org\/wiki\/S\u00faostrovie_Gulag\" rel=\"noopener\" target=\"_blank\">Sol\u017eenicynova kniha<\/a> u\u017e&nbsp;v&nbsp;\u0161kol\u00e1ch <em>\u201edlho nevydr\u017e\u00ed\u201c<\/em>. Politik upresnil, \u017ee&nbsp;sa&nbsp;tento rok zmenia osnovy a&nbsp;na&nbsp;hodiny literat\u00fary sa&nbsp;vr\u00e1tia diela sovietskych autorov. <\/p>\n<p>\u0160kol\u00e1ci si bud\u00fa musie\u0165 pre\u010d\u00edta\u0165 napr\u00edklad vojnov\u00fd rom\u00e1n <a href=\"https:\/\/cs.wikipedia.org\/wiki\/Alexandr_Fad\u011bjev\" rel=\"noopener\" target=\"_blank\">Alexandra Fadejeva<\/a> o&nbsp;odbojovej skupine <em><strong><a href=\"https:\/\/cs.wikipedia.org\/wiki\/Mlad\u00e1_garda_(kniha)\" rel=\"noopener\" target=\"_blank\">Mlad\u00e1 garda<\/a><\/strong> (\u041c\u043e\u043b\u043e\u0434\u0430\u044f \u0433\u0432\u0430\u0440\u0434\u0438\u044f, 1946, upraven\u00fd 1951)<\/em> \u010di&nbsp;epopeju <em><strong><a href=\"https:\/\/www.databazeknih.cz\/knihy\/horici-snih-55036\" rel=\"noopener\" target=\"_blank\">Horiaci sneh<\/a><\/strong> (\u0413\u043e\u0440\u044f\u0447\u0438\u0439 \u0441\u043d\u0435\u0433, 1969)<\/em> o&nbsp;rozhoduj\u00facich okamihoch <a href=\"https:\/\/sk.wikipedia.org\/wiki\/Bitka_o_Stalingrad\" rel=\"noopener\" target=\"_blank\">Stalingradskej bitky<\/a> od&nbsp;<a href=\"https:\/\/sk.wikipedia.org\/wiki\/Jurij_Vasilievi\u010d_Bondarev\" rel=\"noopener\" target=\"_blank\">Jurija Bondareva<\/a>. Pod\u013ea Dmitrija Vjatkina pr\u00e1ve tak\u00e9to knihy v&nbsp;nich posilnia vlastenectvo.<\/p>\n<p>S my\u0161lienkou vr\u00e1ti\u0165 do&nbsp;\u0161k\u00f4l <em><strong>Mlad\u00fa gardu<\/strong><\/em> aj \u010fal\u0161ie diela z&nbsp;obdobia <a href=\"https:\/\/sk.wikipedia.org\/wiki\/Sovietsky_zv\u00e4z\" rel=\"noopener\" target=\"_blank\">Sovietskeho zv\u00e4zu<\/a> pri\u0161iel ned\u00e1vno rusk\u00fd prezident Vladim\u00edr Putin. Pris\u013e\u00fabil, \u017ee&nbsp;sa&nbsp;s&nbsp;ministrom \u0161kolstva porozpr\u00e1va <em>\u201eo potrebe op\u00e4\u0165 vr\u00e1ti\u0165 do&nbsp;\u0161kolsk\u00fdch osnov diela na\u0161ich, teda sovietskych klasikov, ktor\u00e9 vytv\u00e1rali verejn\u00e9 a&nbsp;historick\u00e9 povedomie cel\u00fdch gener\u00e1ci\u00ed\u201c<\/em>.<\/p>\n<p style=\"text-align: right;\"><small>&mdash;&nbsp;<a href=\"https:\/\/tass.ru\/obschestvo\/16855257\" target=\"_blank\" rel=\"noopener\">TASS<\/a> a&nbsp;<a href=\"https:\/\/theins.ru\/news\/258747\" target=\"_blank\" rel=\"noopener\">The Insider<\/a><\/small><\/p>\n<div class=\"gca-utility clearfix\"><\/div>\n<div class=\"gca-utility vertical-spacer\"><\/div>\n<p><center><span class=\"fullscreen\"><script type=\"text\/javascript\" src=\"\/\/partner.mrtns.eu\/banners\/banner.js?type=banner&#038;brand_id=1&#038;uItem=652203&#038;size=full&#038;show_price=0&#038;color=orange&#038;z=WLGC7F\"><\/script><\/span><\/center><\/p>\n","protected":false},"excerpt":{"rendered":"<p>Rusk\u00fd z\u00e1konodarca Dmitrij Vjatkin navrhol \u0160t\u00e1tnej dume vyradi\u0165 zo&nbsp;\u0161kolsk\u00fdch osnov knihy, ktor\u00e9 nepre\u0161li \u201esk\u00fa\u0161kou \u010dasu\u201c a&nbsp;\u201enezodpovedaj\u00fa skuto\u010dnosti\u201c. Ako pr\u00edklad uviedol trojzv\u00e4zkov\u00fd titul S\u00faostrovie Gulag rusk\u00e9ho spisovate\u013ea Alexandra Sol\u017eenicyna, informovala o&nbsp;tom agent\u00fara TASS. <a href=\"https:\/\/literarnenoviny.sk\/servis\/rusky-zakonodarca-chce-zo-skolskych-osnov-vyradit-solzenicynove-suostrovie-gulag\/\" class=\"more-link\">Cel\u00e1 spr\u00e1va <span class=\"meta-nav\">&rarr;<\/span><\/a><\/p>\n","protected":false},"author":2,"featured_media":0,"comment_status":"closed","ping_status":"closed","sticky":false,"template":"","format":"standard","meta":{"_links_to":"","_links_to_target":""},"categories":[1],"tags":[37,166,5,22,176],"_links":{"self":[{"href":"https:\/\/literarnenoviny.sk\/servis\/wp-json\/wp\/v2\/posts\/21821"}],"collection":[{"href":"https:\/\/literarnenoviny.sk\/servis\/wp-json\/wp\/v2\/posts"}],"about":[{"href":"https:\/\/literarnenoviny.sk\/servis\/wp-json\/wp\/v2\/types\/post"}],"author":[{"embeddable":true,"href":"https:\/\/literarnenoviny.sk\/servis\/wp-json\/wp\/v2\/users\/2"}],"replies":[{"embeddable":true,"href":"https:\/\/literarnenoviny.sk\/servis\/wp-json\/wp\/v2\/comments?post=21821"}],"version-history":[{"count":0,"href":"https:\/\/literarnenoviny.sk\/servis\/wp-json\/wp\/v2\/posts\/21821\/revisions"}],"wp:attachment":[{"href":"https:\/\/literarnenoviny.sk\/servis\/wp-json\/wp\/v2\/media?parent=21821"}],"wp:term":[{"taxonomy":"category","embeddable":true,"href":"https:\/\/literarnenoviny.sk\/servis\/wp-json\/wp\/v2\/categories?post=21821"},{"taxonomy":"post_tag","embeddable":true,"href":"https:\/\/literarnenoviny.sk\/servis\/wp-json\/wp\/v2\/tags?post=21821"}],"curies":[{"name":"wp","href":"https:\/\/api.w.org\/{rel}","templated":true}]}}