{"id":21705,"date":"2023-01-13T10:00:07","date_gmt":"2023-01-13T09:00:07","guid":{"rendered":"https:\/\/literarnenoviny.sk\/servis\/?p=21705"},"modified":"2023-02-02T00:36:41","modified_gmt":"2023-02-01T23:36:41","slug":"nemci-si-v-uplynulom-roku-kupovali-menej-knih-stupol-vsak-ich-zaujem-o-beletriu","status":"publish","type":"post","link":"https:\/\/literarnenoviny.sk\/servis\/nemci-si-v-uplynulom-roku-kupovali-menej-knih-stupol-vsak-ich-zaujem-o-beletriu\/","title":{"rendered":"Nemci si v&nbsp;uplynulom roku kupovali menej kn\u00edh, st\u00fapol v\u0161ak ich z\u00e1ujem o&nbsp;beletriu"},"content":{"rendered":"<p><strong>Nemci si vlani k\u00fapili menej kn\u00edh ne\u017e v&nbsp;roku predch\u00e1dzaj\u00facom, st\u00fapol v\u0161ak ich z\u00e1ujem o&nbsp;beletriu<\/strong>. Kni\u017en\u00fd trh v&nbsp;krajine medziro\u010dne poklesol o&nbsp;2,1 percenta a&nbsp;po\u010det predan\u00fdch kn\u00edh bol ni\u017e\u0161\u00ed o&nbsp;3 percent\u00e1. Pod\u013ea Zv\u00e4zu nemeck\u00fdch kn\u00edhkupcov \u010ditatelia pre&nbsp;infl\u00e1ciu teraz pri n\u00e1kupe kn\u00edh <em>\u201eobracaj\u00fa ka\u017ed\u00e9 euro dvakr\u00e1t\u201c<\/em>.<\/p>\n<p>Pokles tr\u017eieb sa&nbsp;prejavil predov\u0161etk\u00fdm v&nbsp;internetovom predaji, kamenn\u00fdm kn\u00edhkupectv\u00e1m toti\u017e obrat medziro\u010dne st\u00fapol o&nbsp;4,8 percenta.<\/p>\n<p><center><div class=\"gca-utility vertical-spacer\"><\/div> <\/p>\n<blockquote class=\"twitter-tweet\">\n<p lang=\"de\" dir=\"ltr\">Buchmarkt 2022: Zwischen Krise und Konsolidierung <a href=\"https:\/\/t.co\/hCZD69Pccv\">https:\/\/t.co\/hCZD69Pccv<\/a> <a href=\"https:\/\/twitter.com\/hashtag\/Buchmarkt?src=hash&amp;ref_src=twsrc%5Etfw\">#Buchmarkt<\/a> <a href=\"https:\/\/twitter.com\/hashtag\/Buchbranche?src=hash&amp;ref_src=twsrc%5Etfw\">#Buchbranche<\/a> <a href=\"https:\/\/twitter.com\/hashtag\/Inflation?src=hash&amp;ref_src=twsrc%5Etfw\">#Inflation<\/a><\/p>\n<p>&mdash; tagesschau (@tagesschau) <a href=\"https:\/\/twitter.com\/tagesschau\/status\/1613156532744503296?ref_src=twsrc%5Etfw\">January 11, 2023<\/a><\/p><\/blockquote>\n<p> <script async src=\"https:\/\/platform.twitter.com\/widgets.js\" charset=\"utf-8\"><\/script>  <div class=\"gca-utility vertical-spacer\"><\/div><\/center><\/p>\n<p><em>\u201eRok 2022 bol pre&nbsp;kni\u017en\u00fd trh n\u00e1ro\u010dn\u00fd,\u201c<\/em> uviedla prezidentka Zv\u00e4zu nemeck\u00fdch kn\u00edhkupcov Karin Schmidt-Friderichsov\u00e1. Odvetvie pod\u013ea nej \u010del\u00ed \u010fal\u0161ej kr\u00edze najm\u00e4 pre&nbsp;spretrhan\u00e9 dod\u00e1vate\u013esk\u00e9 re\u0165azce, rast\u00face n\u00e1klady, energetick\u00fa kr\u00edzu a&nbsp;n\u00e1sledn\u00fd v\u00fdrazn\u00fd pokles predaja. <\/p>\n<p>Po relat\u00edvne \u00faspe\u0161nom roku 2021 sa&nbsp;tak vlani tr\u017eby, vr\u00e1tane internetov\u00fdch predajov na&nbsp;Amazone, na&nbsp;predpandemick\u00fa \u00farove\u0148 nevr\u00e1tili. Ide zatia\u013e len o&nbsp;predbe\u017en\u00e9 \u00fadaje. Zv\u00e4z nemeck\u00fdch kn\u00edhkupcov presn\u00e9 \u010d\u00edsla zverejn\u00ed a\u017e v&nbsp;lete.<\/p>\n<p>Najpred\u00e1vanej\u0161ou knihou v&nbsp;Nemecku bol v&nbsp;roku 2022 rom\u00e1n <em><strong><a href=\"https:\/\/www.amazon.de\/Eine-Frage-Chemie-Neuerscheinung-Jahres\/dp\/3492071090\" rel=\"noopener\" target=\"_blank\">Eine Frage der Chemie<\/a><\/strong><\/em> od&nbsp;americkej autorky <a href=\"https:\/\/www.bonniegarmus.com\/\" rel=\"noopener\" target=\"_blank\">Bonnie Garmusovej<\/a>, ktor\u00fa 24.&nbsp;janu\u00e1ra pod n\u00e1zvom <em><strong><a href=\"https:\/\/www.martinus.sk\/?uItem=1775683&#038;z=WLGC7F&#038;utm_source=z%3DWLGC7F&#038;utm_medium=url&#038;utm_campaign=partner\" rel=\"noopener\" target=\"_blank\">Hodina ch\u00e9mie<\/a><\/strong> (Lessons in Chemistry, 2022)<\/em> vyd\u00e1 v&nbsp;slovenskom preklade Jany Seichertovej vydavate\u013estvo <a href=\"https:\/\/ikar.sk\" rel=\"noopener\" target=\"_blank\">Ikar<\/a>.<\/p>\n<p>Pr\u00edbeh odohr\u00e1vaj\u00faci sa&nbsp;za\u010diatkom 60.&nbsp;rokov minul\u00e9ho storo\u010dia je&nbsp;o&nbsp;\u017eene, ktor\u00e1 po&nbsp;smrti partnera pr\u00edde pre&nbsp;tehotenstvo o&nbsp;pr\u00e1cu vo&nbsp;v\u00fdskumnom \u00fastave a&nbsp;pre&nbsp;telev\u00edziu rob\u00ed program o&nbsp;varen\u00ed, v&nbsp;ktorom nab\u00e1da, aby sa&nbsp;<em>status quo<\/em> zmenilo. <\/p>\n<p>Pod\u013ea kni\u017en\u00e9ho bestselleru vznik\u00e1 aj <a href=\"https:\/\/www.apple.com\/tv-pr\/news\/2022\/08\/apple-tv-shares-first-look-at-lessons-in-chemistry-new-drama-series-starring-and-executive-produced-by-academy-award-winner-brie-larson\/\" rel=\"noopener\" target=\"_blank\">telev\u00edzny seri\u00e1l<\/a> s&nbsp;americkou here\u010dkou <a href=\"https:\/\/sk.wikipedia.org\/wiki\/Brie_Larson\" rel=\"noopener\" target=\"_blank\">Brie Larsonovou<\/a> v&nbsp;hlavnej \u00falohe.<\/p>\n<p style=\"text-align: right;\"><small>&mdash;&nbsp;<a href=\"https:\/\/www.tagesschau.de\/wirtschaft\/unternehmen\/buchbranche-inflation-101.html\" target=\"_blank\" rel=\"noopener\">ARD Tagesschau<\/a><\/small><\/p>\n<div class=\"gca-utility clearfix\"><\/div>\n<div class=\"gca-utility vertical-spacer\"><\/div>\n<p><center><span class=\"fullscreen\"><script type=\"text\/javascript\" src=\"\/\/partner.mrtns.eu\/banners\/banner.js?type=banner&#038;brand_id=1&#038;uItem=1775683&#038;size=full&#038;show_price=0&#038;color=blue&#038;z=WLGC7F\"><\/script><\/span><\/center><\/p>\n","protected":false},"excerpt":{"rendered":"<p>Nemci si vlani k\u00fapili menej kn\u00edh ne\u017e v&nbsp;roku predch\u00e1dzaj\u00facom, st\u00fapol v\u0161ak ich z\u00e1ujem o&nbsp;beletriu. Kni\u017en\u00fd trh v&nbsp;krajine medziro\u010dne poklesol o&nbsp;2,1 percenta a&nbsp;po\u010det predan\u00fdch kn\u00edh bol ni\u017e\u0161\u00ed o&nbsp;3 percent\u00e1. Pod\u013ea Zv\u00e4zu nemeck\u00fdch kn\u00edhkupcov \u010ditatelia pre&nbsp;infl\u00e1ciu teraz pri n\u00e1kupe kn\u00edh obracaj\u00fa ka\u017ed\u00e9 euro dvakr\u00e1t. <a href=\"https:\/\/literarnenoviny.sk\/servis\/nemci-si-v-uplynulom-roku-kupovali-menej-knih-stupol-vsak-ich-zaujem-o-beletriu\/\" class=\"more-link\">Cel\u00e1 spr\u00e1va <span class=\"meta-nav\">&rarr;<\/span><\/a><\/p>\n","protected":false},"author":2,"featured_media":0,"comment_status":"closed","ping_status":"closed","sticky":false,"template":"","format":"standard","meta":{"_links_to":"","_links_to_target":""},"categories":[1],"tags":[14,12,8],"_links":{"self":[{"href":"https:\/\/literarnenoviny.sk\/servis\/wp-json\/wp\/v2\/posts\/21705"}],"collection":[{"href":"https:\/\/literarnenoviny.sk\/servis\/wp-json\/wp\/v2\/posts"}],"about":[{"href":"https:\/\/literarnenoviny.sk\/servis\/wp-json\/wp\/v2\/types\/post"}],"author":[{"embeddable":true,"href":"https:\/\/literarnenoviny.sk\/servis\/wp-json\/wp\/v2\/users\/2"}],"replies":[{"embeddable":true,"href":"https:\/\/literarnenoviny.sk\/servis\/wp-json\/wp\/v2\/comments?post=21705"}],"version-history":[{"count":0,"href":"https:\/\/literarnenoviny.sk\/servis\/wp-json\/wp\/v2\/posts\/21705\/revisions"}],"wp:attachment":[{"href":"https:\/\/literarnenoviny.sk\/servis\/wp-json\/wp\/v2\/media?parent=21705"}],"wp:term":[{"taxonomy":"category","embeddable":true,"href":"https:\/\/literarnenoviny.sk\/servis\/wp-json\/wp\/v2\/categories?post=21705"},{"taxonomy":"post_tag","embeddable":true,"href":"https:\/\/literarnenoviny.sk\/servis\/wp-json\/wp\/v2\/tags?post=21705"}],"curies":[{"name":"wp","href":"https:\/\/api.w.org\/{rel}","templated":true}]}}