{"id":2153,"date":"2018-02-27T13:00:11","date_gmt":"2018-02-27T12:00:11","guid":{"rendered":"https:\/\/literarnenoviny.sk\/servis\/?p=2153"},"modified":"2018-02-27T22:04:32","modified_gmt":"2018-02-27T21:04:32","slug":"pamate-jeana-marieho-le-pena-sa-rozobrali-este-pred-zaciatkom-predaja","status":"publish","type":"post","link":"https:\/\/literarnenoviny.sk\/servis\/pamate-jeana-marieho-le-pena-sa-rozobrali-este-pred-zaciatkom-predaja\/","title":{"rendered":"Pam\u00e4te Jeana-Marieho Le&nbsp;Pena sa&nbsp;rozobrali e\u0161te pred za\u010diatkom predaja"},"content":{"rendered":"<p><strong>Prv\u00fd diel franc\u00fazskeho papierov\u00e9ho vydania pam\u00e4t\u00ed <a href=\"https:\/\/sk.wikipedia.org\/wiki\/Jean-Marie_Le_Pen\" rel=\"noopener\" target=\"_blank\">Jeana-Marieho Le&nbsp;Pena<\/a> Syn n\u00e1roda sa&nbsp;rozobral e\u0161te pred za\u010diatkom ofici\u00e1lneho predaja<\/strong>. <\/p>\n<p>Zakladate\u013e franc\u00fazskej extr\u00e9mnej pravicovej strany N\u00e1rodn\u00fd front v&nbsp;\u0148om opisuje svoj \u017eivot od&nbsp;narodenia a\u017e po&nbsp;zalo\u017eenie strany v&nbsp;roku 1972. Jean-Marie Le&nbsp;Pen v&nbsp;knihe napr\u00edklad obhajuje predstavite\u013ea <a href=\"https:\/\/sk.wikipedia.org\/wiki\/Franc\u00fazsky_\u0161t\u00e1t\" rel=\"noopener\" target=\"_blank\">Vichystick\u00e9ho Franc\u00fazska<\/a> mar\u0161\u00e1la P\u00e9taina.<\/p>\n<p><center><\/p>\n<blockquote class=\"twitter-tweet\" data-lang=\"sk\">\n<p lang=\"fr\" dir=\"ltr\">Heureux de&nbsp;voir que les m\u00e9moires de&nbsp;Jean-Marie LE&nbsp;PEN rencontrent un franc succ\u00e8s. Pas encore sortis et d\u00e9j\u00e0 n\u00b01 toutes cat\u00e9gories des ventes sur amazon. <a href=\"https:\/\/twitter.com\/hashtag\/MemoiresJMLP?src=hash&amp;ref_src=twsrc%5Etfw\">#MemoiresJMLP<\/a> <a href=\"https:\/\/twitter.com\/hashtag\/FilsDeLaNation?src=hash&amp;ref_src=twsrc%5Etfw\">#FilsDeLaNation<\/a> <a href=\"https:\/\/t.co\/emIp12c67D\">https:\/\/t.co\/emIp12c67D<\/a><\/p>\n<p>&mdash; Lorrain de&nbsp;Saint Affrique (@saintaff) <a href=\"https:\/\/twitter.com\/saintaff\/status\/968416682883665921?ref_src=twsrc%5Etfw\">27.&nbsp;febru\u00e1ra 2018<\/a><\/p><\/blockquote>\n<p><script async src=\"https:\/\/platform.twitter.com\/widgets.js\" charset=\"utf-8\"><\/script><\/center><\/p>\n<p>Titul <strong>Fils de&nbsp;la nation<\/strong> sa&nbsp;dostal medzi najpred\u00e1vanej\u0161ie knihy <a href=\"https:\/\/www.amazon.fr\/M\u00e9moires-Fils-nation-Jean-Marie-Pen\/dp\/B079B2ZDVN\/\" rel=\"noopener\" target=\"_blank\">franc\u00fazskeho Amazonu<\/a>. Prv\u00fd diel sa&nbsp;mal online za\u010da\u0165 distribuova\u0165 v&nbsp;stredu 27.&nbsp;febru\u00e1ra a&nbsp;v&nbsp;kamenn\u00fdch kn\u00edhkupectv\u00e1ch mal by\u0165 dostupn\u00fd od&nbsp;\u0161tvrtka. Rezerv\u00e1cie a&nbsp;predpredaj v\u0161ak u\u017e&nbsp;teraz prevy\u0161uj\u00fa p\u00f4vodne pl\u00e1novan\u00fd n\u00e1klad. Vydavate\u013estvo Muller preto u\u017e&nbsp;pripravuje jeho dotla\u010d.<\/p>\n<p>Druh\u00e1 \u010das\u0165 Le&nbsp;Penov\u00fdch memo\u00e1rov by mala vyjs\u0165 za\u010diatkom roku 2019.<\/p>\n<p style=\"text-align: right;\"><small><a href=\"http:\/\/www.lefigaro.fr\/flash-actu\/2018\/02\/27\/97001-20180227FILWWW00127-les-memoires-de-jean-marie-le-pen-epuisees-avant-leur-parution.php\" target=\"_blank\" rel=\"noopener\">Le Figaro<\/a><\/small><\/p>\n","protected":false},"excerpt":{"rendered":"<p>Prv\u00fd diel franc\u00fazskeho papierov\u00e9ho vydania pam\u00e4t\u00ed Jeana-Marieho Le&nbsp;Pena Syn n\u00e1roda sa&nbsp;rozobral e\u0161te pred za\u010diatkom ofici\u00e1lneho predaja. Zakladate\u013e franc\u00fazskej extr\u00e9mnej pravicovej Strany N\u00e1rodn\u00fd front v&nbsp;\u0148om opisuje svoj \u017eivot od&nbsp;narodenia a\u017e po&nbsp;zalo\u017eenie strany v&nbsp;roku 1972. <a href=\"https:\/\/literarnenoviny.sk\/servis\/pamate-jeana-marieho-le-pena-sa-rozobrali-este-pred-zaciatkom-predaja\/\" class=\"more-link\">Cel\u00e1 spr\u00e1va <span class=\"meta-nav\">&rarr;<\/span><\/a><\/p>\n","protected":false},"author":2,"featured_media":0,"comment_status":"closed","ping_status":"closed","sticky":false,"template":"","format":"standard","meta":{"_links_to":"","_links_to_target":""},"categories":[1],"tags":[11,80,8],"_links":{"self":[{"href":"https:\/\/literarnenoviny.sk\/servis\/wp-json\/wp\/v2\/posts\/2153"}],"collection":[{"href":"https:\/\/literarnenoviny.sk\/servis\/wp-json\/wp\/v2\/posts"}],"about":[{"href":"https:\/\/literarnenoviny.sk\/servis\/wp-json\/wp\/v2\/types\/post"}],"author":[{"embeddable":true,"href":"https:\/\/literarnenoviny.sk\/servis\/wp-json\/wp\/v2\/users\/2"}],"replies":[{"embeddable":true,"href":"https:\/\/literarnenoviny.sk\/servis\/wp-json\/wp\/v2\/comments?post=2153"}],"version-history":[{"count":0,"href":"https:\/\/literarnenoviny.sk\/servis\/wp-json\/wp\/v2\/posts\/2153\/revisions"}],"wp:attachment":[{"href":"https:\/\/literarnenoviny.sk\/servis\/wp-json\/wp\/v2\/media?parent=2153"}],"wp:term":[{"taxonomy":"category","embeddable":true,"href":"https:\/\/literarnenoviny.sk\/servis\/wp-json\/wp\/v2\/categories?post=2153"},{"taxonomy":"post_tag","embeddable":true,"href":"https:\/\/literarnenoviny.sk\/servis\/wp-json\/wp\/v2\/tags?post=2153"}],"curies":[{"name":"wp","href":"https:\/\/api.w.org\/{rel}","templated":true}]}}