{"id":21520,"date":"2023-01-01T18:00:08","date_gmt":"2023-01-01T17:00:08","guid":{"rendered":"https:\/\/literarnenoviny.sk\/servis\/?p=21520"},"modified":"2023-01-02T11:58:07","modified_gmt":"2023-01-02T10:58:07","slug":"prezidentka-vyznamenala-in-memoriam-slovensku-spisovatelku-a-novinarku-hanu-gregorovu","status":"publish","type":"post","link":"https:\/\/literarnenoviny.sk\/servis\/prezidentka-vyznamenala-in-memoriam-slovensku-spisovatelku-a-novinarku-hanu-gregorovu\/","title":{"rendered":"Prezidentka vyznamenala in memoriam slovensk\u00fa spisovate\u013eku Hanu Gregorov\u00fa"},"content":{"rendered":"<p><strong>Slovensk\u00e1 prezidentka <a href=\"https:\/\/sk.wikipedia.org\/wiki\/Zuzana_\u010caputov\u00e1\" rel=\"noopener\" target=\"_blank\">Zuzana \u010caputov\u00e1<\/a> udelila vysok\u00e9 \u0161t\u00e1tne vyznamenanie in memoriam spisovate\u013eke a&nbsp;novin\u00e1rke <a href=\"https:\/\/sk.wikipedia.org\/wiki\/Hana_Gregorov\u00e1_(spisovate\u013eka)\" rel=\"noopener\" target=\"_blank\">Hane Gregorovej<\/a><\/strong>, man\u017eelke zn\u00e1meho prozaika a&nbsp;dramatika Jozefa Gregora Tajovsk\u00e9ho. Ocenen\u00e1 publicistka v&nbsp;prvej polovici 20.&nbsp;storo\u010dia verejne presadzovala pr\u00e1va \u017eien a&nbsp;ich emancip\u00e1ciu.<\/p>\n<p>Pri pr\u00edle\u017eitosti 30.&nbsp;v\u00fdro\u010dia <a href=\"https:\/\/www.webnoviny.sk\/v-prvych-hodinach-existencie-samostatnej-slovenskej-republiky-ju-diplomaticky-uznalo-devatdesiattri-statov\/\" rel=\"noopener\" target=\"_blank\">vzniku samostatnej Slovenskej republiky<\/a> udelila prezidentka ve\u010der 1.&nbsp;janu\u00e1ra \u0161t\u00e1tne vyznamenania celkom 28 osobnostiam.<\/p>\n<p><center><div class=\"gca-utility vertical-spacer\"><\/div><iframe loading=\"lazy\" src=\"https:\/\/www.facebook.com\/plugins\/post.php?href=https%3A%2F%2Fwww.facebook.com%2Fvelkiludiazmalejkrajiny%2Fposts%2Fpfbid02o8WFUnUKDd2W3waErEJ15rapoZPNc3GF3GaxQSf9FJtrcwsB8rhfmCo3cqc25Uu9l&#038;width=460&#038;show_text=true&#038;appId=2424319851126972&#038;height=498\" width=\"460\" height=\"498\" style=\"border:none;overflow:hidden\" scrolling=\"no\" frameborder=\"0\" allowfullscreen=\"true\" allow=\"autoplay; clipboard-write; encrypted-media; picture-in-picture; web-share\"><\/iframe><div class=\"gca-utility vertical-spacer\"><\/div><\/center><\/p>\n<p><strong>Hana Gregorov\u00e1<\/strong> roden\u00e1 <strong><a href=\"https:\/\/sk.wikipedia.org\/wiki\/Hana_Gregorov\u00e1_(spisovate\u013eka)\" rel=\"noopener\" target=\"_blank\">Lilgov\u00e1<\/a><\/strong> <em>(1885-1958)<\/em> sa&nbsp;okrem liter\u00e1rnej tvorby podie\u013eala aj na&nbsp;zalo\u017een\u00ed Umeleckej besedy, z\u00fa\u010dast\u0148ovala sa&nbsp;na&nbsp;stretnutiach \u017eensk\u00e9ho spolku <a href=\"https:\/\/zivena.net\/\" rel=\"noopener\" target=\"_blank\">\u017divena<\/a> a&nbsp;bojovala za&nbsp;pr\u00e1va \u017eien. Po\u010das druhej svetovej vojny p\u00f4sobila v&nbsp;ileg\u00e1lnej protifa\u0161istickej rade \u017eien.<\/p>\n<p>Rad \u013dudov\u00edta \u0160t\u00fara II. triedy, ktor\u00fd jej bol udelen\u00fd za&nbsp;mimoriadne z\u00e1sluhy o&nbsp;\u013eudsk\u00e9 pr\u00e1va a&nbsp;slobody a&nbsp;ich ochranu, si za&nbsp;ocenen\u00fa prevzal jej pravnuk Ond\u0159ej Pr\u00e1\u0161il.<\/p>\n<p>Okrem Hany Gregorovej prezidentka Slovenskej republiky udelila Rad \u013dudov\u00edta \u0160t\u00fara III. triedy in memorial u\u010dite\u013eovi a&nbsp;r\u00f3mskemu autorovi <a href=\"https:\/\/sk.wikipedia.org\/wiki\/\u013dudov\u00edt_Didi\" rel=\"noopener\" target=\"_blank\"><strong>\u013dudov\u00edtovi Didimu<\/strong><\/a> <em>(1931-2013)<\/em> a&nbsp;Pribinov kr\u00ed\u017e II. triedy slovenskej poetke <a href=\"https:\/\/sk.wikipedia.org\/wiki\/Mila_Haugov\u00e1\" rel=\"noopener\" target=\"_blank\"><strong>Em\u00edlii Haugovej<\/strong><\/a>.<\/p>\n<p>Rad \u013dudov\u00edta \u0160t\u00fara II. triedy prezidentka udelila tie\u017e divadeln\u00e9mu re\u017eis\u00e9rovi <strong><a href=\"https:\/\/sk.wikipedia.org\/wiki\/\u013dubom\u00edr_Vajdi\u010dka\" rel=\"noopener\" target=\"_blank\">\u013dubom\u00edrovi Vajdi\u010dkovi<\/a><\/strong> a&nbsp;Rad \u013dudov\u00edta \u0160t\u00fara III. in memorial dlhoro\u010dn\u00e9mu hercovi \u010dinohry niekdaj\u0161ieho Ukrajinsk\u00e9ho n\u00e1rodn\u00e9ho divadla <em>(dnes <a href=\"http:\/\/www.divadload.sk\/\" rel=\"noopener\" target=\"_blank\">Divadlo Alexandra Duchnovi\u010da<\/a>)<\/em> v&nbsp;Pre\u0161ove <strong><a href=\"https:\/\/www.rusyn.sk\/mikulas-las-26111933-10042008\/\" rel=\"noopener\" target=\"_blank\">Mikul\u00e1\u0161ovi \u013da\u0161ovi<\/a><\/strong> <em>(1933-2008)<\/em>.<\/p>\n<p style=\"text-align: right;\"><small>&mdash;&nbsp;<a href=\"https:\/\/www.prezident.sk\/\" target=\"_blank\" rel=\"noopener\">Kancel\u00e1ria prezidenta SR<\/a><\/small><\/p>\n<div class=\"gca-utility clearfix\"><\/div>\n<div class=\"gca-utility vertical-spacer\"><\/div>\n<p><center><span class=\"fullscreen\"><a href=\"\/\/www.martinus.sk\/?z=WLGC7F&#038;utm_source=z%3DWLGC7F&#038;utm_medium=banner1_468x60&#038;utm_campaign=partner\"><img decoding=\"async\" src=\"\/\/www.martinus.sk\/images\/banners\/468x60_red.jpg\" alt=\"www.martinus.sk\" \/><\/a><\/span><\/center><\/p>\n","protected":false},"excerpt":{"rendered":"<p>Slovensk\u00e1 prezidentka Zuzana \u010caputov\u00e1 udelila vysok\u00e9 \u0161t\u00e1tne vyznamenanie in memoriam spisovate\u013eke a&nbsp;novin\u00e1rke Hane Gregorovej, man\u017eelke zn\u00e1meho prozaika a&nbsp;dramatika Jozefa Gregora Tajovsk\u00e9ho. Ocenen\u00e1 publicistka v&nbsp;prvej polovici 20.&nbsp;storo\u010dia verejne presadzovala pr\u00e1va \u017eien a&nbsp;ich emancip\u00e1ciu. <a href=\"https:\/\/literarnenoviny.sk\/servis\/prezidentka-vyznamenala-in-memoriam-slovensku-spisovatelku-a-novinarku-hanu-gregorovu\/\" class=\"more-link\">Cel\u00e1 spr\u00e1va <span class=\"meta-nav\">&rarr;<\/span><\/a><\/p>\n","protected":false},"author":2,"featured_media":0,"comment_status":"closed","ping_status":"closed","sticky":false,"template":"","format":"standard","meta":{"_links_to":"","_links_to_target":""},"categories":[1],"tags":[5,3,21],"_links":{"self":[{"href":"https:\/\/literarnenoviny.sk\/servis\/wp-json\/wp\/v2\/posts\/21520"}],"collection":[{"href":"https:\/\/literarnenoviny.sk\/servis\/wp-json\/wp\/v2\/posts"}],"about":[{"href":"https:\/\/literarnenoviny.sk\/servis\/wp-json\/wp\/v2\/types\/post"}],"author":[{"embeddable":true,"href":"https:\/\/literarnenoviny.sk\/servis\/wp-json\/wp\/v2\/users\/2"}],"replies":[{"embeddable":true,"href":"https:\/\/literarnenoviny.sk\/servis\/wp-json\/wp\/v2\/comments?post=21520"}],"version-history":[{"count":0,"href":"https:\/\/literarnenoviny.sk\/servis\/wp-json\/wp\/v2\/posts\/21520\/revisions"}],"wp:attachment":[{"href":"https:\/\/literarnenoviny.sk\/servis\/wp-json\/wp\/v2\/media?parent=21520"}],"wp:term":[{"taxonomy":"category","embeddable":true,"href":"https:\/\/literarnenoviny.sk\/servis\/wp-json\/wp\/v2\/categories?post=21520"},{"taxonomy":"post_tag","embeddable":true,"href":"https:\/\/literarnenoviny.sk\/servis\/wp-json\/wp\/v2\/tags?post=21520"}],"curies":[{"name":"wp","href":"https:\/\/api.w.org\/{rel}","templated":true}]}}