{"id":21347,"date":"2022-12-10T10:50:58","date_gmt":"2022-12-10T09:50:58","guid":{"rendered":"https:\/\/literarnenoviny.sk\/servis\/?p=21347"},"modified":"2022-12-29T00:00:43","modified_gmt":"2022-12-28T23:00:43","slug":"vo-veku-76-rokov-zomrela-slovenska-divadelna-a-filmova-herecka-sona-valentova","status":"publish","type":"post","link":"https:\/\/literarnenoviny.sk\/servis\/vo-veku-76-rokov-zomrela-slovenska-divadelna-a-filmova-herecka-sona-valentova\/","title":{"rendered":"Vo veku 76 rokov zomrela slovensk\u00e1 divadeln\u00e1 a&nbsp;filmov\u00e1 here\u010dka So\u0148a Valentov\u00e1"},"content":{"rendered":"<p><strong>Vo veku 76 rokov zomrela slovensk\u00e1 divadeln\u00e1 a&nbsp;filmov\u00e1 here\u010dka <a href=\"https:\/\/sk.wikipedia.org\/wiki\/So\u0148a_Valentova\" rel=\"noopener\" target=\"_blank\">So\u0148a Valentov\u00e1<\/a><\/strong>. Predstavite\u013eka \u00faspe\u0161nej hereckej gener\u00e1cie stv\u00e1rnila na&nbsp;dosk\u00e1ch prvej sc\u00e9ny desiatky \u00faloh zlo\u017eit\u00fdch \u017eensk\u00fdch charakterov. O&nbsp;smrti umelkyne informovala na&nbsp;soci\u00e1lnej sieti \u0161\u00e9fka kult\u00farneho oddelenia Bratislavskej \u017eupy. <\/p>\n<p><em>\u201eOdch\u00e1dza detstvo mojej gener\u00e1cie. Odi\u0161la skvel\u00e1 here\u010dka. RIP So\u0148a Valentov\u00e1,\u201c<\/em> nap\u00edsala Svetlana Waradzinov\u00e1.<\/p>\n<p><center><div class=\"gca-utility vertical-spacer\"><\/div><iframe loading=\"lazy\" src=\"https:\/\/www.facebook.com\/plugins\/post.php?href=https%3A%2F%2Fwww.facebook.com%2Fpravdadennik%2Fposts%2Fpfbid02wtY7oJfky28jtTqn4nE6cCPanbAJEVniJgNPponhquFR4TSoxhaKABZgjY8G1R2Hl&#038;width=460&#038;show_text=true&#038;appId=2424319851126972&#038;height=499\" width=\"460\" height=\"499\" style=\"border:none;overflow:hidden\" scrolling=\"no\" frameborder=\"0\" allowfullscreen=\"true\" allow=\"autoplay; clipboard-write; encrypted-media; picture-in-picture; web-share\"><\/iframe><div class=\"gca-utility vertical-spacer\"><\/div><\/center><\/p>\n<p>So\u0148a Valentov\u00e1 sa&nbsp;narodila sa&nbsp;3.&nbsp;j\u00fana 1946 v&nbsp;Trnave, jej dve star\u0161ie sestry zahynuli v&nbsp;koncentra\u010dnom t\u00e1bore v&nbsp;Osvien\u010dime. Po&nbsp;\u0161t\u00fadiu herectva na&nbsp;bratislavskej Vysokej \u0161kole m\u00fazick\u00fdch umen\u00ed za\u010dala v&nbsp;roku 1967 svoju hereck\u00fa kari\u00e9ru v&nbsp;Slovenskom n\u00e1rodnom divadle. Na&nbsp;svojej <em>alma mater<\/em> nesk\u00f4r vy\u0161tudovala aj telev\u00edznu r\u00e9\u017eiu.<\/p>\n<p>Ako za\u010d\u00ednaj\u00faca here\u010dka zaujala stv\u00e1rnen\u00edm postavy Alison Porterovej v&nbsp;divadelnej hre <a href=\"https:\/\/cs.wikipedia.org\/wiki\/John_Osborne\" rel=\"noopener\" target=\"_blank\">Johna Osborna<\/a> <em><strong>Obzri sa&nbsp;v&nbsp;hneve<\/strong> (Look Back in Anger, 1956)<\/em>. Na&nbsp;javisku excelovala najm\u00e4 v&nbsp;klasick\u00fdch dramatick\u00fdch postav\u00e1ch v&nbsp;hr\u00e1ch <em><strong>Antigona<\/strong><\/em>, <em><strong>Othelo<\/strong><\/em>, <em><strong>Ma\u010dka na&nbsp;rozp\u00e1lenej plechovej streche<\/strong><\/em> \u010di&nbsp;<em><strong>Zlo\u010din a&nbsp;trest<\/strong><\/em>.<\/p>\n<p>Na filmovom pl\u00e1tne So\u0148a Valentov\u00e1 debutovala v&nbsp;roku 1969 v&nbsp;dr\u00e1me \u010desk\u00e9ho re\u017eis\u00e9ra Otakara V\u00e1vru <em><strong><a href=\"https:\/\/www.csfd.sk\/film\/9455-kladivo-na-carodejnice\/prehlad\/\" rel=\"noopener\" target=\"_blank\">Kladivo na&nbsp;\u010darodejnice<\/a><\/strong><\/em>. Nakr\u00fatila 15 hran\u00fdch celove\u010dern\u00fdch filmov a&nbsp;takmer 150 telev\u00edznych filmov a&nbsp;inscen\u00e1ci\u00ed. <\/p>\n<p>Zosnul\u00e1 here\u010dka je&nbsp;dr\u017eite\u013ekou divadelnej ceny Janka Borod\u00e1\u010da <em>(1970)<\/em> a&nbsp;telev\u00edznej ceny Zlat\u00fd krokod\u00edl (1975). V&nbsp;roku 2006 z\u00edskala jedno z&nbsp;najvy\u0161\u0161\u00edch \u0161t\u00e1tnych vyznamenan\u00ed \u2013 Rad \u013dudov\u00edta \u0160t\u00fara II. triedy za&nbsp;z\u00e1sluhy v&nbsp;oblasti kult\u00fary.<\/p>\n<p style=\"text-align: right;\"><small>&mdash;&nbsp;<a href=\"https:\/\/www.topky.sk\/cl\/100313\/2430533\/Slovensko-v-smutku--Zomrela-herecka-Sona-Valentova---76--\" target=\"_blank\" rel=\"noopener\">Topky.sk<\/a> a&nbsp;<a href=\"https:\/\/www.webnoviny.sk\/vo-veku-76-rokov-zomrela-slovenska-herecka-sona-valentova\/\" target=\"_blank\" rel=\"noopener\">SITA Webnoviny<\/a><\/small><\/p>\n<div class=\"gca-utility clearfix\"><\/div>\n<div class=\"gca-utility vertical-spacer\"><\/div>\n<p><center><span class=\"fullscreen\"><a href=\"\/\/www.martinus.sk\/?z=WLGC7F&#038;utm_source=z%3DWLGC7F&#038;utm_medium=banner1_468x60&#038;utm_campaign=partner\"><img decoding=\"async\" src=\"\/\/www.martinus.sk\/images\/banners\/468x60.jpg\" alt=\"www.martinus.sk\" \/><\/a><\/span><\/center><\/p>\n","protected":false},"excerpt":{"rendered":"<p>Vo veku 76 rokov zomrela slovensk\u00e1 divadeln\u00e1 a&nbsp;filmov\u00e1 here\u010dka So\u0148a Valentov\u00e1. Predstavite\u013eka \u00faspe\u0161nej hereckej gener\u00e1cie stv\u00e1rnila na&nbsp;dosk\u00e1ch prvej sc\u00e9ny desiatky \u00faloh zlo\u017eit\u00fdch \u017eensk\u00fdch charakterov. O&nbsp;smrti umelkyne informovala na&nbsp;soci\u00e1lnej sieti \u0161\u00e9fka kult\u00farneho oddelenia Bratislavskej \u017eupy. <a href=\"https:\/\/literarnenoviny.sk\/servis\/vo-veku-76-rokov-zomrela-slovenska-divadelna-a-filmova-herecka-sona-valentova\/\" class=\"more-link\">Cel\u00e1 spr\u00e1va <span class=\"meta-nav\">&rarr;<\/span><\/a><\/p>\n","protected":false},"author":2,"featured_media":0,"comment_status":"closed","ping_status":"closed","sticky":false,"template":"","format":"standard","meta":{"_links_to":"","_links_to_target":""},"categories":[1],"tags":[2,16,3,209],"_links":{"self":[{"href":"https:\/\/literarnenoviny.sk\/servis\/wp-json\/wp\/v2\/posts\/21347"}],"collection":[{"href":"https:\/\/literarnenoviny.sk\/servis\/wp-json\/wp\/v2\/posts"}],"about":[{"href":"https:\/\/literarnenoviny.sk\/servis\/wp-json\/wp\/v2\/types\/post"}],"author":[{"embeddable":true,"href":"https:\/\/literarnenoviny.sk\/servis\/wp-json\/wp\/v2\/users\/2"}],"replies":[{"embeddable":true,"href":"https:\/\/literarnenoviny.sk\/servis\/wp-json\/wp\/v2\/comments?post=21347"}],"version-history":[{"count":0,"href":"https:\/\/literarnenoviny.sk\/servis\/wp-json\/wp\/v2\/posts\/21347\/revisions"}],"wp:attachment":[{"href":"https:\/\/literarnenoviny.sk\/servis\/wp-json\/wp\/v2\/media?parent=21347"}],"wp:term":[{"taxonomy":"category","embeddable":true,"href":"https:\/\/literarnenoviny.sk\/servis\/wp-json\/wp\/v2\/categories?post=21347"},{"taxonomy":"post_tag","embeddable":true,"href":"https:\/\/literarnenoviny.sk\/servis\/wp-json\/wp\/v2\/tags?post=21347"}],"curies":[{"name":"wp","href":"https:\/\/api.w.org\/{rel}","templated":true}]}}