{"id":21285,"date":"2022-11-28T18:20:58","date_gmt":"2022-11-28T17:20:58","guid":{"rendered":"https:\/\/literarnenoviny.sk\/servis\/?p=21285"},"modified":"2022-12-03T21:26:52","modified_gmt":"2022-12-03T20:26:52","slug":"ruski-okupanti-zavrazdili-ukrajinskeho-basnika-a-prekladatela-volodymyra-vakulenka","status":"publish","type":"post","link":"https:\/\/literarnenoviny.sk\/servis\/ruski-okupanti-zavrazdili-ukrajinskeho-basnika-a-prekladatela-volodymyra-vakulenka\/","title":{"rendered":"Rusk\u00ed okupanti zavra\u017edili ukrajinsk\u00e9ho b\u00e1snika a&nbsp;prekladate\u013ea Volodymyra Vakulenka"},"content":{"rendered":"<p><strong>Rusk\u00ed ozbrojenci popravili ukrajinsk\u00e9ho b\u00e1snika, prekladate\u013ea a&nbsp;autora kn\u00edh pre&nbsp;deti <a href=\"https:\/\/uk.wikipedia.org\/wiki\/\u0412\u0430\u043a\u0443\u043b\u0435\u043d\u043a\u043e_\u0412\u043e\u043b\u043e\u0434\u0438\u043c\u0438\u0440_\u0412\u043e\u043b\u043e\u0434\u0438\u043c\u0438\u0440\u043e\u0432\u0438\u0447\" rel=\"noopener\" target=\"_blank\">Volodymyra Vakulenka<\/a><\/strong>. Telo spisovate\u013ea, ktor\u00e9ho po\u010das okup\u00e1cie n\u00e1sil\u00edm odviedli z&nbsp;domu, sa&nbsp;po&nbsp;osloboden\u00ed mesta <a href=\"https:\/\/www.teraz.sk\/zahranicie\/zelenskyj-v-meste-izium-sme-nasli-maso\/660761-clanok.html\" rel=\"noopener\" target=\"_blank\">Izium<\/a> na\u0161lo v&nbsp;masovom hrobe. Toto\u017enos\u0165 zavra\u017eden\u00e9ho tvorcu teraz potvrdili aj testy DNA.<\/p>\n<p>Ke\u010f Ozbrojen\u00e9 sily Ukrajiny v&nbsp;septembri vst\u00fapili do&nbsp;Iziumu, v&nbsp;meste objavili <a href=\"https:\/\/www.teraz.sk\/zahranicie\/zelenskyj-v-meste-izium-sme-nasli-maso\/660761-clanok.html\" rel=\"noopener\" target=\"_blank\">hrob s&nbsp;viac ako 400 telami<\/a>.<\/p>\n<p><center><div class=\"gca-utility vertical-spacer\"><\/div>\n<blockquote class=\"twitter-tweet\">\n<p lang=\"ru\" dir=\"ltr\">\u0414\u0435\u0442\u0441\u043a\u043e\u0433\u043e \u043f\u0438\u0441\u0430\u0442\u0435\u043b\u044f \u0412\u043b\u0430\u0434\u0438\u043c\u0438\u0440\u0430 \u0412\u0430\u043a\u0443\u043b\u0435\u043d\u043a\u043e \u0440\u0430\u0448\u0438\u0441\u0442\u044b \u0443\u0431\u0438\u043b\u0438 \u0432 \u0418\u0437\u044e\u043c\u0435 <a href=\"https:\/\/t.co\/CH4pRfCJEn\">https:\/\/t.co\/CH4pRfCJEn<\/a><\/p>\n<p>&mdash; \u0425\u0430\u0440\u043a\u0456\u0432 Times (Kharkiv Times) (@KharkivTimes) <a href=\"https:\/\/twitter.com\/KharkivTimes\/status\/1597287337662287873?ref_src=twsrc%5Etfw\">November 28, 2022<\/a><\/p><\/blockquote>\n<p> <script async src=\"https:\/\/platform.twitter.com\/widgets.js\" charset=\"utf-8\"><\/script><div class=\"gca-utility vertical-spacer\"><\/div><\/center><\/p>\n<p>Volodymyra Vakulenka odvliekli, ke\u010f okupa\u010dn\u00e9 jednotky obsadili dedinu Kapitolivka, kde \u017eil. Pod\u013ea jeho otca do&nbsp;domu pri\u0161li najprv ozbrojenci z&nbsp;mil\u00edci\u00ed takzvanej Luhanskej \u013eudovej republiky. Dom vyrabovali, jeho syna odviedli, brut\u00e1lne ho vypo\u010d\u00favali a&nbsp;zbit\u00e9ho potom prepustili. Na&nbsp;druh\u00fd de\u0148 pri\u0161li dvaja mu\u017ei v&nbsp;aute ozna\u010denom p\u00edsmenom <em>\u201eZ\u201c<\/em> a&nbsp;spisovate\u013ea n\u00e1sil\u00edm odviedli. Odvtedy ho u\u017e&nbsp;nikto \u017eiv\u00e9ho nevidel. <\/p>\n<p>V z\u00e1znamoch pohrebnej slu\u017eby, ktor\u00e1 po\u010das okup\u00e1cie Iziumu zabezpe\u010dovala pochovanie m\u0155tvych do&nbsp;masov\u00e9ho hrobu, objavili novin\u00e1ri pod \u010d\u00edslom 319 Vakulenkove \u00fadaje. Z\u00edskali aj fotografiu uroben\u00fa pred pohrebom, na&nbsp;ktorej bol vidite\u013en\u00fd fragment tetovania na&nbsp;ruke podobn\u00fd tomu, ak\u00e9 mal spisovate\u013e a&nbsp;tie\u017e prestrelen\u00e9 doklady s&nbsp;jeho menom.<\/p>\n<p>\u00darady t\u00fato inform\u00e1ciu najprv nepotvrdili a&nbsp;tvrdili, \u017ee&nbsp;pod \u010d\u00edslom 319 je&nbsp;v&nbsp;hrobe telo \u017eeny. <em>\u201eTesty DNA v\u0161ak napokon potvrdili, \u017ee&nbsp;ide o&nbsp;Volodymyra Vakulenka,\u201c<\/em> ozn\u00e1mil \u0161\u00e9f vy\u0161etrovacieho oddelenia pol\u00edcie v&nbsp;Charkovskej oblasti. Na&nbsp;Vakulenkovom tele sa&nbsp;na\u0161li dve rany po&nbsp;gu\u013eke.<\/p>\n<p>Miestni obyvatelia uviedli, \u017ee&nbsp;im 12.&nbsp;m\u00e1ja rusk\u00e1 arm\u00e1da nariadila pochova\u0165 telo mu\u017ea n\u00e1jden\u00e9ho pri obci Kapitolivka. <em>\u201eTelo le\u017ealo na&nbsp;ulici viac ako mesiac,\u201c<\/em> dodali.<\/p>\n<p style=\"text-align: right;\"><small>&mdash;&nbsp;<a href=\"https:\/\/times.kharkiv.ua\/ru\/2022\/11\/28\/detskogo-pisatelya-vladimira-vakulenko-rashisty-ubili-v-izyume\/\" target=\"_blank\" rel=\"noopener\">\u0425\u0430\u0440\u043a\u0456\u0432 \u0422imes<\/a><\/small><\/p>\n<div class=\"gca-utility clearfix\"><\/div>\n<div class=\"gca-utility vertical-spacer\"><\/div>\n<p><center><span class=\"fullscreen\"><a href=\"\/\/www.martinus.sk\/?z=WLGC7F&#038;utm_source=z%3DWLGC7F&#038;utm_medium=banner1_468x60&#038;utm_campaign=partner\"><img decoding=\"async\" src=\"\/\/www.martinus.sk\/images\/banners\/468x60.jpg\" alt=\"www.martinus.sk\" \/><\/a><\/span><\/center><\/p>\n","protected":false},"excerpt":{"rendered":"<p>Rusk\u00ed ozbrojenci popravili ukrajinsk\u00e9ho b\u00e1snika, prekladate\u013ea a&nbsp;autora kn\u00edh pre&nbsp;deti Volodymyra Vakulenka. Telo spisovate\u013ea, ktor\u00e9ho po\u010das okup\u00e1cie n\u00e1sil\u00edm odviedli z&nbsp;domu, sa&nbsp;po&nbsp;osloboden\u00ed mesta Izium na\u0161lo v&nbsp;masovom hrobe. Toto\u017enos\u0165 zavra\u017eden\u00e9ho Vakulenka teraz potvrdili aj testy DNA. <a href=\"https:\/\/literarnenoviny.sk\/servis\/ruski-okupanti-zavrazdili-ukrajinskeho-basnika-a-prekladatela-volodymyra-vakulenka\/\" class=\"more-link\">Cel\u00e1 spr\u00e1va <span class=\"meta-nav\">&rarr;<\/span><\/a><\/p>\n","protected":false},"author":2,"featured_media":0,"comment_status":"closed","ping_status":"closed","sticky":false,"template":"","format":"standard","meta":{"_links_to":"","_links_to_target":""},"categories":[1],"tags":[166,3,209,176],"_links":{"self":[{"href":"https:\/\/literarnenoviny.sk\/servis\/wp-json\/wp\/v2\/posts\/21285"}],"collection":[{"href":"https:\/\/literarnenoviny.sk\/servis\/wp-json\/wp\/v2\/posts"}],"about":[{"href":"https:\/\/literarnenoviny.sk\/servis\/wp-json\/wp\/v2\/types\/post"}],"author":[{"embeddable":true,"href":"https:\/\/literarnenoviny.sk\/servis\/wp-json\/wp\/v2\/users\/2"}],"replies":[{"embeddable":true,"href":"https:\/\/literarnenoviny.sk\/servis\/wp-json\/wp\/v2\/comments?post=21285"}],"version-history":[{"count":0,"href":"https:\/\/literarnenoviny.sk\/servis\/wp-json\/wp\/v2\/posts\/21285\/revisions"}],"wp:attachment":[{"href":"https:\/\/literarnenoviny.sk\/servis\/wp-json\/wp\/v2\/media?parent=21285"}],"wp:term":[{"taxonomy":"category","embeddable":true,"href":"https:\/\/literarnenoviny.sk\/servis\/wp-json\/wp\/v2\/categories?post=21285"},{"taxonomy":"post_tag","embeddable":true,"href":"https:\/\/literarnenoviny.sk\/servis\/wp-json\/wp\/v2\/tags?post=21285"}],"curies":[{"name":"wp","href":"https:\/\/api.w.org\/{rel}","templated":true}]}}