{"id":2101,"date":"2018-02-11T15:10:08","date_gmt":"2018-02-11T14:10:08","guid":{"rendered":"https:\/\/literarnenoviny.sk\/servis\/?p=2101"},"modified":"2018-02-11T15:50:30","modified_gmt":"2018-02-11T14:50:30","slug":"lic-organizuje-dalsi-rocnik-sutaze-pre-stredoskolakov-esej-jana-johanidesa","status":"publish","type":"post","link":"https:\/\/literarnenoviny.sk\/servis\/lic-organizuje-dalsi-rocnik-sutaze-pre-stredoskolakov-esej-jana-johanidesa\/","title":{"rendered":"LIC organizuje \u010fal\u0161\u00ed ro\u010dn\u00edk s\u00fa\u0165a\u017ee pre&nbsp;stredo\u0161kol\u00e1kov Esej J\u00e1na Johanidesa"},"content":{"rendered":"<p><strong><a href=\"http:\/\/www.litcentrum.sk\/\" rel=\"noopener\" target=\"_blank\">Liter\u00e1rne informa\u010dn\u00e9 centrum<\/a> organizuje 8.&nbsp;ro\u010dn\u00edk esejistickej s\u00fa\u0165a\u017ee pre&nbsp;stredo\u0161kol\u00e1kov <a href=\"https:\/\/www.facebook.com\/notes\/liter\u00e1rne-informa\u010dn\u00e9-centrum\/8-ro\u010dn\u00edk-s\u00fa\u0165a\u017ee-pre-stredo\u0161kol\u00e1kov\/10155481170374006\/\" rel=\"noopener\" target=\"_blank\">Esej J\u00e1na Johanidesa<\/a><\/strong>. Cie\u013eom s\u00fa\u0165a\u017ee je&nbsp;povzbudi\u0165 mlad\u00fdch \u013eud\u00ed, aby vyjadrili svoje my\u0161lienky a&nbsp;n\u00e1zory v&nbsp;podobe autorsk\u00fdch esej\u00ed. <\/p>\n<p>Organiz\u00e1tori maj\u00fa amb\u00edciu vytv\u00e1ra\u0165 priestor na&nbsp;rozvoj autorsk\u00e9ho p\u00edsania a&nbsp;rozv\u00edja\u0165 v&nbsp;nich schopnos\u0165 kriticky myslie\u0165 a&nbsp;argumentova\u0165. <\/p>\n<p>Na s\u00fa\u0165a\u017ei sa&nbsp;m\u00f4\u017eu z\u00fa\u010dastni\u0165 \u0161tudenti stredn\u00fdch \u0161k\u00f4l z&nbsp;cel\u00e9ho Slovenska. Pr\u00edspevky vyhodnot\u00ed porota zlo\u017een\u00e1 zo&nbsp;spisovate\u013eov a&nbsp;odborn\u00fdch pracovn\u00edkov Liter\u00e1rneho informa\u010dn\u00e9ho centra.<\/p>\n<p><center><iframe loading=\"lazy\" src=\"https:\/\/www.facebook.com\/plugins\/post.php?href=https%3A%2F%2Fwww.facebook.com%2Flitcentrum.sk%2Fposts%2F10156082914769371&#038;width=500\" width=\"500\" height=\"406\" style=\"border:none;overflow:hidden\" scrolling=\"no\" frameborder=\"0\" allowTransparency=\"true\"><\/iframe><\/center><\/p>\n<p>\u0160tudentsk\u00e9 pr\u00e1ce treba zasla\u0165 do&nbsp;15.&nbsp;marca 2018 v&nbsp;elektronickej podobe na&nbsp;adresu: <a href=\"mailto:jencova@litcentrum.sk\" rel=\"noopener\" target=\"_blank\">jencova@litcentrum.sk<\/a><\/p>\n<p>T\u00e9ma s\u00fa\u0165a\u017ee je&nbsp;ka\u017edoro\u010dne ur\u010den\u00e1 tromi my\u0161lienky J\u00e1na Johanidesa, z&nbsp;ktor\u00fdch si ka\u017ed\u00fd z\u00fa\u010dastnen\u00fd vyberie jednu pod\u013ea vlastn\u00e9ho uv\u00e1\u017eenia.<\/p>\n<p style=\"text-align: right;\"><small><a href=\"http:\/\/www.litcentrum.sk\/67110\" target=\"_blank\" rel=\"noopener\">Liter\u00e1rne informa\u010dn\u00e9 centrum<\/a><\/small><\/p>\n","protected":false},"excerpt":{"rendered":"<p>Liter\u00e1rne informa\u010dn\u00e9 centrum organizuje 8.&nbsp;ro\u010dn\u00edk esejistickej s\u00fa\u0165a\u017ee pre&nbsp;stredo\u0161kol\u00e1kov Esej J\u00e1na Johanidesa. Cie\u013eom s\u00fa\u0165a\u017ee je&nbsp;povzbudi\u0165 mlad\u00fdch \u013eud\u00ed, aby vyjadrili svoje my\u0161lienky a&nbsp;n\u00e1zory v&nbsp;podobe autorsk\u00fdch esej\u00ed. M\u00e1 amb\u00edciu vytv\u00e1ra\u0165 priestor na&nbsp;rozvoj autorsk\u00e9ho p\u00edsania a&nbsp;rozv\u00edja\u0165 v&nbsp;nich schopnos\u0165 kriticky myslie\u0165 a&nbsp;argumentova\u0165.  <a href=\"https:\/\/literarnenoviny.sk\/servis\/lic-organizuje-dalsi-rocnik-sutaze-pre-stredoskolakov-esej-jana-johanidesa\/\" class=\"more-link\">Cel\u00e1 spr\u00e1va <span class=\"meta-nav\">&rarr;<\/span><\/a><\/p>\n","protected":false},"author":2,"featured_media":0,"comment_status":"closed","ping_status":"closed","sticky":false,"template":"","format":"standard","meta":{"_links_to":"","_links_to_target":""},"categories":[1],"tags":[21,22],"_links":{"self":[{"href":"https:\/\/literarnenoviny.sk\/servis\/wp-json\/wp\/v2\/posts\/2101"}],"collection":[{"href":"https:\/\/literarnenoviny.sk\/servis\/wp-json\/wp\/v2\/posts"}],"about":[{"href":"https:\/\/literarnenoviny.sk\/servis\/wp-json\/wp\/v2\/types\/post"}],"author":[{"embeddable":true,"href":"https:\/\/literarnenoviny.sk\/servis\/wp-json\/wp\/v2\/users\/2"}],"replies":[{"embeddable":true,"href":"https:\/\/literarnenoviny.sk\/servis\/wp-json\/wp\/v2\/comments?post=2101"}],"version-history":[{"count":0,"href":"https:\/\/literarnenoviny.sk\/servis\/wp-json\/wp\/v2\/posts\/2101\/revisions"}],"wp:attachment":[{"href":"https:\/\/literarnenoviny.sk\/servis\/wp-json\/wp\/v2\/media?parent=2101"}],"wp:term":[{"taxonomy":"category","embeddable":true,"href":"https:\/\/literarnenoviny.sk\/servis\/wp-json\/wp\/v2\/categories?post=2101"},{"taxonomy":"post_tag","embeddable":true,"href":"https:\/\/literarnenoviny.sk\/servis\/wp-json\/wp\/v2\/tags?post=2101"}],"curies":[{"name":"wp","href":"https:\/\/api.w.org\/{rel}","templated":true}]}}