{"id":20186,"date":"2022-06-14T16:00:13","date_gmt":"2022-06-14T14:00:13","guid":{"rendered":"https:\/\/literarnenoviny.sk\/servis\/?p=20186"},"modified":"2022-06-19T17:19:14","modified_gmt":"2022-06-19T15:19:14","slug":"vo-veku-85-rokov-zomrel-izraelsky-spisovatel-a-mierovy-aktivista-avraham-jehosua","status":"publish","type":"post","link":"https:\/\/literarnenoviny.sk\/servis\/vo-veku-85-rokov-zomrel-izraelsky-spisovatel-a-mierovy-aktivista-avraham-jehosua\/","title":{"rendered":"Vo veku 85 rokov zomrel izraelsk\u00fd spisovate\u013e a&nbsp;mierov\u00fd aktivista Avraham Jeho\u0161ua"},"content":{"rendered":"<p><strong>Vo veku 85 rokov zomrel izraelsk\u00fd spisovate\u013e, dramatik a&nbsp;mierov\u00fd aktivista <a href=\"https:\/\/cs.wikipedia.org\/wiki\/Avraham_B._Jeho\u0161ua\" rel=\"noopener\" target=\"_blank\">Avraham Jeho\u0161ua<\/a><\/strong>, patriaci ku&nbsp;gener\u00e1cii takzvanej <em>\u201enovej vlny\u201c<\/em> izraelsk\u00fdch autorov. \u00damrtie zn\u00e1meho tvorcu, pod\u013ea <a href=\"https:\/\/apnews.com\/article\/entertainment-politics-israel-obituaries-tel-aviv-26c44eecca10c371c14282b636e6f34d\" rel=\"noopener\" target=\"_blank\">tla\u010dovej agent\u00fary AP<\/a>, potvrdila bez zverejnenia \u010fal\u0161\u00edch podobnost\u00ed nemocnica v&nbsp;Tel Avive.<\/p>\n<p>Spisovate\u013e bol dr\u017eite\u013eom mnoh\u00fdch liter\u00e1rnych cien vr\u00e1tane Izraelskej ceny za&nbsp;hebrejsk\u00fa literat\u00faru z&nbsp;roku 1995.<\/p>\n<p><center><div class=\"gca-utility vertical-spacer\"><\/div>\n<blockquote class=\"twitter-tweet\">\n<p lang=\"en\" dir=\"ltr\">In 2016, Yehoshua began advocating in favor of granting residency status and offering \u201cfundamental rights\u201d to the&nbsp;100,000 Palestinians living in Area C in the&nbsp;West Bank, \u201cwho confront the&nbsp;Israeli occupation, facing both the&nbsp;army and the&nbsp;settlers\u201d<a href=\"https:\/\/t.co\/kiCgAiM48P\">https:\/\/t.co\/kiCgAiM48P<\/a><\/p>\n<p>&mdash; Haaretz.com (@haaretzcom) <a href=\"https:\/\/twitter.com\/haaretzcom\/status\/1536803662571491335?ref_src=twsrc%5Etfw\">June 14, 2022<\/a><\/p><\/blockquote>\n<p> <script async src=\"https:\/\/platform.twitter.com\/widgets.js\" charset=\"utf-8\"><\/script><div class=\"gca-utility vertical-spacer\"><\/div><\/center><\/p>\n<p>Avraham Jeho\u0161ua sa&nbsp;narodil v&nbsp;roku 1936 v&nbsp;Jeruzaleme. Jeho diela boli prelo\u017een\u00e9 do&nbsp;mnoh\u00fdch jazykov, niektor\u00e9 aj zdramatizovan\u00e9 a&nbsp;sfilmovan\u00e9. Jeho debutov\u00e1 poviedkov\u00e1 kniha <em><strong>Smr\u0165 star\u00e9ho mu\u017ea<\/strong> (<\/em>\u05de\u05d5\u05ea \u05d4\u05d6\u05e7\u05df<em>)<\/em> vy\u0161la v&nbsp;roku 1963 a&nbsp;jeho najnov\u0161\u00ed rom\u00e1n <em><strong>Tret\u00ed chr\u00e1m<\/strong> (<\/em>\u05d4\u05de\u05e7\u05d3\u05e9 \u05d4\u05e9\u05dc\u05d9\u05e9\u05d9<em>)<\/em> v&nbsp;tomto roku. <\/p>\n<p>Medzi jeho \u010fal\u0161ie diela patria napr\u00edklad rom\u00e1ny <em><strong>Milenec<\/strong> (1977,<\/em> \u05d4\u05de\u05d0\u05d4\u05d1<em>)<\/em>, <em><strong>Oneskoren\u00fd rozvod<\/strong> (1982,<\/em> \u05d2\u05d9\u05e8\u05d5\u05e9\u05d9\u05dd \u05de\u05d0\u05d5\u05d7\u05e8\u05d9\u05dd<em>)<\/em> a&nbsp;<em><strong>P\u00e1n Mani<\/strong> (1990,<\/em> \u05d4\u05e1\u05e4\u05e8\u05d9\u05d4 \u05d4\u05d7\u05d3\u05e9\u05d4<em>)<\/em>.<\/p>\n<p>Americk\u00fd liter\u00e1rny teoretik profesor <a href=\"https:\/\/cs.wikipedia.org\/wiki\/Harold_Bloom\" rel=\"noopener\" target=\"_blank\">Harold Bloom<\/a> prirovnal Jeho\u0161uu k&nbsp;americk\u00e9mu spisovate\u013eovi <a href=\"https:\/\/sk.wikipedia.org\/wiki\/William_Faulkner\" rel=\"noopener\" target=\"_blank\">Williamovi Faulknerovi<\/a> a&nbsp;spom\u00edna ho aj vo&nbsp;svojom <em><strong><a href=\"https:\/\/sclib.svkk.sk\/sck01\/Record\/000044885\/Details\" rel=\"noopener\" target=\"_blank\">K\u00e1none z\u00e1padnej literat\u00fary<\/a><\/strong> (The&nbsp;Western Canon, 1994)<\/em>.<\/p>\n<p>Jeho\u0161ua patril aj popredn\u00fdm predstavite\u013eom izraelsk\u00e9ho mierov\u00e9ho t\u00e1bora a&nbsp;spolu so&nbsp;spisovate\u013emi <a href=\"https:\/\/sk.wikipedia.org\/wiki\/Amos_Oz\" rel=\"noopener\" target=\"_blank\">Amosom Ozom<\/a> a&nbsp;<a href=\"https:\/\/cs.wikipedia.org\/wiki\/David_Grossman\" rel=\"noopener\" target=\"_blank\">Davidom Grossmanom<\/a> vyz\u00fdval na&nbsp;rie\u0161enie <a href=\"https:\/\/cs.wikipedia.org\/wiki\/Izraelsko-palestinsk\u00fd_konflikt\" rel=\"noopener\" target=\"_blank\">Izraelsko-palest\u00ednskeho konfliktu<\/a> prostredn\u00edctvom rokovan\u00ed, ktor\u00e9 by viedli k&nbsp;vytvoreniu nez\u00e1visl\u00e9ho palest\u00ednskeho \u0161t\u00e1\u00adtu.<\/p>\n<p>Izraelsk\u00fd prezident <a href=\"https:\/\/cs.wikipedia.org\/wiki\/Jicchak_Herzog\" rel=\"noopener\" target=\"_blank\">Jicchak Herzog<\/a> ozna\u010dil zosnul\u00e9ho Avrahama Jeho\u0161uu za&nbsp;<em>\u201ejedn\u00e9ho z&nbsp;najv\u00e4\u010d\u0161\u00edch spisovate\u013eov a&nbsp;rozpr\u00e1va\u010dov \u0161t\u00e1tu Izrael\u201c<\/em>, ktor\u00e9ho <em>\u201enezabudnute\u013en\u00e9 diela bud\u00fa sprev\u00e1dza\u0165 cel\u00e9 gener\u00e1cie\u201c.<\/em><\/p>\n<p style=\"text-align: right;\"><small>&mdash;&nbsp;<a href=\"https:\/\/apnews.com\/article\/entertainment-politics-israel-obituaries-tel-aviv-26c44eecca10c371c14282b636e6f34d\" target=\"_blank\" rel=\"noopener\">AP News<\/a> a&nbsp;<a href=\"https:\/\/www.haaretz.com\/israel-news\/culture\/2022-06-14\/ty-article\/.premium\/literary-giant-a-b-yehushoa-leaves-behind-a-unique-political-heritage\/00000181-61f2-dd6c-a3a5-7df6ee660000\" target=\"_blank\" rel=\"noopener\">Haaretz<\/a><\/small><\/p>\n<div class=\"gca-utility clearfix\"><\/div>\n<div class=\"gca-utility vertical-spacer\"><\/div>\n<p><center><span class=\"fullscreen\"><a href=\"\/\/www.martinus.sk\/?z=WLGC7F&#038;utm_source=z%3DWLGC7F&#038;utm_medium=banner1_468x60&#038;utm_campaign=partner\"><img decoding=\"async\" src=\"\/\/www.martinus.sk\/images\/banners\/468x60_red.jpg\" alt=\"www.martinus.sk\" \/><\/a><\/span><\/center><\/p>\n","protected":false},"excerpt":{"rendered":"<p>Vo veku 85 rokov zomrel izraelsk\u00fd spisovate\u013e, dramatik a&nbsp;mierov\u00fd aktivista Avraham Jeho\u0161ua, patriaci ku&nbsp;gener\u00e1cii takzvanej novej vlny izraelsk\u00fdch autorov. \u00damrtie zn\u00e1meho tvorcu, pod\u013ea tla\u010dovej agent\u00fary AP, potvrdila bez zverejnenia \u010fal\u0161\u00edch podobnost\u00ed nemocnica v&nbsp;Tel Avive. <a href=\"https:\/\/literarnenoviny.sk\/servis\/vo-veku-85-rokov-zomrel-izraelsky-spisovatel-a-mierovy-aktivista-avraham-jehosua\/\" class=\"more-link\">Cel\u00e1 spr\u00e1va <span class=\"meta-nav\">&rarr;<\/span><\/a><\/p>\n","protected":false},"author":1,"featured_media":0,"comment_status":"closed","ping_status":"closed","sticky":false,"template":"","format":"standard","meta":{"_links_to":"","_links_to_target":""},"categories":[1],"tags":[4,3,209],"_links":{"self":[{"href":"https:\/\/literarnenoviny.sk\/servis\/wp-json\/wp\/v2\/posts\/20186"}],"collection":[{"href":"https:\/\/literarnenoviny.sk\/servis\/wp-json\/wp\/v2\/posts"}],"about":[{"href":"https:\/\/literarnenoviny.sk\/servis\/wp-json\/wp\/v2\/types\/post"}],"author":[{"embeddable":true,"href":"https:\/\/literarnenoviny.sk\/servis\/wp-json\/wp\/v2\/users\/1"}],"replies":[{"embeddable":true,"href":"https:\/\/literarnenoviny.sk\/servis\/wp-json\/wp\/v2\/comments?post=20186"}],"version-history":[{"count":0,"href":"https:\/\/literarnenoviny.sk\/servis\/wp-json\/wp\/v2\/posts\/20186\/revisions"}],"wp:attachment":[{"href":"https:\/\/literarnenoviny.sk\/servis\/wp-json\/wp\/v2\/media?parent=20186"}],"wp:term":[{"taxonomy":"category","embeddable":true,"href":"https:\/\/literarnenoviny.sk\/servis\/wp-json\/wp\/v2\/categories?post=20186"},{"taxonomy":"post_tag","embeddable":true,"href":"https:\/\/literarnenoviny.sk\/servis\/wp-json\/wp\/v2\/tags?post=20186"}],"curies":[{"name":"wp","href":"https:\/\/api.w.org\/{rel}","templated":true}]}}