{"id":20026,"date":"2022-05-12T09:00:58","date_gmt":"2022-05-12T07:00:58","guid":{"rendered":"https:\/\/literarnenoviny.sk\/servis\/?p=20026"},"modified":"2022-07-17T20:51:47","modified_gmt":"2022-07-17T18:51:47","slug":"v-novej-cvernovke-sa-zacal-deviaty-rocnik-bratislavskeho-knizneho-festivalu-brak","status":"publish","type":"post","link":"https:\/\/literarnenoviny.sk\/servis\/v-novej-cvernovke-sa-zacal-deviaty-rocnik-bratislavskeho-knizneho-festivalu-brak\/","title":{"rendered":"V Novej Cvernovke sa&nbsp;za\u010dal deviaty ro\u010dn\u00edk Bratislavsk\u00e9ho kni\u017en\u00e9ho festivalu BRaK"},"content":{"rendered":"<p><strong>Podujat\u00edm PechaKucha Night Bratislava 49 sa&nbsp;v&nbsp;stredu za\u010dal tohtoro\u010dn\u00fd <a href=\"https:\/\/www.brakfestival.sk\/\" rel=\"noopener\" target=\"_blank\">Bratislavsk\u00fd kni\u017en\u00fd festival BRaK<\/a><\/strong>. Otvorenie festivalu je&nbsp;z\u00e1rove\u0148 \u00favodn\u00fdm podujat\u00edm projektu <em>Bibliodiverzita<\/em>, ktor\u00fd prostredn\u00edctvom grantov EHP podporili aj krajiny ako Island, Lichten\u0161tajnsko, N\u00f3rsko a&nbsp;podie\u013ea sa&nbsp;na&nbsp;\u0148om aj Slovensko.<\/p>\n<p>Heslo deviateho ro\u010dn\u00edka Bratislavsk\u00e9ho kni\u017en\u00e9ho festivalu znie <em><strong><a href=\"https:\/\/literarnenoviny.sk\/servis\/tohtorocny-bratislavsky-knizny-festival-brak-prichadza-s-heslom-nebat-sa-nerast\/\" rel=\"noopener\" target=\"_blank\">Neb\u00e1\u0165 sa&nbsp;ner\u00e1s\u0165<\/a><\/strong><\/em>. <\/p>\n<p><center><div class=\"gca-utility vertical-spacer\"><\/div><iframe loading=\"lazy\" src=\"https:\/\/www.facebook.com\/plugins\/post.php?href=https%3A%2F%2Fwww.facebook.com%2Fbrakfestival%2Fposts%2F1962322957312149&#038;width=460&#038;show_text=true&#038;appId=2424319851126972&#038;height=692\" width=\"460\" height=\"692\" style=\"border:none;overflow:hidden\" scrolling=\"no\" frameborder=\"0\" allowfullscreen=\"true\" allow=\"autoplay; clipboard-write; encrypted-media; picture-in-picture; web-share\"><\/iframe><div class=\"gca-utility vertical-spacer\"><\/div><\/center><\/p>\n<p>Cie\u013eom projektu <em>Bibliodiverzita<\/em> je&nbsp;vytvorenie trad\u00edcie festivalu mal\u00fdch kni\u017en\u00fdch vydavate\u013estiev, nadviazanie spolupr\u00e1ce s&nbsp;n\u00f3rskymi vydavate\u013estvami a&nbsp;v\u00fdmena sk\u00fasenost\u00ed v&nbsp;oblasti obchodn\u00fdch a&nbsp;licen\u010dn\u00fdch strat\u00e9gi\u00ed \u010di&nbsp;preh\u013abenie spolupr\u00e1ce medzi nez\u00e1visl\u00fdmi vydavate\u013estvami a&nbsp;oslovenie nov\u00e9ho publika.  <\/p>\n<p>Bratislavsk\u00fd kni\u017en\u00fd festival BRaK, ktor\u00fd sa&nbsp;kon\u00e1 v&nbsp;bratislavskej Novej Cvernovke na&nbsp;Ra\u010dianskej 78, potrv\u00e1 a\u017e do&nbsp;nedele 15.&nbsp;m\u00e1ja a&nbsp;jeho kompletn\u00fa tohtoro\u010dn\u00fa programov\u00fa ponuku n\u00e1jdete na&nbsp;<a href=\"https:\/\/www.brakfestival.sk\/\" rel=\"noopener\" target=\"_blank\">webstr\u00e1nke podujatia<\/a>.<\/p>\n<p>Vstupenky sa&nbsp;daj\u00fa zak\u00fapi\u0165 <a href=\"https:\/\/goout.net\/sk\/brak-2022\/szhinet\/\" rel=\"noopener\" target=\"_blank\">v predpredaji<\/a> alebo priamo na&nbsp;mieste. Deti do&nbsp;12 rokov a&nbsp;ob\u010dania Ukrajiny utekaj\u00faci pred ruskou agresiou maj\u00fa vstup zadarmo.<\/p>\n<div class=\"gca-utility vertical-spacer\"><\/div>\n<p><small><em>Liter\u00e1rne noviny s\u00fa medi\u00e1lnym partnerom podujatia Bratislavsk\u00fd kni\u017en\u00fd festival &#8211; BRaK<\/em><\/small><\/p>\n<p style=\"text-align: right;\"><small>&mdash;&nbsp;<a href=\"https:\/\/brakfestival.sk\/\" target=\"_blank\" rel=\"noopener noreferrer\">BRaK<\/a> a&nbsp;<a href=\"https:\/\/lithub.sk\/press\/\" target=\"_blank\" rel=\"noopener noreferrer\">Lithub Press<\/a><\/small><\/p>\n<div class=\"gca-utility clearfix\"><\/div>\n<div class=\"gca-utility vertical-spacer\"><\/div>\n<p><center><span class=\"fullscreen\">[wp_bannerize group=&#8220;468&#215;60 UNI&#8220; random=&#8220;1&#8243; limit=&#8220;1&#8243;]<\/span><\/center><\/p>\n","protected":false},"excerpt":{"rendered":"<p>Podujat\u00edm PechaKucha Night Bratislava 49 sa&nbsp;v&nbsp;stredu za\u010dal tohtoro\u010dn\u00fd Bratislavsk\u00fd kni\u017en\u00fd festival BRaK. Otvorenie festivalu je&nbsp;z\u00e1rove\u0148 \u00favodn\u00fdm podujat\u00edm projektu Bibliodiverzita, ktor\u00fd prostredn\u00edctvom grantov EHP podporili aj krajiny ako Island, Lichten\u0161tajnsko, N\u00f3rsko a&nbsp;podie\u013ea sa&nbsp;na&nbsp;\u0148om aj Slovensko. <a href=\"https:\/\/literarnenoviny.sk\/servis\/v-novej-cvernovke-sa-zacal-deviaty-rocnik-bratislavskeho-knizneho-festivalu-brak\/\" class=\"more-link\">Cel\u00e1 spr\u00e1va <span class=\"meta-nav\">&rarr;<\/span><\/a><\/p>\n","protected":false},"author":2,"featured_media":0,"comment_status":"closed","ping_status":"closed","sticky":false,"template":"","format":"standard","meta":{"_links_to":"","_links_to_target":""},"categories":[1],"tags":[15,3,34],"_links":{"self":[{"href":"https:\/\/literarnenoviny.sk\/servis\/wp-json\/wp\/v2\/posts\/20026"}],"collection":[{"href":"https:\/\/literarnenoviny.sk\/servis\/wp-json\/wp\/v2\/posts"}],"about":[{"href":"https:\/\/literarnenoviny.sk\/servis\/wp-json\/wp\/v2\/types\/post"}],"author":[{"embeddable":true,"href":"https:\/\/literarnenoviny.sk\/servis\/wp-json\/wp\/v2\/users\/2"}],"replies":[{"embeddable":true,"href":"https:\/\/literarnenoviny.sk\/servis\/wp-json\/wp\/v2\/comments?post=20026"}],"version-history":[{"count":0,"href":"https:\/\/literarnenoviny.sk\/servis\/wp-json\/wp\/v2\/posts\/20026\/revisions"}],"wp:attachment":[{"href":"https:\/\/literarnenoviny.sk\/servis\/wp-json\/wp\/v2\/media?parent=20026"}],"wp:term":[{"taxonomy":"category","embeddable":true,"href":"https:\/\/literarnenoviny.sk\/servis\/wp-json\/wp\/v2\/categories?post=20026"},{"taxonomy":"post_tag","embeddable":true,"href":"https:\/\/literarnenoviny.sk\/servis\/wp-json\/wp\/v2\/tags?post=20026"}],"curies":[{"name":"wp","href":"https:\/\/api.w.org\/{rel}","templated":true}]}}