{"id":1990,"date":"2018-02-01T09:45:30","date_gmt":"2018-02-01T08:45:30","guid":{"rendered":"https:\/\/literarnenoviny.sk\/servis\/?p=1990"},"modified":"2018-02-01T09:45:53","modified_gmt":"2018-02-01T08:45:53","slug":"bratislavska-mestska-kniznica-aj-tento-rok-vyzyva-verejnost-na-darovanie-knih","status":"publish","type":"post","link":"https:\/\/literarnenoviny.sk\/servis\/bratislavska-mestska-kniznica-aj-tento-rok-vyzyva-verejnost-na-darovanie-knih\/","title":{"rendered":"Bratislavsk\u00e1 Mestsk\u00e1 kni\u017enica aj tento rok vyz\u00fdva verejnos\u0165 na&nbsp;darovanie kn\u00edh"},"content":{"rendered":"<p><strong><a href=\"http:\/\/www.mestskakniznica.sk\" rel=\"noopener\" target=\"_blank\">Mestsk\u00e1 kni\u017enica v&nbsp;Bratislave<\/a> v&nbsp;spolupr\u00e1ci s&nbsp;\u010fal\u0161\u00edmi bratislavsk\u00fdmi kni\u017enicami pripravuje u\u017e&nbsp;12.&nbsp;ro\u010dn\u00edk Bratislavskej burzy kn\u00edh<\/strong>. V&nbsp;s\u00favislosti s&nbsp;jej nadch\u00e1dzaj\u00facim 12.&nbsp;ro\u010dn\u00edkom oslovuje a&nbsp;vyz\u00fdva verejnos\u0165 <a href=\"http:\/\/www.mestskakniznica.sk\/sk\/vyzva-na-darovanie-knih-bratislavska-burza-knih-2018\" rel=\"noopener\" target=\"_blank\">na darovanie kn\u00edh do&nbsp;charitat\u00edvneho predaja<\/a>. <\/p>\n<p>Ob\u013e\u00faben\u00e1 Bratislavsk\u00e1 burza kn\u00edh je&nbsp;pravideln\u00e9 podujatie s&nbsp;charitat\u00edvnym cie\u013eom, ktor\u00e9 bude tak, ako po&nbsp;in\u00e9 roky s\u00fa\u010das\u0165ou programu Bratislavsk\u00fdch mestsk\u00fdch dn\u00ed v&nbsp;apr\u00edli 2018.<\/p>\n<p>Z\u00fa\u010dastnen\u00e9 kni\u017enice venuj\u00fa na&nbsp;burzu knihy vyraden\u00e9 zo&nbsp;svojich fondov, tie v\u0161ak u\u017e&nbsp;nesta\u010dia na&nbsp;uspokojenie z\u00e1ujmu.<\/p>\n<p>Pom\u00f4c\u0165 m\u00f4\u017eete aj Vy. Ak m\u00e1te doma knihy, ktor\u00e9 u\u017e&nbsp;nepotrebujete, prineste ich k&nbsp;n\u00e1m do&nbsp;Mestskej kni\u017enice na&nbsp;\u013eubovo\u013en\u00e9 oddelenie. <\/p>\n<p>Pracovisk\u00e1 kni\u017enice s\u00fa v&nbsp;priebehu pracovn\u00e9ho t\u00fd\u017ed\u0148a otvoren\u00e9 od&nbsp;8.00 do&nbsp;19.00 hodiny.<\/p>\n<p style=\"text-align: right;\"><small><a href=\"http:\/\/www.mestskakniznica.sk\/sk\/vyzva-na-darovanie-knih-bratislavska-burza-knih-2018\" target=\"_blank\" rel=\"noopener\">Mestsk\u00e1 kni\u017enica v&nbsp;Bratislave<\/a><\/small><\/p>\n","protected":false},"excerpt":{"rendered":"<p>Mestsk\u00e1 kni\u017enica v&nbsp;Bratislave v&nbsp;spolupr\u00e1ci s&nbsp;\u010fal\u0161\u00edmi bratislavsk\u00fdmi kni\u017enicami pripravuje u\u017e&nbsp;12.&nbsp;ro\u010dn\u00edk Bratislavskej burzy kn\u00edh. V&nbsp;s\u00favislosti s&nbsp;jej nadch\u00e1dzaj\u00facim 12.&nbsp;ro\u010dn\u00edkom oslovuje a&nbsp;vyz\u00fdva verejnos\u0165 na&nbsp;darovanie kn\u00edh do&nbsp;charitat\u00edvneho predaja.  <a href=\"https:\/\/literarnenoviny.sk\/servis\/bratislavska-mestska-kniznica-aj-tento-rok-vyzyva-verejnost-na-darovanie-knih\/\" class=\"more-link\">Cel\u00e1 spr\u00e1va <span class=\"meta-nav\">&rarr;<\/span><\/a><\/p>\n","protected":false},"author":2,"featured_media":0,"comment_status":"closed","ping_status":"closed","sticky":false,"template":"","format":"standard","meta":{"_links_to":"","_links_to_target":""},"categories":[1],"tags":[14,49],"_links":{"self":[{"href":"https:\/\/literarnenoviny.sk\/servis\/wp-json\/wp\/v2\/posts\/1990"}],"collection":[{"href":"https:\/\/literarnenoviny.sk\/servis\/wp-json\/wp\/v2\/posts"}],"about":[{"href":"https:\/\/literarnenoviny.sk\/servis\/wp-json\/wp\/v2\/types\/post"}],"author":[{"embeddable":true,"href":"https:\/\/literarnenoviny.sk\/servis\/wp-json\/wp\/v2\/users\/2"}],"replies":[{"embeddable":true,"href":"https:\/\/literarnenoviny.sk\/servis\/wp-json\/wp\/v2\/comments?post=1990"}],"version-history":[{"count":0,"href":"https:\/\/literarnenoviny.sk\/servis\/wp-json\/wp\/v2\/posts\/1990\/revisions"}],"wp:attachment":[{"href":"https:\/\/literarnenoviny.sk\/servis\/wp-json\/wp\/v2\/media?parent=1990"}],"wp:term":[{"taxonomy":"category","embeddable":true,"href":"https:\/\/literarnenoviny.sk\/servis\/wp-json\/wp\/v2\/categories?post=1990"},{"taxonomy":"post_tag","embeddable":true,"href":"https:\/\/literarnenoviny.sk\/servis\/wp-json\/wp\/v2\/tags?post=1990"}],"curies":[{"name":"wp","href":"https:\/\/api.w.org\/{rel}","templated":true}]}}