{"id":19846,"date":"2022-04-30T09:40:19","date_gmt":"2022-04-30T07:40:19","guid":{"rendered":"https:\/\/literarnenoviny.sk\/servis\/?p=19846"},"modified":"2022-05-09T12:52:03","modified_gmt":"2022-05-09T10:52:03","slug":"riaditel-ruskej-literarnej-ceny-velka-kniha-georgij-urusadze-oznamil-svoju-rezignaciu","status":"publish","type":"post","link":"https:\/\/literarnenoviny.sk\/servis\/riaditel-ruskej-literarnej-ceny-velka-kniha-georgij-urusadze-oznamil-svoju-rezignaciu\/","title":{"rendered":"Riadite\u013e ruskej liter\u00e1rnej ceny Ve\u013ek\u00e1 kniha Georgij Uru\u0161adze ozn\u00e1mil svoju rezign\u00e1ciu"},"content":{"rendered":"<p><strong>Gener\u00e1lny riadite\u013e prest\u00ed\u017enej ruskej liter\u00e1rnej ceny <a href=\"https:\/\/ru.wikipedia.org\/wiki\/\u0411\u043e\u043b\u044c\u0448\u0430\u044f_\u043a\u043d\u0438\u0433\u0430\" rel=\"noopener\" target=\"_blank\">Ve\u013ek\u00e1 kniha<\/a><\/strong> <em>(\u0411\u043e\u043b\u044c\u0448\u0430\u044f \u043a\u043d\u0438\u0433\u0430)<\/em> <strong><a href=\"https:\/\/ru.wikipedia.org\/wiki\/\u0423\u0440\u0443\u0448\u0430\u0434\u0437\u0435,_\u0413\u0435\u043e\u0440\u0433\u0438\u0439_\u0424\u0440\u0438\u0434\u043e\u043d\u043e\u0432\u0438\u0447\" rel=\"noopener\" target=\"_blank\">Georgij Uru\u0161adze<\/a> odst\u00fapil zo&nbsp;svojej funkcie<\/strong>, ako d\u00f4vod uviedol, \u017ee&nbsp;je&nbsp;proti vojne. O&nbsp;rezign\u00e1ciu vraj u\u017e&nbsp;po\u017eiadal sk\u00f4r a&nbsp;teraz bola prijat\u00e1. <em>\u201eNevidel som \u017eiadnu mo\u017enos\u0165, ako \u010falej pokra\u010dova\u0165,\u201c<\/em> nap\u00edsal v&nbsp;pr\u00edspevku na&nbsp;Facebooku.<\/p>\n<p>O osud liter\u00e1rnej ceny sa&nbsp;vraj neob\u00e1va, projekt bu\u010f ostane poctiv\u00fd a&nbsp;nez\u00e1visl\u00fd, tak ako bol, alebo zanikne.<\/p>\n<p><center><div class=\"gca-utility vertical-spacer\"><\/div><iframe loading=\"lazy\" src=\"https:\/\/www.facebook.com\/plugins\/post.php?href=https%3A%2F%2Fwww.facebook.com%2Fpermalink.php%3Fstory_fbid%3D10221019872189700%26id%3D1329192159&#038;width=460&#038;show_text=true&#038;appId=2424319851126972&#038;height=304\" width=\"460\" height=\"304\" style=\"border:none;overflow:hidden\" scrolling=\"no\" frameborder=\"0\" allowfullscreen=\"true\" allow=\"autoplay; clipboard-write; encrypted-media; picture-in-picture; web-share\"><\/iframe><br \/>\n<div class=\"gca-utility vertical-spacer\"><\/div><\/center><\/p>\n<p>Uru\u0161adzeho pred nieko\u013ek\u00fdmi d\u0148ami na&nbsp;soci\u00e1lnych sie\u0165ach napadali za&nbsp;<a href=\"http:\/\/www.bigbook.ru\/win\/long-2022.php\" rel=\"noopener\" target=\"_blank\">aktu\u00e1lny longlist<\/a> Ve\u013ekej knihy, ktor\u00fd porota zverejnila 21.&nbsp;apr\u00edla. Na&nbsp;zozname s\u00fa aj <a href=\"https:\/\/cs.wikipedia.org\/wiki\/Dmitrij_Bykov\" rel=\"noopener\" target=\"_blank\">Dmitrij Bykov<\/a>, <a href=\"https:\/\/cs.wikipedia.org\/wiki\/Dmitrij_Gluchovskij\" rel=\"noopener\" target=\"_blank\">Dmitrij_Gluchovskij<\/a>, <a href=\"https:\/\/literarnenoviny.sk\/clanky\/zulejka-otvara-oci\/\" target=\"_blank\" rel=\"noopener\">Guze\u013e Jachinov\u00e1<\/a> \u010di&nbsp;<a href=\"https:\/\/ru.wikipedia.org\/wiki\/\u0410\u0440\u0445\u0430\u043d\u0433\u0435\u043b\u044c\u0441\u043a\u0438\u0439,_\u0410\u043b\u0435\u043a\u0441\u0430\u043d\u0434\u0440_\u041d\u0438\u043a\u043e\u043b\u0430\u0435\u0432\u0438\u0447\" rel=\"noopener\" target=\"_blank\">Alexandr Archange\u013eskij<\/a> \u2013 v\u0161etci sa&nbsp;predt\u00fdm postavili proti vojne s&nbsp;Ukrajinou. V&nbsp;pr\u00edspevkoch ich mnoh\u00ed Rusi ozna\u010dili za&nbsp;t\u00fdch, <em>\u201ektor\u00ed chc\u00fa pora\u017eku na\u0161ej krajiny\u201c<\/em>.<\/p>\n<p>E\u0161te predt\u00fdm cenu kritizoval aj viceprezident <a href=\"https:\/\/bookunion.ru\/\" rel=\"noopener\" target=\"_blank\">Rusk\u00e9ho kni\u017en\u00e9ho zv\u00e4zu<\/a> Leonid Palko. Prek\u00e1\u017eal mu jej <em>\u201eproz\u00e1padn\u00fd postoj\u201c<\/em> a&nbsp;vraj  <em>\u201es hr\u00f4zou\u201c<\/em> o\u010dak\u00e1va jej nov\u00fd v\u00fdber. <em>\u201eBudeme op\u00e4\u0165 voli\u0165 t\u00fdch ist\u00fdch, ktor\u00fdch sme mali ka\u017ed\u00fd rok,\u201c<\/em> op\u00fdtal sa. Uru\u0161adze mu odp\u00edsal, \u017ee&nbsp;ak sa&nbsp;zavedie cenz\u00fara a&nbsp;\u010dierne listiny, tak <em>\u201ecena v&nbsp;tom momente skon\u010d\u00ed\u201c<\/em>.<\/p>\n<p>Georgij Uru\u0161adze, ktor\u00fd je&nbsp;tie\u017e spoluzakladate\u013eom liter\u00e1rnej s\u00fa\u0165a\u017ee pre&nbsp;ml\u00e1de\u017e <a href=\"http:\/\/kniguru.info\/\" rel=\"noopener\" target=\"_blank\">Kniguru<\/a> a&nbsp;ceny <a href=\"http:\/\/www.bigbook.ru\/news\/detail.php?ID=32484\" rel=\"noopener\" target=\"_blank\">Pu\u0161kinovho l\u00fdcea<\/a> pre&nbsp;mlad\u00fdch prozaikov a&nbsp;b\u00e1snikov, na&nbsp;facebooku uviedol, \u017ee&nbsp;jeho \u010fal\u0161ie pl\u00e1ny s\u00fa nejasn\u00e9. <em>\u201eNem\u00e1m cudzie ob\u010dianstvo, ale budem \u017ei\u0165 v&nbsp;zahrani\u010d\u00ed. Ak viete o&nbsp;nejakej pr\u00e1ci, dajte mi vedie\u0165,\u201c<\/em> uzavrel post o&nbsp;svojej rezign\u00e1cii. <\/p>\n<p>N\u00e1rodn\u00fa liter\u00e1rnu cenu Ve\u013ek\u00e1 kniha zalo\u017eilo v&nbsp;roku 2005 Centrum na&nbsp;podporu ruskej literat\u00fary, ktor\u00e9 podporovala rusk\u00e1 <a href=\"https:\/\/alfabank.com\/\" rel=\"noopener\" target=\"_blank\">Alfa-Bank<\/a> <a href=\"https:\/\/cs.wikipedia.org\/wiki\/Michail_Fridman\" rel=\"noopener\" target=\"_blank\">Michala Fridmana<\/a>, spolo\u010dnos\u0165 <a href=\"https:\/\/ru.wikipedia.org\/wiki\/\u0420\u0435\u043d\u043e\u0432\u0430\" rel=\"noopener\" target=\"_blank\">Renova<\/a> <a href=\"https:\/\/cs.wikipedia.org\/wiki\/Viktor_Vekselberg\" rel=\"noopener\" target=\"_blank\">Viktora Vekselberga<\/a>, ale aj miliard\u00e1ri <a href=\"https:\/\/cs.wikipedia.org\/wiki\/Roman_Abramovi\u010d\" rel=\"noopener\" target=\"_blank\">Roman Abramovi\u010d<\/a> a&nbsp;<a href=\"https:\/\/ru.wikipedia.org\/wiki\/\u041c\u0430\u043c\u0443\u0442,_\u0410\u043b\u0435\u043a\u0441\u0430\u043d\u0434\u0440_\u041b\u0435\u043e\u043d\u0438\u0434\u043e\u0432\u0438\u0447\" rel=\"noopener\" target=\"_blank\">Alexandr Mamut<\/a>. <\/p>\n<p>Spoluzakladate\u013emi ceny boli aj <a href=\"http:\/\/pushkinskijdom.ru\/\" rel=\"noopener\" target=\"_blank\">\u00dastav ruskej literat\u00fary Ruskej akad\u00e9mie vied<\/a>, Rusk\u00fd kni\u017en\u00fd zv\u00e4z, <a href=\"https:\/\/culture.gov.ru\/\" rel=\"noopener\" target=\"_blank\">Ministerstvo kult\u00fary Ruskej feder\u00e1cie<\/a> a&nbsp;<a href=\"http:\/\/www.rba.ru\/\" rel=\"noopener\" target=\"_blank\">Rusk\u00e1 asoci\u00e1cia kni\u017en\u00edc<\/a>.<\/p>\n<p style=\"text-align: right;\"><small>&mdash;&nbsp;<a href=\"https:\/\/meduza.io\/news\/2022\/04\/29\/prichina-na-poverhnosti-ya-protiv-voyny-direktor-premii-bolshaya-kniga-georgiy-urushadze-ob-yavil-ob-uvolnenii\" target=\"_blank\" rel=\"noopener\">\u041c\u0435\u0434\u0443\u0437\u0430<\/a>, <a href=\"https:\/\/www.interfax.ru\/culture\/838756\" target=\"_blank\" rel=\"noopener\">\u0418\u043d\u0442\u0435\u0440\u0444\u0430\u043a\u0441<\/a> a&nbsp;<a href=\"https:\/\/tass.ru\/kultura\/14520851\" target=\"_blank\" rel=\"noopener\">TACC<\/a><\/small><\/p>\n<div class=\"gca-utility clearfix\"><\/div>\n<div class=\"gca-utility vertical-spacer\"><\/div>\n<p><center><span class=\"fullscreen\"><a href=\"\/\/www.martinus.sk\/?z=WLGC7F&#038;utm_source=z%3DWLGC7F&#038;utm_medium=banner1_468x60&#038;utm_campaign=partner\"><img decoding=\"async\" src=\"\/\/www.martinus.sk\/images\/banners\/468x60_red.jpg\" alt=\"www.martinus.sk\" \/><\/a><\/span><\/center><\/p>\n","protected":false},"excerpt":{"rendered":"<p>Gener\u00e1lny riadite\u013e prest\u00ed\u017enej ruskej liter\u00e1rnej ceny Ve\u013ek\u00e1 kniha Georgij Uru\u0161adze odst\u00fapil zo&nbsp;svojej funkcie, ako d\u00f4vod uviedol, \u017ee&nbsp;je&nbsp;proti vojne. O&nbsp;rezign\u00e1ciu vraj u\u017e&nbsp;po\u017eiadal sk\u00f4r a&nbsp;teraz bola prijat\u00e1. \u201eNevidel som \u017eiadnu mo\u017enos\u0165, ako \u010falej pokra\u010dova\u0165,\u201c nap\u00edsal v&nbsp;pr\u00edspevku na&nbsp;Facebooku. <a href=\"https:\/\/literarnenoviny.sk\/servis\/riaditel-ruskej-literarnej-ceny-velka-kniha-georgij-urusadze-oznamil-svoju-rezignaciu\/\" class=\"more-link\">Cel\u00e1 spr\u00e1va <span class=\"meta-nav\">&rarr;<\/span><\/a><\/p>\n","protected":false},"author":2,"featured_media":0,"comment_status":"closed","ping_status":"closed","sticky":false,"template":"","format":"standard","meta":{"_links_to":"","_links_to_target":""},"categories":[1],"tags":[3,21,176],"_links":{"self":[{"href":"https:\/\/literarnenoviny.sk\/servis\/wp-json\/wp\/v2\/posts\/19846"}],"collection":[{"href":"https:\/\/literarnenoviny.sk\/servis\/wp-json\/wp\/v2\/posts"}],"about":[{"href":"https:\/\/literarnenoviny.sk\/servis\/wp-json\/wp\/v2\/types\/post"}],"author":[{"embeddable":true,"href":"https:\/\/literarnenoviny.sk\/servis\/wp-json\/wp\/v2\/users\/2"}],"replies":[{"embeddable":true,"href":"https:\/\/literarnenoviny.sk\/servis\/wp-json\/wp\/v2\/comments?post=19846"}],"version-history":[{"count":0,"href":"https:\/\/literarnenoviny.sk\/servis\/wp-json\/wp\/v2\/posts\/19846\/revisions"}],"wp:attachment":[{"href":"https:\/\/literarnenoviny.sk\/servis\/wp-json\/wp\/v2\/media?parent=19846"}],"wp:term":[{"taxonomy":"category","embeddable":true,"href":"https:\/\/literarnenoviny.sk\/servis\/wp-json\/wp\/v2\/categories?post=19846"},{"taxonomy":"post_tag","embeddable":true,"href":"https:\/\/literarnenoviny.sk\/servis\/wp-json\/wp\/v2\/tags?post=19846"}],"curies":[{"name":"wp","href":"https:\/\/api.w.org\/{rel}","templated":true}]}}