{"id":19808,"date":"2022-04-23T17:00:23","date_gmt":"2022-04-23T15:00:23","guid":{"rendered":"https:\/\/literarnenoviny.sk\/servis\/?p=19808"},"modified":"2022-05-09T12:10:39","modified_gmt":"2022-05-09T10:10:39","slug":"skupina-nemeckych-intelektualov-vyzvala-vladu-aby-prinutila-ukrajinu-vzdat-sa","status":"publish","type":"post","link":"https:\/\/literarnenoviny.sk\/servis\/skupina-nemeckych-intelektualov-vyzvala-vladu-aby-prinutila-ukrajinu-vzdat-sa\/","title":{"rendered":"Skupina nemeck\u00fdch intelektu\u00e1lov vyzvala vl\u00e1du, aby prin\u00fatila Ukrajinu vzda\u0165 sa"},"content":{"rendered":"<p>Viacer\u00ed <strong>nemeck\u00ed \u013eavicov\u00ed intelektu\u00e1li, b\u00fdval\u00ed politici a&nbsp;osobnosti otvorene vyzvali nemeck\u00fa vl\u00e1du, aby prim\u00e4la br\u00e1niacu sa&nbsp;Ukrajinu ukon\u010di\u0165 <em>\u201evojensk\u00fd odpor\u201c<\/em><\/strong>, teda sa&nbsp;<em>de facto<\/em> vzda\u0165 okupa\u010dnej ve\u013emoci. Informovala o&nbsp;tom <a href=\"https:\/\/www.pravda.com.ua\/news\/2022\/04\/23\/7341624\/\" rel=\"noopener\" target=\"_blank\">Ukrajinsk\u00e1 pravda<\/a> s&nbsp;odkazom na&nbsp;text v\u00fdzvy v&nbsp;nemeckom denn\u00edku <a href=\"https:\/\/www.berliner-zeitung.de\/politik-gesellschaft\/offener-brief-fordert-von-scholz-stopp-der-waffenlieferungen-an-die-ukraine-li.223704\" rel=\"noopener\" target=\"_blank\">Berliner Zeitung<\/a>.<\/p>\n<p>Od spolkov\u00e9ho kancel\u00e1ra <a href=\"https:\/\/cs.wikipedia.org\/wiki\/Olaf_Scholz\" rel=\"noopener\" target=\"_blank\">Olafa Scholza<\/a> sympatizanti nemeckej <a href=\"https:\/\/de.wikipedia.org\/wiki\/Die_Linke\" rel=\"noopener\" target=\"_blank\">\u013davice<\/a> a&nbsp;<a href=\"https:\/\/de.wikipedia.org\/wiki\/B\u00fcndnis_90\/Die_Gr\u00fcnen\" rel=\"noopener\" target=\"_blank\">Zelen\u00fdch<\/a> v&nbsp;otvorenom liste po\u017eaduju zastavenie dod\u00e1vok zbran\u00ed ukrajinskej arm\u00e1de.<\/p>\n<p><center><div class=\"gca-utility vertical-spacer\"><\/div>\n<blockquote class=\"twitter-tweet\">\n<p lang=\"de\" dir=\"ltr\">Ein offener Brief, der unterzeichnet wurde von Daniela Dahn und Konstantin Wecker, fordert den Stopp der Waffenlieferungen an die Ukraine. <a href=\"https:\/\/t.co\/3WU44O2UQF\">https:\/\/t.co\/3WU44O2UQF<\/a><\/p>\n<p>&mdash; Berliner Zeitung (@berlinerzeitung) <a href=\"https:\/\/twitter.com\/berlinerzeitung\/status\/1517437593436270592?ref_src=twsrc%5Etfw\">April 22, 2022<\/a><\/p><\/blockquote>\n<p> <script async src=\"https:\/\/platform.twitter.com\/widgets.js\" charset=\"utf-8\"><\/script><div class=\"gca-utility vertical-spacer\"><\/div><\/center><\/p>\n<p><em>\u201eNapriek do\u010dasn\u00fdm \u00faspechom je&nbsp;ukrajinsk\u00e1 arm\u00e1da ove\u013ea slab\u0161ia ako rusk\u00e1 a&nbsp;nem\u00e1 ve\u013ek\u00fa \u0161ancu t\u00fato vojnu vyhra\u0165,\u201c<\/em>  kon\u0161tatuj\u00fa progres\u00edvci s&nbsp;t\u00fdm, \u017ee&nbsp;<em>\u201edod\u00e1vky zbran\u00ed a&nbsp;vojensk\u00e1 podpora NATO pod\u013ea nich predl\u017euj\u00fa vojnu a&nbsp;od\u010fa\u013euj\u00fa diplomatick\u00e9 rie\u0161enie\u201c<\/em>.<\/p>\n<p>Pod verejnou v\u00fdzvou je&nbsp;podp\u00edsan\u00e1 napr\u00edklad spisovate\u013eka <a href=\"https:\/\/de.wikipedia.org\/wiki\/Daniela_Dahn\" rel=\"noopener\" target=\"_blank\">Daniela Dahnov\u00e1<\/a>, ktor\u00e1 v&nbsp;roku 1990 otvorene kritizovala zjednotenie Nemecka, b\u00fdval\u00e1 podpredsedn\u00ed\u010dka Bundestagu <a href=\"https:\/\/de.wikipedia.org\/wiki\/Antje_Vollmer\" rel=\"noopener\" target=\"_blank\">Antje Vollmerov\u00e1<\/a>, politol\u00f3g <a href=\"https:\/\/de.wikipedia.org\/wiki\/Johannes_M._Becker\" rel=\"noopener\" target=\"_blank\">Johannes Becker<\/a>, \u010dlen \u013eudskopr\u00e1vnej komisie vl\u00e1dnej SPD <a href=\"https:\/\/de.wikipedia.org\/wiki\/Hans-J\u00fcrgen_Misselwitz\" rel=\"noopener\" target=\"_blank\">Hans Misselwitz<\/a> \u010di&nbsp;spev\u00e1k <a href=\"https:\/\/de.wikipedia.org\/wiki\/Konstantin_Wecker\" rel=\"noopener\" target=\"_blank\">Konstantin Wecker<\/a>. <\/p>\n<p><em>\u201eNa\u0161a krajina tu nesmie st\u00e1\u0165 na&nbsp;okraji, ale mus\u00ed hra\u0165 akt\u00edvnu \u00falohu,\u201c<\/em> uzatv\u00e1ra svoj list asi dvadsiatka signat\u00e1rov  a&nbsp;navrhuje tie\u017e v&nbsp;spolupr\u00e1ci s&nbsp;Ruskom a&nbsp;\u010c\u00ednou tie\u017e vytvori\u0165 nov\u00fa eur\u00f3psku a&nbsp;svetov\u00fa mierov\u00fa architekt\u00faru. <\/p>\n<p>O \u010fal\u0161\u00edch dod\u00e1vkach zbran\u00ed na&nbsp;Ukrajinu, ktor\u00e1 si <a href=\"https:\/\/sk.wikipedia.org\/wiki\/Rusk\u00e1_inv\u00e1zia_na_Ukrajinu\" rel=\"noopener\" target=\"_blank\">br\u00e1ni svoju slobodu v&nbsp;re\u00e1lnej<\/a> a&nbsp;nie fikt\u00edvnej ideologicko-politickej vojne, by mal Spolkov\u00fd snem rokova\u0165 bud\u00faci t\u00fd\u017ede\u0148.<\/p>\n<p style=\"text-align: right;\"><small>&mdash;&nbsp;<a href=\"https:\/\/www.berliner-zeitung.de\/politik-gesellschaft\/offener-brief-fordert-von-scholz-stopp-der-waffenlieferungen-an-die-ukraine-li.223704\" target=\"_blank\" rel=\"noopener\">Berliner Zeitung<\/a> a&nbsp;<a href=\"https:\/\/www.pravda.com.ua\/news\/2022\/04\/23\/7341624\/\" target=\"_blank\" rel=\"noopener\">\u0423\u043a\u0440\u0430\u0457\u043d\u0441\u044c\u043a\u0430 \u043f\u0440\u0430\u0432\u0434\u0430<\/a><\/small><\/p>\n<div class=\"gca-utility clearfix\"><\/div>\n<div class=\"gca-utility vertical-spacer\"><\/div>\n<p><center><span class=\"fullscreen\"><script type=\"text\/javascript\" src=\"\/\/partner.mrtns.eu\/banners\/banner.js?type=banner&#038;brand_id=1&#038;uItem=1396505&#038;size=full&#038;show_price=0&#038;color=blue&#038;z=WLGC7F\"><\/script><\/center><\/p>\n","protected":false},"excerpt":{"rendered":"<p>Viacer\u00ed nemeck\u00ed \u013eavicov\u00ed intelektu\u00e1li, b\u00fdval\u00ed politici a&nbsp;osobnosti otvorene vyzvali nemeck\u00fa vl\u00e1du, aby prim\u00e4la br\u00e1niacu sa&nbsp;Ukrajinu ukon\u010di\u0165 \u201evojensk\u00fd odpor\u201c, teda de&nbsp;facto vzda\u0165 sa&nbsp;okupa\u010dnej ve\u013emoci. Informovala o&nbsp;tom Ukrajinsk\u00e1 pravda s&nbsp;odkazom na&nbsp;text v\u00fdzvy v&nbsp;nemeckom denn\u00edku Berliner Zeitung. <a href=\"https:\/\/literarnenoviny.sk\/servis\/skupina-nemeckych-intelektualov-vyzvala-vladu-aby-prinutila-ukrajinu-vzdat-sa\/\" class=\"more-link\">Cel\u00e1 spr\u00e1va <span class=\"meta-nav\">&rarr;<\/span><\/a><\/p>\n","protected":false},"author":2,"featured_media":0,"comment_status":"closed","ping_status":"closed","sticky":false,"template":"","format":"standard","meta":{"_links_to":"","_links_to_target":""},"categories":[1],"tags":[3,76,176],"_links":{"self":[{"href":"https:\/\/literarnenoviny.sk\/servis\/wp-json\/wp\/v2\/posts\/19808"}],"collection":[{"href":"https:\/\/literarnenoviny.sk\/servis\/wp-json\/wp\/v2\/posts"}],"about":[{"href":"https:\/\/literarnenoviny.sk\/servis\/wp-json\/wp\/v2\/types\/post"}],"author":[{"embeddable":true,"href":"https:\/\/literarnenoviny.sk\/servis\/wp-json\/wp\/v2\/users\/2"}],"replies":[{"embeddable":true,"href":"https:\/\/literarnenoviny.sk\/servis\/wp-json\/wp\/v2\/comments?post=19808"}],"version-history":[{"count":0,"href":"https:\/\/literarnenoviny.sk\/servis\/wp-json\/wp\/v2\/posts\/19808\/revisions"}],"wp:attachment":[{"href":"https:\/\/literarnenoviny.sk\/servis\/wp-json\/wp\/v2\/media?parent=19808"}],"wp:term":[{"taxonomy":"category","embeddable":true,"href":"https:\/\/literarnenoviny.sk\/servis\/wp-json\/wp\/v2\/categories?post=19808"},{"taxonomy":"post_tag","embeddable":true,"href":"https:\/\/literarnenoviny.sk\/servis\/wp-json\/wp\/v2\/tags?post=19808"}],"curies":[{"name":"wp","href":"https:\/\/api.w.org\/{rel}","templated":true}]}}