{"id":19708,"date":"2022-03-30T18:00:42","date_gmt":"2022-03-30T16:00:42","guid":{"rendered":"https:\/\/literarnenoviny.sk\/servis\/?p=19708"},"modified":"2022-04-07T11:06:43","modified_gmt":"2022-04-07T09:06:43","slug":"doposial-nepublikovany-roman-louisa-ferdinanda-celina-vojna-vyjde-zaciatkom-maja","status":"publish","type":"post","link":"https:\/\/literarnenoviny.sk\/servis\/doposial-nepublikovany-roman-louisa-ferdinanda-celina-vojna-vyjde-zaciatkom-maja\/","title":{"rendered":"Bud\u00faci mesiac vyjde doposia\u013e nepublikovan\u00fd rom\u00e1n Louisa-Ferdinanda C\u00e9lina Vojna"},"content":{"rendered":"<p><strong>Doposia\u013e nepublikovan\u00fd rom\u00e1n franc\u00fazskeho spisovate\u013ea <a href=\"https:\/\/cs.wikipedia.org\/wiki\/Louis-Ferdinand_C\u00e9line\" rel=\"noopener\" target=\"_blank\">Louisa-Ferdinanda C\u00e9lina<\/a> s&nbsp;prozaick\u00fdm n\u00e1zvom <em><a href=\"https:\/\/www.gallimard.fr\/Catalogue\/GALLIMARD\/Blanche\/Guerre\" rel=\"noopener\" target=\"_blank\">Vojna<\/a><\/strong> (Guerre, 2022)<\/em> <strong>vyjde za\u010diatkom m\u00e1ja<\/strong>. Dielo z&nbsp;roku 1934, ktor\u00e9 sa&nbsp; pova\u017eovalo za&nbsp;nav\u017edy straten\u00e9, prinesie na&nbsp;pulty kn\u00edhkupectiev vo&nbsp;svojej prest\u00ed\u017enej Bielej ed\u00edcii vydavate\u013estvo <a href=\"https:\/\/www.gallimard.fr\" rel=\"noopener\" target=\"_blank\">Gallimard<\/a>.<\/p>\n<p>Znovuobjaven\u00fd text je&nbsp;s\u00fa\u010das\u0165ou autorovej tril\u00f3gie <em><strong>Detstvo-Vojna-Lond\u00fdn<\/strong><\/em>, ktorej prv\u00e1 \u010das\u0165 <em><strong><a href=\"https:\/\/www.martinus.sk\/?uItem=52781&#038;z=WLGC7F&#038;utm_source=z%3DWLGC7F&#038;utm_medium=url&#038;utm_campaign=partner\" rel=\"noopener\" target=\"_blank\">Smr\u0165 na&nbsp;\u00faver<\/a><\/strong> (Mort \u00e0 cr\u00e9dit)<\/em> vy\u0161la v&nbsp;roku 1936.<\/p>\n<p><center><div class=\"gca-utility vertical-spacer\"><\/div> <\/p>\n<blockquote class=\"twitter-tweet\">\n<p lang=\"fr\" dir=\"ltr\">Louis Ferdinand C\u00e9line : parution en mai d&#39;un in\u00e9dit, &quot;Guerre&quot;, suite \u00e0 la d\u00e9couverte de&nbsp;manuscrits l&#39;an pass\u00e9 <a href=\"https:\/\/twitter.com\/Gallimard?ref_src=twsrc%5Etfw\">@Gallimard<\/a> <a href=\"https:\/\/twitter.com\/hashtag\/LouisFerdinandCeline?src=hash&amp;ref_src=twsrc%5Etfw\">#LouisFerdinandCeline<\/a> <a href=\"https:\/\/twitter.com\/hashtag\/livres?src=hash&amp;ref_src=twsrc%5Etfw\">#livres<\/a> <a href=\"https:\/\/twitter.com\/hashtag\/Gallimard?src=hash&amp;ref_src=twsrc%5Etfw\">#Gallimard<\/a> <a href=\"https:\/\/t.co\/lDemjgJgpd\">https:\/\/t.co\/lDemjgJgpd<\/a> <a href=\"https:\/\/t.co\/vPL2SZmYwY\">pic.twitter.com\/vPL2SZmYwY<\/a><\/p>\n<p>&mdash; franceinfo culture (@franceinfo_cult) <a href=\"https:\/\/twitter.com\/franceinfo_cult\/status\/1509087692222771204?ref_src=twsrc%5Etfw\">March 30, 2022<\/a><\/p><\/blockquote>\n<p> <script async src=\"https:\/\/platform.twitter.com\/widgets.js\" charset=\"utf-8\"><\/script> <div class=\"gca-utility vertical-spacer\"><\/div><\/center><\/p>\n<p>Dej dvestop\u00e4\u0165desiatstranov\u00e9ho rom\u00e1nu sa&nbsp;odohr\u00e1va vo&nbsp;Fl\u00e1msku po\u010das <em>\u201eVe\u013ekej vojny\u201c<\/em>, ktorej hr\u00f4zy  pozna\u010dili spisovate\u013ea na&nbsp;cel\u00fd \u017eivot. <a href=\"https:\/\/sk.wikipedia.org\/wiki\/Prv\u00e1_svetov\u00e1_vojna\" rel=\"noopener\" target=\"_blank\">Prv\u00e1 svetov\u00e1 vojna<\/a> vypukla, ke\u010f mal 20 rokov a&nbsp;hne\u010f na&nbsp;jese\u0148 1914 bol v&nbsp;<a href=\"https:\/\/cs.wikipedia.org\/wiki\/Bitva_u_Yper\" rel=\"noopener\" target=\"_blank\">Bitke o&nbsp;Ypres<\/a> v\u00e1\u017ene zranen\u00fd.<\/p>\n<p><em>\u201eC\u00e9line, cez autobiografick\u00fd pr\u00edbeh a&nbsp;autorsk\u00fa imagin\u00e1ciu, poodha\u013euje z\u00e1voj svojmu najsilnej\u0161iemu \u017eivotn\u00e9mu z\u00e1\u017eitku, fyzickej a&nbsp;mor\u00e1lnej traume z&nbsp;frontu,\u201c<\/em> pribl\u00ed\u017eil teraj\u0161\u00ed vydavate\u013e rukopisu, ktor\u00fd bol pova\u017eovan\u00fd od&nbsp;roku 1944 za&nbsp;straten\u00fd.<\/p>\n<p>S\u00e1m spisovate\u013e ozna\u010dil vojnu za&nbsp;<em>\u201e\u0161ialen\u00fd svetov\u00fd bit\u00fanok\u201c<\/em> a&nbsp;m\u00e1 ju <em>\u201euzamknut\u00fa vo&nbsp;svojej hlave\u201c<\/em>, citovalo C\u00e9lina vydavate\u013estvo Gallimard.<\/p>\n<p>Rom\u00e1n <em><strong><a href=\"https:\/\/www.gallimard.fr\/Catalogue\/GALLIMARD\/Blanche\/Guerre\" rel=\"noopener\" target=\"_blank\">Vojna<\/a><\/strong><\/em> vyjde v&nbsp;80-tis\u00edcovom n\u00e1klade 5.&nbsp;m\u00e1ja. Franc\u00fazske vydavate\u013estvo pripravuje aj \u010fal\u0161iu nevydan\u00fa \u010das\u0165 C\u00e9linovej tril\u00f3gie nazvan\u00fa <em><strong>Lond\u00fdn<\/strong><\/em>, o&nbsp;jeho ceste do&nbsp;britskej metropoly v&nbsp;roku 1915, a&nbsp;tie\u017e znovuobjaven\u00e9 a&nbsp;doteraz len \u010diasto\u010dne publikovan\u00e9 dielo <em><strong>Masaker<\/strong> (Casse-pipe, 1949)<\/em> \u010di&nbsp;stredovek\u00fd pr\u00edbeh <em><strong>V\u00f4\u013ea kr\u00e1\u013ea Krogolda<\/strong> (La Volont\u00e9 du roi Krogold)<\/em>. <\/p>\n<p style=\"text-align: right;\"><small>&mdash;&nbsp;<a href=\"https:\/\/www.lefigaro.fr\/livres\/reapparition-des-manuscrits-de-celine-un-inedit-et-une-exposition-en-mai-2022-20220329\" target=\"_blank\" rel=\"noopener\">Le Figaro<\/a> a&nbsp;<a href=\"https:\/\/www.francetvinfo.fr\/culture\/livres\/roman\/louis-ferdinand-celine-parution-en-mai-d-un-inedit-guerre-suite-a-la-decouverte-de-manuscrits-l-an-passe_5052952.html\" target=\"_blank\" rel=\"noopener\">France T\u00e9l\u00e9visions<\/a><\/small><\/p>\n<div class=\"gca-utility clearfix\"><\/div>\n<div class=\"gca-utility vertical-spacer\"><\/div>\n<p><center><span class=\"fullscreen\"><script type=\"text\/javascript\" src=\"\/\/partner.mrtns.eu\/banners\/banner.js?type=banner&#038;brand_id=1&#038;uItem=52781&#038;size=full&#038;show_price=0&#038;color=orange&#038;z=WLGC7F\"><\/script><\/center><\/p>\n","protected":false},"excerpt":{"rendered":"<p>Doposia\u013e nepublikovan\u00fd rom\u00e1n franc\u00fazskeho spisovate\u013ea Louisa-Ferdinanda C\u00e9lina s&nbsp;prozaick\u00fdm n\u00e1zvom Vojna vyjde za\u010diatkom m\u00e1ja. Dielo z&nbsp;roku 1934, ktor\u00e9 sa&nbsp; pova\u017eovalo za&nbsp;nav\u017edy straten\u00e9, prinesie na&nbsp;pulty kn\u00edhkupectiev vo&nbsp;svojej prest\u00ed\u017enej Bielej ed\u00edcii vydavate\u013estvo Gallimard. <a href=\"https:\/\/literarnenoviny.sk\/servis\/doposial-nepublikovany-roman-louisa-ferdinanda-celina-vojna-vyjde-zaciatkom-maja\/\" class=\"more-link\">Cel\u00e1 spr\u00e1va <span class=\"meta-nav\">&rarr;<\/span><\/a><\/p>\n","protected":false},"author":2,"featured_media":0,"comment_status":"closed","ping_status":"closed","sticky":false,"template":"","format":"standard","meta":{"_links_to":"","_links_to_target":""},"categories":[1],"tags":[14,3,34],"_links":{"self":[{"href":"https:\/\/literarnenoviny.sk\/servis\/wp-json\/wp\/v2\/posts\/19708"}],"collection":[{"href":"https:\/\/literarnenoviny.sk\/servis\/wp-json\/wp\/v2\/posts"}],"about":[{"href":"https:\/\/literarnenoviny.sk\/servis\/wp-json\/wp\/v2\/types\/post"}],"author":[{"embeddable":true,"href":"https:\/\/literarnenoviny.sk\/servis\/wp-json\/wp\/v2\/users\/2"}],"replies":[{"embeddable":true,"href":"https:\/\/literarnenoviny.sk\/servis\/wp-json\/wp\/v2\/comments?post=19708"}],"version-history":[{"count":0,"href":"https:\/\/literarnenoviny.sk\/servis\/wp-json\/wp\/v2\/posts\/19708\/revisions"}],"wp:attachment":[{"href":"https:\/\/literarnenoviny.sk\/servis\/wp-json\/wp\/v2\/media?parent=19708"}],"wp:term":[{"taxonomy":"category","embeddable":true,"href":"https:\/\/literarnenoviny.sk\/servis\/wp-json\/wp\/v2\/categories?post=19708"},{"taxonomy":"post_tag","embeddable":true,"href":"https:\/\/literarnenoviny.sk\/servis\/wp-json\/wp\/v2\/tags?post=19708"}],"curies":[{"name":"wp","href":"https:\/\/api.w.org\/{rel}","templated":true}]}}