{"id":19605,"date":"2022-03-22T08:00:22","date_gmt":"2022-03-22T07:00:22","guid":{"rendered":"https:\/\/literarnenoviny.sk\/servis\/?p=19605"},"modified":"2022-03-23T23:43:29","modified_gmt":"2022-03-23T22:43:29","slug":"stajersku-cenu-za-literaturu-ziskala-ceska-spisovatelka-radka-denemarkova","status":"publish","type":"post","link":"https:\/\/literarnenoviny.sk\/servis\/stajersku-cenu-za-literaturu-ziskala-ceska-spisovatelka-radka-denemarkova\/","title":{"rendered":"\u0160tajersk\u00fa cenu za&nbsp;literat\u00faru z\u00edskala \u010desk\u00e1 spisovate\u013eka Radka Denemarkov\u00e1"},"content":{"rendered":"<p><strong><a href=\"https:\/\/de.wikipedia.org\/wiki\/Literaturpreis_des_Landes_Steiermark\" rel=\"noopener\" target=\"_blank\">\u0160tajersk\u00fa krajinsk\u00fa cenu za&nbsp;literat\u00faru<\/a> tento rok z\u00edskala \u010desk\u00e1 spisovate\u013eka <a href=\"https:\/\/cs.wikipedia.org\/wiki\/Radka_Denemarkov\u00e1\" rel=\"noopener\" target=\"_blank\">Radka Denemarkov\u00e1<\/a><\/strong>. Odborn\u00e1 porota pouk\u00e1zala na&nbsp;jej poetiku \u013eudskosti a&nbsp;vysok\u00fa liter\u00e1rnu kvalitu jej tvorby a&nbsp;krajinskej vl\u00e1de ju na&nbsp;ocenenie odpor\u00fa\u010dala ako autorku, ktor\u00e1 sp\u00e1ja nekompromisnos\u0165 s&nbsp;reflexiou. <\/p>\n<p>Rak\u00faskych liter\u00e1rnych kritikov autorka oslovila najm\u00e4 <em>\u201eh\u013abkou obsahu\u201c<\/em> a&nbsp;<em>\u201ejazykovou brilantnos\u0165ou\u201c<\/em>.<\/p>\n<p><center><div class=\"gca-utility vertical-spacer\"><\/div>\n<blockquote class=\"twitter-tweet\">\n<p lang=\"cs\" dir=\"ltr\">Liter\u00e1rn\u00ed cenu \u0160t\u00fdrska z\u00edskala Radka Denemarkov\u00e1: Vl\u00e1da rakousk\u00e9 spolkov\u00e9 zem\u011b \u0160t\u00fdrsko se rozhodla ud\u011blit Liter\u00e1rn\u00ed cenu \u0160t\u00fdrska za&nbsp;rok 2022 Radce Denemarkov\u00e9. Liter\u00e1rn\u00ed cena \u0160t\u00fdrska se ud\u011bluje um\u011blc\u016fm za&nbsp;mimo\u0159\u00e1dn\u00e9 liter\u00e1rn\u00ed d\u00edlo. Cena se ud\u011bluje ka\u017ed\u00e9\u2026 <a href=\"https:\/\/t.co\/dnkFjGBRxH\">https:\/\/t.co\/dnkFjGBRxH<\/a> <a href=\"https:\/\/t.co\/G5c3Im1BNj\">pic.twitter.com\/G5c3Im1BNj<\/a><\/p>\n<p>&mdash; Radka Denemarkov\u00e1 (@RadkaDenemarkov) <a href=\"https:\/\/twitter.com\/RadkaDenemarkov\/status\/1505970006487568387?ref_src=twsrc%5Etfw\">March 21, 2022<\/a><\/p><\/blockquote>\n<p> <script async src=\"https:\/\/platform.twitter.com\/widgets.js\" charset=\"utf-8\"><\/script><div class=\"gca-utility vertical-spacer\"><\/div><\/center><\/p>\n<p>Pre \u0161tvorn\u00e1sobn\u00fa laure\u00e1tku prest\u00ed\u017eneho \u010desk\u00e9ho ocenenia <a href=\"https:\/\/magnesia-litera.cz\/\" rel=\"noopener\" target=\"_blank\">Magnesia Litera<\/a> je&nbsp;\u0160tajersko takmer druh\u00fdm domovom. V&nbsp;rokoch 2017 a&nbsp;2018 <a href=\"https:\/\/www.rkfpraha.cz\/literatura\/radka-denemarkova-cestna-spisovatelka-mesta-graz-2019-11-11\/\" rel=\"noopener\" target=\"_blank\">sa stala<\/a> <em>\u201e\u010destnou spisovate\u013ekou mesta Graz\u201c<\/em> a&nbsp;od&nbsp;mesta z\u00edskala ro\u010dn\u00e9 \u0161tipendium. Ako rezidentka kult\u00farnej iniciat\u00edvy <a href=\"https:\/\/www.kuerbis.at\/\" rel=\"noopener\" target=\"_blank\">K\u00fcrbis Wies<\/a> nadviazala v&nbsp;roku 2021 \u00fazke kontakty so&nbsp;\u0161tajerskou liter\u00e1rnou a&nbsp;kult\u00farnou sc\u00e9nou.<\/p>\n<p>Nemeck\u00e9 vydavate\u013estvo <a href=\"https:\/\/hoffmann-und-campe.de\/\" rel=\"noopener\" target=\"_blank\">Hoffmann und Campe<\/a> Radke Denemarkovej ned\u00e1vno vydalo aj preklady jej dvoch najnov\u0161\u00edch rom\u00e1nov <em><strong><a href=\"https:\/\/www.martinus.sk\/?uItem=158531&#038;z=WLGC7F&#038;utm_source=z%3DWLGC7F&#038;utm_medium=url&#038;utm_campaign=partner\" rel=\"noopener\" target=\"_blank\">P\u0159\u00edsp\u011bvek k&nbsp;d\u011bjin\u00e1m radosti<\/a><\/strong> (Host, 2014)<\/em> a&nbsp;<em><strong><a href=\"https:\/\/www.martinus.sk\/?uItem=299147&#038;z=WLGC7F&#038;utm_source=z%3DWLGC7F&#038;utm_medium=url&#038;utm_campaign=partner\" rel=\"noopener\" target=\"_blank\">Hodiny z&nbsp;olova<\/a><\/strong> (Host, 2018)<\/em>.<\/p>\n<p>Rak\u00faska krajinsk\u00e1 <a href=\"https:\/\/www.verwaltung.steiermark.at\/cms\/beitrag\/11681896\/74837317\/\" rel=\"noopener\" target=\"_blank\">Literaturpreis des Landes Steiermark<\/a>  sa&nbsp;ude\u013euje od&nbsp;70.&nbsp;rokov minul\u00e9ho storo\u010dia <em>(aktu\u00e1lne raz za&nbsp;dva roky)<\/em>. Medzi jej laure\u00e1tmi s\u00fa autori ako Peter Handke, Elfriede Jelinekov\u00e1, Clemens J. Setz \u010di&nbsp;G\u00fcnter Eichberger.<\/p>\n<p>Ocenenie  je&nbsp;honorovan\u00e9 sumou 10-tis\u00edc eur. Grant \u0161tajerskej krajinskej vl\u00e1dy 5-tis\u00edc eur tento rok z\u00edskala ukrajinsk\u00e1 prekladate\u013eka <a href=\"https:\/\/esu.com.ua\/search_articles.php?id=71664\" rel=\"noopener\" target=\"_blank\">Christina Nazarkevi\u010dov\u00e1<\/a>.<\/p>\n<p style=\"text-align: right;\"><small>&mdash;&nbsp;<a href=\"https:\/\/steiermark.orf.at\/stories\/3148068\/\" target=\"_blank\" rel=\"noopener\">\u00d6sterreichischer Rundfunk<\/a><\/small><\/p>\n<div class=\"gca-utility clearfix\"><\/div>\n<div class=\"gca-utility vertical-spacer\"><\/div>\n<p><center><span class=\"fullscreen\"><script type=\"text\/javascript\" src=\"\/\/partner.mrtns.eu\/banners\/banner.js?type=banner&#038;brand_id=1&#038;uItem=299147&#038;size=full&#038;show_price=0&#038;color=orange&#038;z=WLGC7F\"><\/script><\/center><\/p>\n","protected":false},"excerpt":{"rendered":"<p>\u0160tajersk\u00fa krajinsk\u00fa cenu za&nbsp;literat\u00faru tento rok z\u00edskala \u010desk\u00e1 spisovate\u013eka Radka Denemarkov\u00e1. Odborn\u00e1 porota pouk\u00e1zala na&nbsp;jej poetiku \u013eudskosti a&nbsp;vysok\u00fa liter\u00e1rnu kvalitu jej tvorby a&nbsp;krajinskej vl\u00e1de ju na&nbsp;ocenenie odpor\u00fa\u010dala ako autorku, ktor\u00e1 sp\u00e1ja nekompromisnos\u0165 s&nbsp;reflexiou. <a href=\"https:\/\/literarnenoviny.sk\/servis\/stajersku-cenu-za-literaturu-ziskala-ceska-spisovatelka-radka-denemarkova\/\" class=\"more-link\">Cel\u00e1 spr\u00e1va <span class=\"meta-nav\">&rarr;<\/span><\/a><\/p>\n","protected":false},"author":2,"featured_media":0,"comment_status":"closed","ping_status":"closed","sticky":false,"template":"","format":"standard","meta":{"_links_to":"","_links_to_target":""},"categories":[1],"tags":[4,3,21],"_links":{"self":[{"href":"https:\/\/literarnenoviny.sk\/servis\/wp-json\/wp\/v2\/posts\/19605"}],"collection":[{"href":"https:\/\/literarnenoviny.sk\/servis\/wp-json\/wp\/v2\/posts"}],"about":[{"href":"https:\/\/literarnenoviny.sk\/servis\/wp-json\/wp\/v2\/types\/post"}],"author":[{"embeddable":true,"href":"https:\/\/literarnenoviny.sk\/servis\/wp-json\/wp\/v2\/users\/2"}],"replies":[{"embeddable":true,"href":"https:\/\/literarnenoviny.sk\/servis\/wp-json\/wp\/v2\/comments?post=19605"}],"version-history":[{"count":0,"href":"https:\/\/literarnenoviny.sk\/servis\/wp-json\/wp\/v2\/posts\/19605\/revisions"}],"wp:attachment":[{"href":"https:\/\/literarnenoviny.sk\/servis\/wp-json\/wp\/v2\/media?parent=19605"}],"wp:term":[{"taxonomy":"category","embeddable":true,"href":"https:\/\/literarnenoviny.sk\/servis\/wp-json\/wp\/v2\/categories?post=19605"},{"taxonomy":"post_tag","embeddable":true,"href":"https:\/\/literarnenoviny.sk\/servis\/wp-json\/wp\/v2\/tags?post=19605"}],"curies":[{"name":"wp","href":"https:\/\/api.w.org\/{rel}","templated":true}]}}