{"id":19490,"date":"2022-03-12T18:30:21","date_gmt":"2022-03-12T17:30:21","guid":{"rendered":"https:\/\/literarnenoviny.sk\/servis\/?p=19490"},"modified":"2022-03-17T18:46:44","modified_gmt":"2022-03-17T17:46:44","slug":"brazilsky-spisovatel-paulo-coelho-svojim-tweetom-o-rusofobii-poburil-ukrajincov","status":"publish","type":"post","link":"https:\/\/literarnenoviny.sk\/servis\/brazilsky-spisovatel-paulo-coelho-svojim-tweetom-o-rusofobii-poburil-ukrajincov\/","title":{"rendered":"Braz\u00edlsky spisovate\u013e Paulo Coelho svojim tweetom o&nbsp;rusof\u00f3bii pob\u00faril Ukrajincov"},"content":{"rendered":"<p><strong>Braz\u00edlsky spisovate\u013e <a href=\"https:\/\/sk.wikipedia.org\/wiki\/Paulo_Coelho\" rel=\"noopener\" target=\"_blank\">Paulo Coelho<\/a> na&nbsp;Twitteri <a href=\"https:\/\/twitter.com\/paulocoelho\/status\/1502204539751088133\" rel=\"noopener\" target=\"_blank\">nap\u00edsal<\/a>, \u017ee&nbsp;vojna na&nbsp;Ukrajine je&nbsp;<em>\u201evhodnou v\u00fdhovorkou\u201c<\/em> pre&nbsp;<em>\u201erusof\u00f3biu\u201c<\/em><\/strong>. Bestsellerov\u00fd autor svoj\u00edm pr\u00edspevkom pob\u00faril Ukrajincov, ktor\u00ed sa&nbsp;u\u017e&nbsp;sedemn\u00e1sty de\u0148 sami br\u00e1nia bezprecedentnej a&nbsp;mas\u00edvnej vojenskej agresii druhej najv\u00e4\u010d\u0161ej arm\u00e1dy sveta.<\/p>\n<p>Vojnu, ktor\u00fa Rusko vedie proti Ukrajine, ozna\u010dil za&nbsp;<em>\u201ekr\u00edzu\u201c<\/em> a&nbsp;\u017eiadal, aby sme neobvi\u0148ovali <em>\u201eoby\u010dajn\u00fdch \u013eud\u00ed\u201c<\/em>.<\/p>\n<p><center><div class=\"gca-utility vertical-spacer\"><\/div> <\/p>\n<blockquote class=\"twitter-tweet\">\n<p lang=\"en\" dir=\"ltr\">I\u2019ve been to Lvov, Kyiv, Odessa, Yalta, Chernobyl (Ukraine)<\/p>\n<p>I\u2019ve crossed 10.000 km by train, Moscow to Vladivostok (Russia)<\/p>\n<p>Yes, there is a&nbsp;war: but don\u2019t blame the&nbsp;common people<\/p>\n<p>&mdash; Paulo Coelho (@paulocoelho) <a href=\"https:\/\/twitter.com\/paulocoelho\/status\/1502213927551348740?ref_src=twsrc%5Etfw\">March 11, 2022<\/a><\/p><\/blockquote>\n<p> <script async src=\"https:\/\/platform.twitter.com\/widgets.js\" charset=\"utf-8\"><\/script> <div class=\"gca-utility vertical-spacer\"><\/div><\/center><\/p>\n<p>Coelhova v\u00fdzva proti <em>\u201erusof\u00f3bii\u201c<\/em> vyvolala medzi diskutuj\u00facimi na&nbsp;soci\u00e1lnej sieti polemiku. V\u00e4\u010d\u0161ina z&nbsp;nich  v\u0161ak spisovate\u013eove slov\u00e1 odsudzuje.<\/p>\n<p><em>\u201eAko Ukrajinec z&nbsp;Kyjeva, ktor\u00fd tr\u00e1vi noci v&nbsp;protibombov\u00fdch krytoch, sa&nbsp;c\u00edtim hlboko dotknut\u00fd. To, \u010do&nbsp;v\u00e1s viedlo k&nbsp;nap\u00edsaniu tohto tweetu, je&nbsp;zvr\u00e1ten\u00e9 koloni\u00e1lne myslenie. Ka\u017ed\u00e1 osoba v&nbsp;Rusku nesie individu\u00e1lnu zodpovednos\u0165 za&nbsp;vojnu na&nbsp;Ukrajine, ml\u010danie aj napom\u00e1hanie re\u017eimu je&nbsp;krimin\u00e1lny \u010din,\u201c<\/em> zareagoval obyvate\u013e obliehan\u00e9ho ukrajinsk\u00e9ho hlavn\u00e9ho mesta.<\/p>\n<p><em>\u201eTo mysl\u00edte v\u00e1\u017ene? Rusi podporuj\u00fa t\u00fato vojnu. V&nbsp;Mariupole umieraj\u00fa nevinn\u00e9 deti, preto\u017ee ich zab\u00edjaj\u00fa Rusi! V&nbsp;Po\u013esku pre&nbsp;rusk\u00fa inv\u00e1ziu u\u017e&nbsp;m\u00e1me 1,6 mili\u00f3na ute\u010dencov, a&nbsp;vy si to tr\u00fafate nazva\u0165 ukrajinskou kr\u00edzou?\u201c<\/em> p\u00fdta sa&nbsp;spisovate\u013ea rozhor\u010den\u00e1 Po\u013eka.<\/p>\n<p>S narastaj\u00facou <a href=\"https:\/\/www.pravda.com.ua\/articles\/2022\/03\/10\/7330084\/\" rel=\"noopener\" target=\"_blank\">agresiou Ruskej okupa\u010dnej arm\u00e1dy<\/a> na&nbsp;Ukrajine sa&nbsp;<a href=\"https:\/\/dennikn.sk\/2764224\/rusov-neobsluhujeme-a-neubytovavame-na-ich-deti-naplujeme-nenavist-voci-vsetkym-rusom-rastie\/\" rel=\"noopener\" target=\"_blank\">protirusk\u00e9 n\u00e1lady<\/a> u\u017e&nbsp;za\u010dali objavova\u0165 vo&nbsp;viacer\u00fdch eur\u00f3pskych krajin\u00e1ch. <\/p>\n<p style=\"text-align: right;\"><small>&mdash;&nbsp;<a href=\"https:\/\/life.pravda.com.ua\/society\/2022\/03\/12\/247783\/\" target=\"_blank\" rel=\"noopener\">\u0423\u043a\u0440\u0430\u0457\u043d\u0441\u044c\u043a\u0430 \u043f\u0440\u0430\u0432\u0434\u0430<\/a><\/small><\/p>\n<div class=\"gca-utility clearfix\"><\/div>\n<div class=\"gca-utility vertical-spacer\"><\/div>\n<p><center><span class=\"fullscreen\"><a href=\"\/\/www.martinus.sk\/?z=WLGC7F&#038;utm_source=z%3DWLGC7F&#038;utm_medium=banner1_468x60&#038;utm_campaign=partner\"><img decoding=\"async\" src=\"\/\/www.martinus.sk\/images\/banners\/468x60.jpg\" alt=\"www.martinus.sk\" \/><\/a><\/span><\/center><\/p>\n","protected":false},"excerpt":{"rendered":"<p>Braz\u00edlsky spisovate\u013e Paulo Coelho na&nbsp;Twitteri nap\u00edsal, \u017ee&nbsp;vojna na&nbsp;Ukrajine je&nbsp;vhodnou v\u00fdhovorkou pre&nbsp;rusof\u00f3biu. Bestsellerov\u00fd autor svoj\u00edm pr\u00edspevkom pob\u00faril Ukrajincov, ktor\u00ed sa&nbsp;u\u017e&nbsp;sedemn\u00e1sty de\u0148 sami br\u00e1nia bezprecedentnej a&nbsp;mas\u00edvnej vojenskej agresii druhej najv\u00e4\u010d\u0161ej arm\u00e1dy sveta. <a href=\"https:\/\/literarnenoviny.sk\/servis\/brazilsky-spisovatel-paulo-coelho-svojim-tweetom-o-rusofobii-poburil-ukrajincov\/\" class=\"more-link\">Cel\u00e1 spr\u00e1va <span class=\"meta-nav\">&rarr;<\/span><\/a><\/p>\n","protected":false},"author":2,"featured_media":0,"comment_status":"closed","ping_status":"closed","sticky":false,"template":"","format":"standard","meta":{"_links_to":"","_links_to_target":""},"categories":[1],"tags":[3,76,176],"_links":{"self":[{"href":"https:\/\/literarnenoviny.sk\/servis\/wp-json\/wp\/v2\/posts\/19490"}],"collection":[{"href":"https:\/\/literarnenoviny.sk\/servis\/wp-json\/wp\/v2\/posts"}],"about":[{"href":"https:\/\/literarnenoviny.sk\/servis\/wp-json\/wp\/v2\/types\/post"}],"author":[{"embeddable":true,"href":"https:\/\/literarnenoviny.sk\/servis\/wp-json\/wp\/v2\/users\/2"}],"replies":[{"embeddable":true,"href":"https:\/\/literarnenoviny.sk\/servis\/wp-json\/wp\/v2\/comments?post=19490"}],"version-history":[{"count":0,"href":"https:\/\/literarnenoviny.sk\/servis\/wp-json\/wp\/v2\/posts\/19490\/revisions"}],"wp:attachment":[{"href":"https:\/\/literarnenoviny.sk\/servis\/wp-json\/wp\/v2\/media?parent=19490"}],"wp:term":[{"taxonomy":"category","embeddable":true,"href":"https:\/\/literarnenoviny.sk\/servis\/wp-json\/wp\/v2\/categories?post=19490"},{"taxonomy":"post_tag","embeddable":true,"href":"https:\/\/literarnenoviny.sk\/servis\/wp-json\/wp\/v2\/tags?post=19490"}],"curies":[{"name":"wp","href":"https:\/\/api.w.org\/{rel}","templated":true}]}}