{"id":1925,"date":"2018-01-21T11:09:38","date_gmt":"2018-01-21T10:09:38","guid":{"rendered":"https:\/\/literarnenoviny.sk\/servis\/?p=1925"},"modified":"2020-10-15T22:06:40","modified_gmt":"2020-10-15T20:06:40","slug":"vo-veku-63-rokov-zomrela-polska-reporterka-a-spisovatelka-lidia-ostalowska","status":"publish","type":"post","link":"https:\/\/literarnenoviny.sk\/servis\/vo-veku-63-rokov-zomrela-polska-reporterka-a-spisovatelka-lidia-ostalowska\/","title":{"rendered":"Vo veku 63 rokov zomrela po\u013esk\u00e1 report\u00e9rka a&nbsp;spisovate\u013eka Lidia Osta\u0142owska"},"content":{"rendered":"<p><strong>Vo veku 63 rokov zomrela po\u013esk\u00e1 report\u00e9rka a&nbsp;spisovate\u013eka <a href=\"https:\/\/pl.wikipedia.org\/wiki\/Lidia_Lidia_Osta\u0142owska\" rel=\"noopener noreferrer\" target=\"_blank\">Lidia Osta\u0142owska<\/a>, ktor\u00e1 sa&nbsp;presl\u00e1vila report\u00e1\u017eami o&nbsp;R\u00f3moch<\/strong>. Slovensk\u00e9 vydavate\u013estvo Absynt jej u&nbsp;n\u00e1s vydalo liter\u00e1rnu report\u00e1\u017e <a href=\"http:\/\/www.martinus.sk\/?uItem=264878&#038;z=WLGC7F&#038;utm_source=z%3DWLGC7F&#038;utm_medium=url&#038;utm_campaign=partner\" rel=\"noopener noreferrer\" target=\"_blank\">Cig\u00e1n je&nbsp;Cig\u00e1n<\/a>.<\/p>\n<p><center><iframe loading=\"lazy\" src=\"https:\/\/www.facebook.com\/plugins\/post.php?href=https%3A%2F%2Fwww.facebook.com%2Fwyborcza%2Fposts%2F10155572189913557&#038;width=500\" width=\"500\" height=\"542\" style=\"border:none;overflow:hidden\" scrolling=\"no\" frameborder=\"0\" allowTransparency=\"true\"><\/iframe><\/center>\t \t <\/p>\n<p>Predn\u00e1\u0161ala na&nbsp;In\u0161tit\u00fate report\u00e1\u017ee vo&nbsp;Var\u0161ave. Pred p\u00e1dom komunizmu bola akt\u00edvna v&nbsp;podzemnom hnut\u00ed Solidarita.<\/p>\n<p>Report\u00e1\u017ena kniha Vodov\u00e9 farby, ktor\u00e1 vy\u0161la v&nbsp;\u010de\u0161tine pod n\u00e1zvom <a href=\"http:\/\/www.martinus.sk\/?uItem=198014&#038;z=WLGC7F&#038;utm_source=z%3DWLGC7F&#038;utm_medium=url&#038;utm_campaign=partner\" rel=\"noopener noreferrer\" target=\"_blank\">Akvarely pro Mengeleho<\/a>, z\u00edskala viacero liter\u00e1rnych ocenen\u00ed.<\/p>\n<p>\u201eJe to ako za&nbsp;holokaustu, len slov\u00e1 \u017did a&nbsp;R\u00f3m nahradili ute\u010denec a&nbsp;moslim,\u201c vyjadrila sa&nbsp;pred dvomi rokmi <a href=\"https:\/\/dennikn.sk\/247663\/polska-reporterka-vratila-sa-nenavistna-retorika-ako-z-cias-pred-holokaustom\/\" rel=\"noopener noreferrer\" target=\"_blank\">v rozhovore pre&nbsp;Denn\u00edk N<\/a>.<\/p>\n<p><a href=\"http:\/\/wyborcza.pl\/7,75968,22925679,zegnaj-lidko.html\" rel=\"noopener noreferrer\" target=\"_blank\">\u201eZbohom, Lidka&#8230;,\u201c<\/a> nap\u00edsal v&nbsp;rozl\u00fa\u010dke s&nbsp;Lidiou Osta\u0142owskou Adam Michnik v&nbsp;denn\u00edku Gazeta Wyborcza, pre&nbsp;ktor\u00fd autorka od&nbsp;roku 1989 pracovala. <\/p>\n<p style=\"text-align: right;\"><small><a href=\"http:\/\/katowice.wyborcza.pl\/katowice\/7,35063,22925575,lidia-ostalowska-nie-zyje-zmarla-jedna-z-najlepszych-polskich.html\" target=\"_blank\" rel=\"noopener noreferrer\">Gazeta Wyborcza<\/a> <\/small><\/p>\n","protected":false},"excerpt":{"rendered":"<p>Vo veku 63 rokov zomrela po\u013esk\u00e1 report\u00e9rka a&nbsp;spisovate\u013eka Lidia Osta\u0142owska, ktor\u00e1 sa&nbsp;presl\u00e1vila report\u00e1\u017eami o&nbsp;R\u00f3moch. Slovensk\u00e9 vydavate\u013estvo Absynt jej u&nbsp;n\u00e1s vydalo liter\u00e1rnu report\u00e1\u017e Cig\u00e1n je&nbsp;Cig\u00e1n. Autorka pracovala od&nbsp;roku 1989 v&nbsp;denn\u00edku Gazeta Wyborcza. <a href=\"https:\/\/literarnenoviny.sk\/servis\/vo-veku-63-rokov-zomrela-polska-reporterka-a-spisovatelka-lidia-ostalowska\/\" class=\"more-link\">Cel\u00e1 spr\u00e1va <span class=\"meta-nav\">&rarr;<\/span><\/a><\/p>\n","protected":false},"author":2,"featured_media":0,"comment_status":"closed","ping_status":"closed","sticky":false,"template":"","format":"standard","meta":{"_links_to":"","_links_to_target":""},"categories":[1],"tags":[14,3,209,27],"_links":{"self":[{"href":"https:\/\/literarnenoviny.sk\/servis\/wp-json\/wp\/v2\/posts\/1925"}],"collection":[{"href":"https:\/\/literarnenoviny.sk\/servis\/wp-json\/wp\/v2\/posts"}],"about":[{"href":"https:\/\/literarnenoviny.sk\/servis\/wp-json\/wp\/v2\/types\/post"}],"author":[{"embeddable":true,"href":"https:\/\/literarnenoviny.sk\/servis\/wp-json\/wp\/v2\/users\/2"}],"replies":[{"embeddable":true,"href":"https:\/\/literarnenoviny.sk\/servis\/wp-json\/wp\/v2\/comments?post=1925"}],"version-history":[{"count":0,"href":"https:\/\/literarnenoviny.sk\/servis\/wp-json\/wp\/v2\/posts\/1925\/revisions"}],"wp:attachment":[{"href":"https:\/\/literarnenoviny.sk\/servis\/wp-json\/wp\/v2\/media?parent=1925"}],"wp:term":[{"taxonomy":"category","embeddable":true,"href":"https:\/\/literarnenoviny.sk\/servis\/wp-json\/wp\/v2\/categories?post=1925"},{"taxonomy":"post_tag","embeddable":true,"href":"https:\/\/literarnenoviny.sk\/servis\/wp-json\/wp\/v2\/tags?post=1925"}],"curies":[{"name":"wp","href":"https:\/\/api.w.org\/{rel}","templated":true}]}}