{"id":19236,"date":"2022-02-09T14:20:15","date_gmt":"2022-02-09T13:20:15","guid":{"rendered":"https:\/\/literarnenoviny.sk\/servis\/?p=19236"},"modified":"2022-02-16T01:14:57","modified_gmt":"2022-02-16T00:14:57","slug":"lipsky-knizny-veltrh-sa-ani-tento-rok-neuskutocni-nebude-uz-treti-rok-po-sebe","status":"publish","type":"post","link":"https:\/\/literarnenoviny.sk\/servis\/lipsky-knizny-veltrh-sa-ani-tento-rok-neuskutocni-nebude-uz-treti-rok-po-sebe\/","title":{"rendered":"Lipsk\u00fd kni\u017en\u00fd ve\u013etrh sa&nbsp;ani tento rok neuskuto\u010dn\u00ed, nebude u\u017e&nbsp;tret\u00ed rok po&nbsp;sebe"},"content":{"rendered":"<p><strong><a href=\"https:\/\/www.leipziger-buchmesse.de\/\" rel=\"noopener\" target=\"_blank\">Lipsk\u00fd kni\u017en\u00fd ve\u013etrh<\/a> sa&nbsp;pre&nbsp;trvaj\u00facu pand\u00e9miu nebude kona\u0165 ani tento rok<\/strong>, ozn\u00e1mili to jeho usporiadatelia. Ve\u013ea vystavovate\u013eov sa&nbsp;ho toti\u017e  rozhodlo nez\u00fa\u010dastni\u0165 a&nbsp;ve\u013etrh by tak stratil rozmanitos\u0165. Ide u\u017e&nbsp;o&nbsp;tretie zru\u0161enie druh\u00e9ho najv\u00e4\u010d\u0161ieho nemeck\u00e9ho kni\u017en\u00e9ho podujatia od&nbsp;za\u010diatku pand\u00e9mie. <\/p>\n<p>Organiz\u00e1tori ve\u013etrhu pritom doned\u00e1vna avizovali, \u017ee&nbsp;sa&nbsp;t\u00e1to v\u00fdznamn\u00e1 liter\u00e1rna a&nbsp;vydavate\u013esk\u00e1 akcia uskuto\u010dn\u00ed v&nbsp;term\u00edne od&nbsp;17.&nbsp;do&nbsp;20.&nbsp;marca 2022.<\/p>\n<p><center><div class=\"gca-utility vertical-spacer\"><\/div>\n<blockquote class=\"twitter-tweet\">\n<p lang=\"de\" dir=\"ltr\">Direktor Oliver Zille nennt die Absage der Leipziger <a href=\"https:\/\/twitter.com\/buchmesse?ref_src=twsrc%5Etfw\">@buchmesse<\/a> deprimierend und bitter, aber \u201efolgerichtig\u201c. Die Gr\u00fcnde erkl\u00e4rt er hier bei uns im Interview: ? <a href=\"https:\/\/t.co\/3tZFglmOl2\">https:\/\/t.co\/3tZFglmOl2<\/a><\/p>\n<p>&mdash; MDR AKTUELL (@MDRAktuell) <a href=\"https:\/\/twitter.com\/MDRAktuell\/status\/1491407086084886531?ref_src=twsrc%5Etfw\">February 9, 2022<\/a><\/p><\/blockquote>\n<p> <script async src=\"https:\/\/platform.twitter.com\/widgets.js\" charset=\"utf-8\"><\/script><div class=\"gca-utility vertical-spacer\"><\/div><\/center><\/p>\n<p>Doteraj\u0161ie pr\u00edpravy riadite\u013e ve\u013etrhu Oliver Zille <a href=\"https:\/\/www.zeit.de\/news\/2022-02\/09\/leipziger-buchmesse-ist-auch-fuer-2022-abgesagt\" rel=\"noopener\" target=\"_blank\">zd\u00f4vodnil t\u00fdm<\/a>, \u017ee&nbsp;takmer 75&nbsp;percent vystavovate\u013eov z&nbsp;predpandemick\u00fdch \u010dias  p\u00f4vodne svoju \u00fa\u010das\u0165 pris\u013e\u00fabilo. <em>\u201eOdvetvie n\u00e1m davalo jasn\u00e9 sign\u00e1ly, aby sa&nbsp;ve\u013etrh, pokia\u013e to bude \u010do&nbsp;len trochu mo\u017en\u00e9, konal &#8211; a\u017e do&nbsp;konca sme bojovali, aby sa&nbsp;uskuto\u010dnil,\u201c<\/em> vysvet\u013eoval Zille.<\/p>\n<p>Pod\u013ea agent\u00fary DPA v\u0161ak \u00fa\u010das\u0165 odriekli napr\u00edklad vydavate\u013esk\u00e9 domy ako <a href=\"https:\/\/www.oetinger.de\/\" rel=\"noopener\" target=\"_blank\">Oetinger<\/a> \u010di&nbsp;<a href=\"https:\/\/www.penguinrandomhouse.com\/\" rel=\"noopener\" target=\"_blank\">Penguin Random House<\/a>. Za&nbsp;konanie ve\u013etrhu sa&nbsp;naopak prihov\u00e1rala Nad\u00e1cia Kurta Wolffa, zastupuj\u00faca nez\u00e1visl\u00fdch nakladate\u013eov. <\/p>\n<p>Nepl\u00e1nuje sa&nbsp;ani \u017eiadny n\u00e1hradn\u00fd online program a&nbsp;ru\u0161\u00ed sa&nbsp;aj \u010ditate\u013esk\u00fd festival Lipsko \u010d\u00edta <em>(Leipzig liest)<\/em>. <\/p>\n<p>Organiz\u00e1tori Lipsk\u00e9ho ve\u013etrhu sa&nbsp;u\u017e&nbsp;teraz te\u0161ia na&nbsp;jeho nasleduj\u00faci ro\u010dn\u00edk, ktor\u00fd je&nbsp;napl\u00e1novan\u00fd na&nbsp;23.a\u017e 26.&nbsp;marca 2023.<\/p>\n<p style=\"text-align: right;\"><small>&mdash;&nbsp;<a href=\"https:\/\/www.leipziger-buchmesse.de\/\" target=\"_blank\" rel=\"noopener\">Leipziger Buchmesse<\/a>, <a href=\"mdr.de\/kultur\/literatur\/leipzig-buchmesse-absage-oliver-zille-100.html\" target=\"_blank\" rel=\"noopener\">MDR<\/a> a&nbsp;<a href=\"https:\/\/www.zeit.de\/news\/2022-02\/09\/leipziger-buchmesse-ist-auch-fuer-2022-abgesagt\" target=\"_blank\" rel=\"noopener\">Die Zeit<\/a><\/p>\n<p><\/small><\/p>\n<div class=\"gca-utility clearfix\"><\/div>\n<div class=\"gca-utility vertical-spacer\"><\/div>\n<p><center><span class=\"fullscreen\"><a href=\"\/\/www.martinus.sk\/?z=WLGC7F&#038;utm_source=z%3DWLGC7F&#038;utm_medium=banner1_468x60&#038;utm_campaign=partner\"><img decoding=\"async\" src=\"\/\/www.martinus.sk\/images\/banners\/468x60_red.jpg\" alt=\"www.martinus.sk\" \/><\/a><\/span><\/center><\/p>\n","protected":false},"excerpt":{"rendered":"<p>Lipsk\u00fd kni\u017en\u00fd ve\u013etrh sa&nbsp;pre&nbsp;trvaj\u00facu pand\u00e9miu nebude kona\u0165 ani tento rok, ozn\u00e1mili to jeho usporiadatelia. Ve\u013ea vystavovate\u013eov sa&nbsp;ho toti\u017e rozhodlo nez\u00fa\u010dastni\u0165 a&nbsp;ve\u013etrh by tak stratil rozmanitos\u0165. Ide u\u017e&nbsp;o&nbsp;tretie zru\u0161enie druh\u00e9ho najv\u00e4\u010d\u0161ieho nemeck\u00e9ho kni\u017en\u00e9ho podujatia od&nbsp;za\u010diatku pand\u00e9mie. <a href=\"https:\/\/literarnenoviny.sk\/servis\/lipsky-knizny-veltrh-sa-ani-tento-rok-neuskutocni-nebude-uz-treti-rok-po-sebe\/\" class=\"more-link\">Cel\u00e1 spr\u00e1va <span class=\"meta-nav\">&rarr;<\/span><\/a><\/p>\n","protected":false},"author":2,"featured_media":0,"comment_status":"closed","ping_status":"closed","sticky":false,"template":"","format":"standard","meta":{"_links_to":"","_links_to_target":""},"categories":[1],"tags":[171,8,100,34],"_links":{"self":[{"href":"https:\/\/literarnenoviny.sk\/servis\/wp-json\/wp\/v2\/posts\/19236"}],"collection":[{"href":"https:\/\/literarnenoviny.sk\/servis\/wp-json\/wp\/v2\/posts"}],"about":[{"href":"https:\/\/literarnenoviny.sk\/servis\/wp-json\/wp\/v2\/types\/post"}],"author":[{"embeddable":true,"href":"https:\/\/literarnenoviny.sk\/servis\/wp-json\/wp\/v2\/users\/2"}],"replies":[{"embeddable":true,"href":"https:\/\/literarnenoviny.sk\/servis\/wp-json\/wp\/v2\/comments?post=19236"}],"version-history":[{"count":0,"href":"https:\/\/literarnenoviny.sk\/servis\/wp-json\/wp\/v2\/posts\/19236\/revisions"}],"wp:attachment":[{"href":"https:\/\/literarnenoviny.sk\/servis\/wp-json\/wp\/v2\/media?parent=19236"}],"wp:term":[{"taxonomy":"category","embeddable":true,"href":"https:\/\/literarnenoviny.sk\/servis\/wp-json\/wp\/v2\/categories?post=19236"},{"taxonomy":"post_tag","embeddable":true,"href":"https:\/\/literarnenoviny.sk\/servis\/wp-json\/wp\/v2\/tags?post=19236"}],"curies":[{"name":"wp","href":"https:\/\/api.w.org\/{rel}","templated":true}]}}