{"id":19199,"date":"2022-02-07T08:00:56","date_gmt":"2022-02-07T07:00:56","guid":{"rendered":"https:\/\/literarnenoviny.sk\/servis\/?p=19199"},"modified":"2022-02-09T08:32:47","modified_gmt":"2022-02-09T07:32:47","slug":"nositelky-nobelovej-ceny-za-literaturu-vyzvali-nemecko-na-dodanie-zbrani-ukrajine","status":"publish","type":"post","link":"https:\/\/literarnenoviny.sk\/servis\/nositelky-nobelovej-ceny-za-literaturu-vyzvali-nemecko-na-dodanie-zbrani-ukrajine\/","title":{"rendered":"Nosite\u013eky Nobelovej ceny za&nbsp;literat\u00faru vyzvali Nemecko na&nbsp;dodanie zbran\u00ed Ukrajine"},"content":{"rendered":"<p><strong>Nosite\u013eky Nobelovej ceny za&nbsp;literat\u00faru <a href=\"https:\/\/www.spiegel.de\/kultur\/herta-mueller-und-swetlana-alexijewitsch-die-deutschen-politiker-blamieren-uns-vor-der-ganzen-welt-a-28d34857-eef9-41b0-9e44-1e47492e2307\" rel=\"noopener\" target=\"_blank\">vyzvali<\/a> Nemecko, aby poskytlo zbrane Ukrajine<\/strong>. Spisovate\u013eky <a href=\"https:\/\/cs.wikipedia.org\/wiki\/Herta_M\u00fcllerov\u00e1\" rel=\"noopener\" target=\"_blank\">Herta M\u00fcllerov\u00e1<\/a> a&nbsp;<a href=\"\/\/sk.wikipedia.org\/wiki\/Sviatlana_A\u013eaksandravna_Aleksijevi\u010dov\u00e1\" rel=\"noopener\" target=\"_blank\">Sviatlana Alexijevi\u010dov\u00e1<\/a> uviedli, \u017ee&nbsp;s\u013e\u00faben\u00fa pomoc ukrajinskej arm\u00e1de v&nbsp;podobe 5-tis\u00edc prilieb pova\u017euj\u00fa za&nbsp;blam\u00e1\u017e pred cel\u00fdm svetom. Inform\u00e1ciu cez v\u00edkend priniesol t\u00fd\u017edenn\u00edk <a href=\"https:\/\/www.spiegel.de\/kultur\/herta-mueller-und-swetlana-alexijewitsch-die-deutschen-politiker-blamieren-uns-vor-der-ganzen-welt-a-28d34857-eef9-41b0-9e44-1e47492e2307\" rel=\"noopener\" target=\"_blank\">Der Speigel<\/a>.<\/p>\n<p>Nemeck\u00fd kancel\u00e1r <a href=\"https:\/\/cs.wikipedia.org\/wiki\/Olaf_Scholz\" rel=\"noopener\" target=\"_blank\">Olaf Scholz<\/a> n\u00e1sledne potvrdil, \u017ee&nbsp;<a href=\"https:\/\/www.tagesschau.de\/inland\/scholz-ukraine-103.html\" rel=\"noopener\" target=\"_blank\">Nemecko Ukrajine zbrane dod\u00e1va\u0165 nebude<\/a>. <em>\u201eSo v\u0161etk\u00fdmi spojencami existuje jasn\u00e1 strat\u00e9gia,\u201c<\/em> povedal Scholz pred svojou cestou do&nbsp;USA.<\/p>\n<p><center><div class=\"gca-utility vertical-spacer\"><\/div>\n<blockquote class=\"twitter-tweet\">\n<p lang=\"de\" dir=\"ltr\">Swetlana Alexijewitsch und Herta M\u00fcller sprechen \u00fcber den m\u00f6glichen Einmarsch russischer Truppen in die Ukraine und fordern Waffenlieferungen aus Deutschland. <a href=\"https:\/\/t.co\/EJHWzfBYEd\">https:\/\/t.co\/EJHWzfBYEd<\/a><\/p>\n<p>&mdash; SPIEGEL Ticker (@SPIEGEL_alles) <a href=\"https:\/\/twitter.com\/SPIEGEL_alles\/status\/1489856580266852353?ref_src=twsrc%5Etfw\">February 5, 2022<\/a><\/p><\/blockquote>\n<p> <script async src=\"https:\/\/platform.twitter.com\/widgets.js\" charset=\"utf-8\"><\/script><div class=\"gca-utility vertical-spacer\"><\/div><\/center><\/p>\n<p>Scholz zd\u00f4raznil, \u017ee&nbsp;spolkov\u00e1 vl\u00e1da m\u00e1 u\u017e&nbsp;roky jasn\u00fd kurz <em>\u201enedod\u00e1va\u0165 smrtiace zbrane do&nbsp;kr\u00edzov\u00fdch oblast\u00ed\u201c<\/em> a&nbsp;\u017ee&nbsp;v\u00e4\u010d\u0161ina Nemcov zdie\u013ea jeho n\u00e1zor na&nbsp;t\u00fato ot\u00e1zku. Nemecko pod\u013ea neho uprednost\u0148uje bilater\u00e1lne rozhovory v&nbsp;<a href=\"https:\/\/en.wikipedia.org\/wiki\/Normandy_Format\" rel=\"noopener\" target=\"_blank\">normandskom form\u00e1te<\/a> a&nbsp;chce dosiahnu\u0165, aby <em>\u201e\u013eudia op\u00e4\u0165 spolu hovorili\u201c<\/em>.<\/p>\n<p>Kancel\u00e1r reagoval aj na&nbsp;kritiku \u00danie, \u017ee&nbsp;na&nbsp;rokovania je&nbsp;u\u017e&nbsp;pr\u00edli\u0161 neskoro. <em>\u201eS\u00fa presne v&nbsp;spr\u00e1vnom \u010dase a&nbsp;s\u00fa dobre pripraven\u00e9. Nechod\u00edme tam len na&nbsp;k\u00e1vu, ide o&nbsp;to, aby ste robili skuto\u010dn\u00fa, tvrd\u00fa a&nbsp;\u00fa\u010dinn\u00fa politiku, ktor\u00e1 je&nbsp;v&nbsp;tomto pr\u00edpade o&nbsp;ve\u013emi kr\u00edzovej situ\u00e1cii.\u201c<\/em><\/p>\n<p><em>\u201eChceme zabr\u00e1ni\u0165 vojne v&nbsp;Eur\u00f3pe,\u201c<\/em> <a href=\"https:\/\/www.tagesschau.de\/inland\/scholz-ukraine-103.html\" rel=\"noopener\" target=\"_blank\">povedal s&nbsp;t\u00fdm<\/a>, \u017ee&nbsp;pokia\u013e ide o&nbsp;sankcie, nie je&nbsp;ni\u010d vyl\u00fa\u010den\u00e9 &#8211; vr\u00e1tane mo\u017en\u00e9ho pozastavenia spustenia Nord Streamu 2, \u010d\u00edm nazna\u010dil, \u017ee&nbsp;pokra\u010duje v&nbsp;predch\u00e1dzaj\u00facom politickom kurze <a href=\"\/\/sk.wikipedia.org\/wiki\/Angela_Merkelov\u00e1\" rel=\"noopener\" target=\"_blank\">Angely Merkelovej<\/a>.<\/p>\n<p style=\"text-align: right;\"><small>&mdash;&nbsp;<a href=\"https:\/\/www.spiegel.de\/kultur\/herta-mueller-und-swetlana-alexijewitsch-die-deutschen-politiker-blamieren-uns-vor-der-ganzen-welt-a-28d34857-eef9-41b0-9e44-1e47492e2307\" target=\"_blank\" rel=\"noopener\">Der Spiegel<\/a> a&nbsp;<a href=\"https:\/\/www.tagesschau.de\/inland\/scholz-ukraine-103.html\" target=\"_blank\" rel=\"noopener\">Tagesschau (ARD)<\/a><\/small><\/p>\n<div class=\"gca-utility clearfix\"><\/div>\n<div class=\"gca-utility vertical-spacer\"><\/div>\n<p><center><span class=\"fullscreen\"><a href=\"\/\/www.martinus.sk\/?z=WLGC7F&#038;utm_source=z%3DWLGC7F&#038;utm_medium=banner1_468x60&#038;utm_campaign=partner\"><img decoding=\"async\" src=\"\/\/www.martinus.sk\/images\/banners\/468x60.jpg\" alt=\"www.martinus.sk\" \/><\/a><\/span><\/center><\/p>\n","protected":false},"excerpt":{"rendered":"<p>Nosite\u013eky Nobelovej ceny za&nbsp;literat\u00faru vyzvali Nemecko, aby poskytlo zbrane Ukrajine. Spisovate\u013eky Herta M\u00fcllerov\u00e1 a&nbsp;Sviatlana Alexijevi\u010dov\u00e1 uviedli, \u017ee&nbsp;s\u013e\u00faben\u00fa pomoc ukrajinskej arm\u00e1de v&nbsp;podobe 5-tis\u00edc prilieb pova\u017euj\u00fa za&nbsp;blam\u00e1\u017e pred cel\u00fdm svetom. Inform\u00e1ciu cez v\u00edkend priniesol t\u00fd\u017edenn\u00edk Der Speigel. <a href=\"https:\/\/literarnenoviny.sk\/servis\/nositelky-nobelovej-ceny-za-literaturu-vyzvali-nemecko-na-dodanie-zbrani-ukrajine\/\" class=\"more-link\">Cel\u00e1 spr\u00e1va <span class=\"meta-nav\">&rarr;<\/span><\/a><\/p>\n","protected":false},"author":2,"featured_media":0,"comment_status":"closed","ping_status":"closed","sticky":false,"template":"","format":"standard","meta":{"_links_to":"","_links_to_target":""},"categories":[1],"tags":[3,76],"_links":{"self":[{"href":"https:\/\/literarnenoviny.sk\/servis\/wp-json\/wp\/v2\/posts\/19199"}],"collection":[{"href":"https:\/\/literarnenoviny.sk\/servis\/wp-json\/wp\/v2\/posts"}],"about":[{"href":"https:\/\/literarnenoviny.sk\/servis\/wp-json\/wp\/v2\/types\/post"}],"author":[{"embeddable":true,"href":"https:\/\/literarnenoviny.sk\/servis\/wp-json\/wp\/v2\/users\/2"}],"replies":[{"embeddable":true,"href":"https:\/\/literarnenoviny.sk\/servis\/wp-json\/wp\/v2\/comments?post=19199"}],"version-history":[{"count":0,"href":"https:\/\/literarnenoviny.sk\/servis\/wp-json\/wp\/v2\/posts\/19199\/revisions"}],"wp:attachment":[{"href":"https:\/\/literarnenoviny.sk\/servis\/wp-json\/wp\/v2\/media?parent=19199"}],"wp:term":[{"taxonomy":"category","embeddable":true,"href":"https:\/\/literarnenoviny.sk\/servis\/wp-json\/wp\/v2\/categories?post=19199"},{"taxonomy":"post_tag","embeddable":true,"href":"https:\/\/literarnenoviny.sk\/servis\/wp-json\/wp\/v2\/tags?post=19199"}],"curies":[{"name":"wp","href":"https:\/\/api.w.org\/{rel}","templated":true}]}}