{"id":19169,"date":"2022-01-19T15:30:08","date_gmt":"2022-01-19T14:30:08","guid":{"rendered":"https:\/\/literarnenoviny.sk\/servis\/?p=19169"},"modified":"2022-02-05T14:39:04","modified_gmt":"2022-02-05T13:39:04","slug":"vo-veku-81-rokov-zomrel-slovensky-etnolog-pedagog-autor-a-folklorista-milan-lescak","status":"publish","type":"post","link":"https:\/\/literarnenoviny.sk\/servis\/vo-veku-81-rokov-zomrel-slovensky-etnolog-pedagog-autor-a-folklorista-milan-lescak\/","title":{"rendered":"Vo veku 81 rokov zomrel slovensk\u00fd etnol\u00f3g, pedag\u00f3g, autor a&nbsp;folklorista Milan Le\u0161\u010d\u00e1k"},"content":{"rendered":"<p><strong>Vo veku 81 rokov zomrel slovensk\u00fd etnol\u00f3g, pedag\u00f3g a&nbsp;autor <a href=\"https:\/\/sk.wikipedia.org\/wiki\/Milan_Le\u0161\u010d\u00e1k\" rel=\"noopener\" target=\"_blank\">Milan Le\u0161\u010d\u00e1k<\/a>, profesor Filozofickej fakulty <a href=\"https:\/\/uniba.sk\/\" rel=\"noopener\" target=\"_blank\">Univerzity Komensk\u00e9ho<\/a> v&nbsp;Bratislave<\/strong> a&nbsp;jedna z&nbsp; najv\u00fdznamnej\u0161\u00edch osobnost\u00ed slovenskej folkloristiky. Vo&nbsp;svojej pr\u00e1ci sa&nbsp;\u0161pecializoval na&nbsp;\u013eudov\u00fa slovesnos\u0165, dejiny a&nbsp;te\u00f3riu folkloristiky, vz\u0165ah literat\u00fary a&nbsp;folkl\u00f3ru. <\/p>\n<p>Profesor Le\u0161\u010d\u00e1k spoluzakladal Katedru folkloristiky a&nbsp;regionalistiky na&nbsp;nitrianskej <a href=\"https:\/\/www.ukf.sk\/\" rel=\"noopener\" target=\"_blank\">Univerzite Kon\u0161tant\u00edna Filozofa<\/a>.<\/p>\n<p><center><div class=\"gca-utility vertical-spacer\"><\/div><iframe loading=\"lazy\" src=\"https:\/\/www.facebook.com\/plugins\/post.php?href=https%3A%2F%2Fwww.facebook.com%2Fpermalink.php%3Fstory_fbid%3D503755457837410%26id%3D108845367328423&#038;width=390&#038;show_text=true&#038;appId=2424319851126972&#038;height=492\" width=\"390\" height=\"492\" style=\"border:none;overflow:hidden\" scrolling=\"no\" frameborder=\"0\" allowfullscreen=\"true\" allow=\"autoplay; clipboard-write; encrypted-media; picture-in-picture; web-share\"><\/iframe><div class=\"gca-utility vertical-spacer\"><\/div><\/center><\/p>\n<p>Levo\u010dsk\u00fd rod\u00e1k Milan Le\u0161\u010d\u00e1k je&nbsp;autorom diela <em><strong>Slovensk\u00e9 \u013eudov\u00e9 h\u00e1danky<\/strong> (1980)<\/em>, spoluautorom publik\u00e1cie <em><strong>Folkl\u00f3r a&nbsp;folkloristika &#8211; O&nbsp;\u013eudovej slovesnosti<\/strong> (1982, spolu s&nbsp;Old\u0159ichom Sirov\u00e1tkom)<\/em> a&nbsp;\u0161tvorzv\u00e4zkov\u00fdch <em><strong>Prame\u0148ov k&nbsp;tradi\u010dnej duchovnej kult\u00fare Slovenska<\/strong><\/em>. <\/p>\n<p>S kolegom Viliamom Mar\u010dokom zostavil v\u00fdber z&nbsp;folkl\u00f3rnej \u013e\u00fabostnej lyriky <em><strong>\u010cerven\u00e9 jab\u013a\u010dko v&nbsp;obl\u00f4\u010dku m\u00e1m<\/strong> (1986)<\/em> a&nbsp;je&nbsp; autorom publik\u00e1cie <em><strong>O asimil\u00e1cii folkl\u00f3rnej a&nbsp;liter\u00e1rnej komunik\u00e1cie<\/strong> (2001)<\/em>. Autorsky sa&nbsp;podie\u013eal na&nbsp;tvorbe n\u00e1metov a&nbsp;scen\u00e1rov.<\/p>\n<p>V <a href=\"https:\/\/www.nocka.sk\/\" rel=\"noopener\" target=\"_blank\">N\u00e1rodnom osvetovom centre<\/a> p\u00f4sobil ako garant projektu <em><strong>Encyklop\u00e9dia sc\u00e9nick\u00e9ho folklorizmu na&nbsp;Slovensku<\/strong><\/em>. Centrum vydalo jeho u\u010debnicu <em><strong>\u00davod do&nbsp;folkloristiky<\/strong> (2006)<\/em> a&nbsp;titul <em><strong>Folkl\u00f3r a&nbsp;sc\u00e9nick\u00fd folklorizmus<\/strong> (2007)<\/em>. <\/p>\n<p>Publikoval dovedna viac ako sto vedeck\u00fdch \u0161t\u00fadi\u00ed a&nbsp;\u010dl\u00e1nkov, v&nbsp;ktor\u00fdch sa&nbsp;okrem te\u00f3rie a&nbsp;metodol\u00f3gie folkloristiky venoval aj dejin\u00e1m vedy a&nbsp;osobnostiam, ako <a href=\"https:\/\/sk.wikipedia.org\/wiki\/wiki\/Pavol_Dob\u0161insk\u00fd\" rel=\"noopener\" target=\"_blank\">Pavol Dob\u0161insk\u00fd<\/a>, <a href=\"https:\/\/www.litcentrum.sk\/autor\/andrej-melichercik\" rel=\"noopener\" target=\"_blank\">Andrej Melicher\u010d\u00edk<\/a> \u010di&nbsp;<a href=\"http:\/\/worldcat.org\/identities\/lccn-n84107077\/\" rel=\"noopener\" target=\"_blank\">Peter Grigorievi\u010d Bogatyriov<\/a>.<\/p>\n<p>Milan Le\u0161\u010d\u00e1k bol tie\u017e \u0161\u00e9fredaktorom odborn\u00fdch \u010dasopisov N\u00e1rodopisn\u00e9 inform\u00e1cie a&nbsp;Slovensk\u00fd n\u00e1rodopis, \u010dlenom redak\u010dn\u00fdch r\u00e1d period\u00edk Etnologia Slovaca et Slavica a&nbsp;\u010cesk\u00fd lid \u010di&nbsp;zakladate\u013eom a&nbsp;spoluorganiz\u00e1torom festivalu <a href=\"http:\/\/www.etnofilm.sk\/\" rel=\"noopener\" target=\"_blank\">Etnofilm \u010cadca<\/a>.<\/p>\n<p style=\"text-align: right;\"><small>&mdash;&nbsp;<a href=\"https:\/\/fphil.uniba.sk\/detail-aktuality\/back_to_page\/filozoficka-fakulta-uk\/article\/zomrel-profesor-milan-lescak\/\" target=\"_blank\" rel=\"noopener\">Filozofick\u00e1 fakulta UK<\/a><\/small><\/p>\n<div class=\"gca-utility clearfix\"><\/div>\n<div class=\"gca-utility vertical-spacer\"><\/div>\n<p><center><span class=\"fullscreen\"><a href=\"\/\/www.martinus.sk\/?z=WLGC7F&#038;utm_source=z%3DWLGC7F&#038;utm_medium=banner1_468x60&#038;utm_campaign=partner\"><img decoding=\"async\" src=\"\/\/www.martinus.sk\/images\/banners\/468x60_red.jpg\" alt=\"www.martinus.sk\" \/><\/a><\/span><\/center><\/p>\n","protected":false},"excerpt":{"rendered":"<p>Vo veku 81 rokov zomrel slovensk\u00fd etnol\u00f3g, pedag\u00f3g a&nbsp;autor Milan Le\u0161\u010d\u00e1k, profesor Filozofickej fakulty Univerzity Komensk\u00e9ho v&nbsp;Bratislave a&nbsp;jedna z&nbsp; najv\u00fdznamnej\u0161\u00edch osobnost\u00ed slovenskej folkloristiky. Vo&nbsp;svojej pr\u00e1ci sa&nbsp;\u0161pecializoval na&nbsp;\u013eudov\u00fa slovesnos\u0165, dejiny a&nbsp;te\u00f3riu folkloristiky, vz\u0165ah literat\u00fary a&nbsp;folkl\u00f3ru.  <a href=\"https:\/\/literarnenoviny.sk\/servis\/vo-veku-81-rokov-zomrel-slovensky-etnolog-pedagog-autor-a-folklorista-milan-lescak\/\" class=\"more-link\">Cel\u00e1 spr\u00e1va <span class=\"meta-nav\">&rarr;<\/span><\/a><\/p>\n","protected":false},"author":2,"featured_media":0,"comment_status":"closed","ping_status":"closed","sticky":false,"template":"","format":"standard","meta":{"_links_to":"","_links_to_target":""},"categories":[1],"tags":[151,3,209],"_links":{"self":[{"href":"https:\/\/literarnenoviny.sk\/servis\/wp-json\/wp\/v2\/posts\/19169"}],"collection":[{"href":"https:\/\/literarnenoviny.sk\/servis\/wp-json\/wp\/v2\/posts"}],"about":[{"href":"https:\/\/literarnenoviny.sk\/servis\/wp-json\/wp\/v2\/types\/post"}],"author":[{"embeddable":true,"href":"https:\/\/literarnenoviny.sk\/servis\/wp-json\/wp\/v2\/users\/2"}],"replies":[{"embeddable":true,"href":"https:\/\/literarnenoviny.sk\/servis\/wp-json\/wp\/v2\/comments?post=19169"}],"version-history":[{"count":0,"href":"https:\/\/literarnenoviny.sk\/servis\/wp-json\/wp\/v2\/posts\/19169\/revisions"}],"wp:attachment":[{"href":"https:\/\/literarnenoviny.sk\/servis\/wp-json\/wp\/v2\/media?parent=19169"}],"wp:term":[{"taxonomy":"category","embeddable":true,"href":"https:\/\/literarnenoviny.sk\/servis\/wp-json\/wp\/v2\/categories?post=19169"},{"taxonomy":"post_tag","embeddable":true,"href":"https:\/\/literarnenoviny.sk\/servis\/wp-json\/wp\/v2\/tags?post=19169"}],"curies":[{"name":"wp","href":"https:\/\/api.w.org\/{rel}","templated":true}]}}