{"id":19140,"date":"2022-01-10T10:20:57","date_gmt":"2022-01-10T09:20:57","guid":{"rendered":"https:\/\/literarnenoviny.sk\/servis\/?p=19140"},"modified":"2022-01-17T22:00:41","modified_gmt":"2022-01-17T21:00:41","slug":"vo-veku-82-rokov-zomrel-cesky-filmovy-reziser-slovenskeho-povodu-dusan-klein","status":"publish","type":"post","link":"https:\/\/literarnenoviny.sk\/servis\/vo-veku-82-rokov-zomrel-cesky-filmovy-reziser-slovenskeho-povodu-dusan-klein\/","title":{"rendered":"Vo veku 82 rokov zomrel \u010desk\u00fd filmov\u00fd re\u017eis\u00e9r slovensk\u00e9ho p\u00f4vodu Du\u0161an Klein"},"content":{"rendered":"<p><strong>Vo veku 82 rokov zomrel \u010desk\u00fd scen\u00e1rista a&nbsp;filmov\u00fd re\u017eis\u00e9r slovensk\u00e9ho p\u00f4vodu <a href=\"https:\/\/cs.wikipedia.org\/wiki\/Du\u0161an_Klein\" rel=\"noopener\" target=\"_blank\">Du\u0161an Klein<\/a><\/strong>, autor desiatok \u00faspe\u0161n\u00fdch detekt\u00edvok, kom\u00e9di\u00ed a&nbsp;filmov\u00fdch liter\u00e1rnych adapt\u00e1ci\u00ed. \u010cesk\u00e9 m\u00e9dia o&nbsp;jeho smrti informoval syn David s&nbsp;t\u00fdm, \u017ee&nbsp;posledn\u00e1 rozl\u00fa\u010dka s&nbsp;filmov\u00fdm tvorcom sa&nbsp;uskuto\u010dn\u00ed len v&nbsp;rodinnom kruhu.<\/p>\n<p>Po\u010das druhej svetovej vojny bol Du\u0161an Klein, vlastn\u00fdm menom J\u00falius, ako \u017eidovsk\u00fd chlapec spolu so&nbsp;svojou matkou a&nbsp;bratmi internovan\u00fd v&nbsp;terez\u00ednskom ghette. <\/p>\n<p><center><div class=\"gca-utility vertical-spacer\"><\/div>\n<blockquote class=\"twitter-tweet\">\n<p lang=\"cs\" dir=\"ltr\">Ve v\u011bku 82 let zem\u0159el v&nbsp;ned\u011bli filmov\u00fd re\u017eis\u00e9r Du\u0161an Klein. Byl podepsan\u00fd pod des\u00edtkami film\u016f a&nbsp;televizn\u00edch seri\u00e1l\u016f mnoha \u017e\u00e1nr\u016f &#8211; od&nbsp;detektivky, p\u0159es komedie a\u017e k&nbsp;poh\u00e1dk\u00e1m. Asi nejzn\u00e1m\u011bj\u0161\u00ed je&nbsp;jeho \u0161estid\u00edln\u00e1 s\u00e9rie film\u016f o&nbsp;b\u00e1sn\u00edc\u00edch. <a href=\"https:\/\/t.co\/d68CRFc1xq\">https:\/\/t.co\/d68CRFc1xq<\/a><\/p>\n<p>&mdash; iROZHLAS.cz (@iROZHLAScz) <a href=\"https:\/\/twitter.com\/iROZHLAScz\/status\/1480511014735163398?ref_src=twsrc%5Etfw\">January 10, 2022<\/a><\/p><\/blockquote>\n<p> <script async src=\"https:\/\/platform.twitter.com\/widgets.js\" charset=\"utf-8\"><\/script><div class=\"gca-utility vertical-spacer\"><\/div><\/center><\/p>\n<p>So svojimi star\u0161\u00edmi s\u00farodencami sa&nbsp;pred odvle\u010den\u00edm do&nbsp;t\u00e1bora ukr\u00fdval pod menom Du\u0161an Ru\u017eiak v&nbsp;bratislavskom kl\u00e1\u0161tornom sirotinci. Krstn\u00e9 meno chlapca, ktor\u00e9 mu <em>\u201eprepo\u017ei\u010dalo identitu\u201c<\/em> si potom ponechal. Katol\u00edckeho k\u0148aza, ktor\u00fd deti prich\u00fdlil nacisti popravili.<\/p>\n<p>Du\u0161an Klein pri filme za\u010d\u00ednal u\u017e&nbsp;ako detsk\u00fd herec <em>(M\u016fj p\u0159\u00edtel Fabi\u00e1n, 1953)<\/em> a&nbsp;po\u010das \u0161t\u00fadia na&nbsp;pra\u017eskej FAMU pracoval ako asistent r\u00e9\u017eie v&nbsp;barrandovsk\u00fdch filmov\u00fdch ateli\u00e9roch. <\/p>\n<p>Po skon\u010den\u00ed \u0161koly a&nbsp;kr\u00e1tkej emigr\u00e1cii v&nbsp;roku 1968 sa&nbsp;vo&nbsp;svojej tvorbe zameral na&nbsp;detekt\u00edvny \u017e\u00e1ner.<em> \u201eKdy\u017e jsme pak v&nbsp;tom N\u011bmecku opravdu u\u017e&nbsp;byli, najednou se mi n\u011bjak vr\u00e1tily z\u00e1\u017eitky z&nbsp;v\u00e1lky, bylo t\u011bch N\u011bmc\u016f na&nbsp;m\u011b zkr\u00e1tka moc. Vr\u00e1tili jsme se dom\u016f a&nbsp;j\u00e1 se detektivkami vyhnul spole\u010densk\u00fdm t\u00e9mat\u016fm,\u201c<\/em> vysve\u013eoval svoj n\u00e1vrat do&nbsp;totalitn\u00e9ho \u010ceskoslovenska.<\/p>\n<p>Okrem detekt\u00edvok a&nbsp;kom\u00e9di\u00ed nakr\u00fatil aj nieko\u013eko filmov\u00fdch adapt\u00e1ci\u00ed, ako napr\u00edklad v&nbsp;roku 1988 pod\u013ea rom\u00e1nu <a href=\"https:\/\/cs.wikipedia.org\/wiki\/Ladislav_Pech\u00e1\u010dek\" rel=\"noopener\" target=\"_blank\">Ladislava Pech\u00e1\u010dka<\/a> <em><strong><a href=\"https:\/\/www.martinus.sk\/?uItem=68290&#038;z=WLGC7F&#038;utm_source=z%3DWLGC7F&#038;utm_medium=url&#038;utm_campaign=partner\" rel=\"noopener\" target=\"_blank\">Dob\u0159\u00ed holubi se vracej\u00ed<\/a><\/strong> (1985)<\/em> trpk\u00fa <a href=\"https:\/\/www.csfd.sk\/film\/5244-dobri-holubi-se-vraceji\/prehlad\/\" rel=\"noopener\" target=\"_blank\">rovnomenn\u00fa satirick\u00fa sn\u00edmku<\/a> z&nbsp;protialkoholickej lie\u010debne s&nbsp;Milanom K\u0148a\u017ekom v&nbsp;hlavnej \u00falohe \u010di&nbsp;vo\u013en\u00e9 spracovanie poviedok <a href=\"https:\/\/cs.wikipedia.org\/wiki\/Bohumil_Hrabal\" rel=\"noopener\" target=\"_blank\">Bohumila Hrabala<\/a> <em><strong><a href=\"https:\/\/www.martinus.sk\/?uItem=175963&#038;z=WLGC7F&#038;utm_source=z%3DWLGC7F&#038;utm_medium=url&#038;utm_campaign=partner\" rel=\"noopener\" target=\"_blank\">Bambini di Praga 1947<\/a><\/strong> (1978)<\/em> pod n\u00e1zvom <em><strong><a href=\"https:\/\/www.csfd.sk\/film\/5243-andelske-oci\/prehlad\/\" rel=\"noopener\" target=\"_blank\">And\u011blsk\u00e9 o\u010di<\/a><\/strong><\/em> v&nbsp;roku 1994. <\/p>\n<p>Za div\u00e1cky naj\u00faspe\u0161nej\u0161ie dielo Du\u0161ana Kleina v&nbsp;\u010cesku pova\u017euj\u00fa jeho <a href=\"https:\/\/cs.wikipedia.org\/wiki\/B\u00e1snick\u00e1_hexalogie\" rel=\"noopener\" target=\"_blank\">\u0161es\u0165dielnu filmov\u00fa s\u00e9riu<\/a> <em>\u201eo b\u00e1snikoch prich\u00e1dzaj\u00facich o&nbsp;il\u00fazie\u201c<\/em> <em>(1982-2016)<\/em>. <\/p>\n<p style=\"text-align: right;\"><small>&mdash;&nbsp;<a href=\"https:\/\/www.irozhlas.cz\/kultura\/film\/dusan-klein-basnici_2201101249_pj\" target=\"_blank\" rel=\"noopener\">\u010cesk\u00fd rozhlas<\/a><\/small><\/p>\n<div class=\"gca-utility clearfix\"><\/div>\n<div class=\"gca-utility vertical-spacer\"><\/div>\n<p><center><span class=\"fullscreen\"><script type=\"text\/javascript\" src=\"\/\/partner.mrtns.eu\/banners\/banner.js?type=banner&#038;brand_id=1&#038;uItem=68290&#038;size=full&#038;show_price=0&#038;color=blue&#038;z=WLGC7F\"><\/script><\/center><\/p>\n","protected":false},"excerpt":{"rendered":"<p>Vo veku 82 rokov zomrel \u010desk\u00fd scen\u00e1rista a&nbsp;filmov\u00fd re\u017eis\u00e9r slovensk\u00e9ho p\u00f4vodu Du\u0161an Klein, autor desiatok \u00faspe\u0161n\u00fdch detekt\u00edvok, kom\u00e9di\u00ed a&nbsp;filmov\u00fdch liter\u00e1rnych adapt\u00e1ci\u00ed. \u010cesk\u00e9 m\u00e9dia o&nbsp;jeho smrti informoval syn David s&nbsp;t\u00fdm, \u017ee&nbsp;posledn\u00e1 rozl\u00fa\u010dka s&nbsp;filmov\u00fdm tvorcom sa&nbsp;uskuto\u010dn\u00ed len v&nbsp;rodinnom kruhu. <a href=\"https:\/\/literarnenoviny.sk\/servis\/vo-veku-82-rokov-zomrel-cesky-filmovy-reziser-slovenskeho-povodu-dusan-klein\/\" class=\"more-link\">Cel\u00e1 spr\u00e1va <span class=\"meta-nav\">&rarr;<\/span><\/a><\/p>\n","protected":false},"author":2,"featured_media":0,"comment_status":"closed","ping_status":"closed","sticky":false,"template":"","format":"standard","meta":{"_links_to":"","_links_to_target":""},"categories":[1],"tags":[16,14,3,209],"_links":{"self":[{"href":"https:\/\/literarnenoviny.sk\/servis\/wp-json\/wp\/v2\/posts\/19140"}],"collection":[{"href":"https:\/\/literarnenoviny.sk\/servis\/wp-json\/wp\/v2\/posts"}],"about":[{"href":"https:\/\/literarnenoviny.sk\/servis\/wp-json\/wp\/v2\/types\/post"}],"author":[{"embeddable":true,"href":"https:\/\/literarnenoviny.sk\/servis\/wp-json\/wp\/v2\/users\/2"}],"replies":[{"embeddable":true,"href":"https:\/\/literarnenoviny.sk\/servis\/wp-json\/wp\/v2\/comments?post=19140"}],"version-history":[{"count":0,"href":"https:\/\/literarnenoviny.sk\/servis\/wp-json\/wp\/v2\/posts\/19140\/revisions"}],"wp:attachment":[{"href":"https:\/\/literarnenoviny.sk\/servis\/wp-json\/wp\/v2\/media?parent=19140"}],"wp:term":[{"taxonomy":"category","embeddable":true,"href":"https:\/\/literarnenoviny.sk\/servis\/wp-json\/wp\/v2\/categories?post=19140"},{"taxonomy":"post_tag","embeddable":true,"href":"https:\/\/literarnenoviny.sk\/servis\/wp-json\/wp\/v2\/tags?post=19140"}],"curies":[{"name":"wp","href":"https:\/\/api.w.org\/{rel}","templated":true}]}}