{"id":1914,"date":"2018-01-19T20:00:09","date_gmt":"2018-01-19T19:00:09","guid":{"rendered":"https:\/\/literarnenoviny.sk\/servis\/?p=1914"},"modified":"2018-01-20T01:20:55","modified_gmt":"2018-01-20T00:20:55","slug":"piestansky-primator-riaditelka-galerie-dali-zvesit-obrazy-znameho-ceskeho-maliara","status":"publish","type":"post","link":"https:\/\/literarnenoviny.sk\/servis\/piestansky-primator-riaditelka-galerie-dali-zvesit-obrazy-znameho-ceskeho-maliara\/","title":{"rendered":"Pie\u0161\u0165ansk\u00fd prim\u00e1tor a&nbsp;riadite\u013eka gal\u00e9rie dali zvesi\u0165 obrazy zn\u00e1meho \u010desk\u00e9ho maliara"},"content":{"rendered":"<p><strong>Pie\u0161\u0165ansk\u00fd prim\u00e1tor a&nbsp;riadite\u013eka gal\u00e9rie dali zvesi\u0165 obrazy zn\u00e1meho \u010desk\u00e9ho maliara <a href=\"https:\/\/cs.wikipedia.org\/wiki\/Ji\u0159\u00ed_Na\u010deradsk\u00fd\" rel=\"noopener\" target=\"_blank\">Ji\u0159\u00edho Na\u010deradsk\u00e9ho<\/a><\/strong>. Niektor\u00e9 diela, na&nbsp;ktor\u00fdch figurovali nah\u00e9 tel\u00e1, ich toti\u017e poburovali. <\/p>\n<p>Po neo\u010dak\u00e1vanom cenzorskom z\u00e1sahu bola v\u00fdstava pred\u010dasne ukon\u010den\u00e1.<\/p>\n<p>Pr\u00edstup riadite\u013eky gal\u00e9rie Marty Jur\u010dovej, ktor\u00e1 ozna\u010dila diela za&nbsp;pornografiu, kritizoval zberate\u013e umenia a&nbsp;publicista Ivan Melicher\u010d\u00edk. Uviedol, \u017ee&nbsp;si nepam\u00e4t\u00e1, \u017ee&nbsp;by sa&nbsp;nie\u010do tak\u00e9 na&nbsp;Slovensku stalo od&nbsp;roku 1989.<\/p>\n<p>Obrazy a&nbsp;kresby Ji\u0159\u00edho Na\u010deradsk\u00e9ho <em>(1939-2014)<\/em> v&nbsp;minulosti vystavovali v\u00fdznamn\u00e9 m\u00faze\u00e1 v&nbsp;New Yorku, Washingtone, Par\u00ed\u017ei, Lond\u00fdne, Viedni, Berl\u00edne aj Bratislave.<\/p>\n<p style=\"text-align: right;\"><small><a href=\"https:\/\/spravy.pravda.sk\/domace\/clanok\/455346-cenzura-v-piestanoch-primator-dal-zvesit-obrazy-slavneho-maliara\/\" target=\"_blank\" rel=\"noopener\">Pravda<\/a> <\/small><\/p>\n","protected":false},"excerpt":{"rendered":"<p>Pie\u0161\u0165ansk\u00fd prim\u00e1tor a&nbsp;riadite\u013eka gal\u00e9rie dali zvesi\u0165 obrazy zn\u00e1meho \u010desk\u00e9ho maliara Ji\u0159\u00edho Na\u010deradsk\u00e9ho. Niektor\u00e9 diela, na&nbsp;ktor\u00fdch figurovali nah\u00e9 tel\u00e1, ich toti\u017e poburovali. Po&nbsp;neo\u010dak\u00e1vanom cenzorskom z\u00e1sahu bola v\u00fdstava pred\u010dasne ukon\u010den\u00e1. <a href=\"https:\/\/literarnenoviny.sk\/servis\/piestansky-primator-riaditelka-galerie-dali-zvesit-obrazy-znameho-ceskeho-maliara\/\" class=\"more-link\">Cel\u00e1 spr\u00e1va <span class=\"meta-nav\">&rarr;<\/span><\/a><\/p>\n","protected":false},"author":2,"featured_media":0,"comment_status":"closed","ping_status":"closed","sticky":false,"template":"","format":"standard","meta":{"_links_to":"","_links_to_target":""},"categories":[1],"tags":[37,89,32],"_links":{"self":[{"href":"https:\/\/literarnenoviny.sk\/servis\/wp-json\/wp\/v2\/posts\/1914"}],"collection":[{"href":"https:\/\/literarnenoviny.sk\/servis\/wp-json\/wp\/v2\/posts"}],"about":[{"href":"https:\/\/literarnenoviny.sk\/servis\/wp-json\/wp\/v2\/types\/post"}],"author":[{"embeddable":true,"href":"https:\/\/literarnenoviny.sk\/servis\/wp-json\/wp\/v2\/users\/2"}],"replies":[{"embeddable":true,"href":"https:\/\/literarnenoviny.sk\/servis\/wp-json\/wp\/v2\/comments?post=1914"}],"version-history":[{"count":0,"href":"https:\/\/literarnenoviny.sk\/servis\/wp-json\/wp\/v2\/posts\/1914\/revisions"}],"wp:attachment":[{"href":"https:\/\/literarnenoviny.sk\/servis\/wp-json\/wp\/v2\/media?parent=1914"}],"wp:term":[{"taxonomy":"category","embeddable":true,"href":"https:\/\/literarnenoviny.sk\/servis\/wp-json\/wp\/v2\/categories?post=1914"},{"taxonomy":"post_tag","embeddable":true,"href":"https:\/\/literarnenoviny.sk\/servis\/wp-json\/wp\/v2\/tags?post=1914"}],"curies":[{"name":"wp","href":"https:\/\/api.w.org\/{rel}","templated":true}]}}