{"id":19116,"date":"2022-01-03T17:40:22","date_gmt":"2022-01-03T16:40:22","guid":{"rendered":"https:\/\/literarnenoviny.sk\/servis\/?p=19116"},"modified":"2022-01-08T22:14:51","modified_gmt":"2022-01-08T21:14:51","slug":"vychadza-osmy-roman-michela-houellebecqa-aneantir-predpoveda-v-nom-upadok-lavice","status":"publish","type":"post","link":"https:\/\/literarnenoviny.sk\/servis\/vychadza-osmy-roman-michela-houellebecqa-aneantir-predpoveda-v-nom-upadok-lavice\/","title":{"rendered":"Vych\u00e1dza \u00f4smy rom\u00e1n Michela Houellebecqa An\u00e9antir, predpoved\u00e1 v&nbsp;\u0148om \u00fapadok \u013eavice"},"content":{"rendered":"<p><strong>Jeden z&nbsp;najzn\u00e1mej\u0161\u00edch franc\u00fazskych spisovate\u013eov <a href=\"https:\/\/cs.wikipedia.org\/wiki\/Michel_Houellebecq\" rel=\"noopener\" target=\"_blank\">Michel Houellebecq<\/a> vyd\u00e1va svoj \u00f4smy rom\u00e1n<\/strong>. Filozofick\u00fd thriller nazvan\u00fd <em><strong><a href=\"https:\/\/www.amazon.fr\/gp\/product\/B09M95QH2L\" rel=\"noopener\" target=\"_blank\">An\u00e9antir<\/a><\/strong> (Zni\u010di\u0165)<\/em> sa&nbsp;odohr\u00e1va sa&nbsp;po\u010das prezidentsk\u00fdch volieb roku 2027, ke\u010f sa&nbsp;kon\u010d\u00ed druh\u00e9 volebn\u00e9 obdobie \u00faraduj\u00facej hlavy \u0161t\u00e1tu <em>(<a href=\"https:\/\/sk.wikipedia.org\/wiki\/Emmanuel_Macron\" rel=\"noopener\" target=\"_blank\">Emmanuela Macrona<\/a>)<\/em>. Informovala o&nbsp;tom agent\u00fara AFP.<\/p>\n<p>O\u010dak\u00e1van\u00fd nov\u00fd Houellebecqov titul o&nbsp;politike a&nbsp;moci m\u00e1 736 str\u00e1n a&nbsp;vych\u00e1dza koncom t\u00fd\u017ed\u0148a v&nbsp;n\u00e1klade 350-tis\u00edc v\u00fdtla\u010dkov.<\/p>\n<p><center><div class=\"gca-utility vertical-spacer\"><\/div> <\/p>\n<blockquote class=\"twitter-tweet\">\n<p lang=\"fr\" dir=\"ltr\">[Michel Houellebecq &#8211; J-7]&quot;An\u00e9antir&quot;, prochain roman de&nbsp;l&#39;incontournable Michel Houellebecq, sera dans une \u00e9dition reli\u00e9e, \u00e0 la couverture cartonn\u00e9e, avec une tranchefile et un signet de&nbsp;couleur.<br \/>Rendez-vous en librairie le&nbsp;7 janvier 2022!<br \/>\u27a1<a href=\"https:\/\/t.co\/23OUBO8VAK\">https:\/\/t.co\/23OUBO8VAK<\/a> <a href=\"https:\/\/t.co\/oapGM8nKoq\">pic.twitter.com\/oapGM8nKoq<\/a><\/p>\n<p>&mdash; Editions Flammarion (@Ed_Flammarion) <a href=\"https:\/\/twitter.com\/Ed_Flammarion\/status\/1476598962375299073?ref_src=twsrc%5Etfw\">December 30, 2021<\/a><\/p><\/blockquote>\n<p> <script async src=\"https:\/\/platform.twitter.com\/widgets.js\" charset=\"utf-8\"><\/script> <div class=\"gca-utility vertical-spacer\"><\/div><\/center><\/p>\n<p>Oproti spisovate\u013eov\u00fdm <a href=\"https:\/\/www.martinus.sk\/authors\/michel-houellebecq\/?z=WLGC7F&#038;utm_source=z%3DWLGC7F&#038;utm_medium=url&#038;utm_campaign=partner\" rel=\"noopener\" target=\"_blank\">star\u0161\u00edm rom\u00e1nom<\/a>, typick\u00fdm svojim nihilizmom, jeho s\u00fa\u010dasn\u00ed hrdinovia t\u00fa\u017eia po&nbsp;l\u00e1ske a&nbsp;neop\u00fa\u0161\u0165a ich nadej. Houellebecq sa&nbsp;v&nbsp;rom\u00e1ne zaober\u00e1 t\u00e9mami ako smr\u0165, psychick\u00e1 integrita \u010di&nbsp;zmysel \u017eivota v&nbsp;ateistickom spolo\u010denstve. <\/p>\n<p>Franc\u00fazsko na&nbsp;konci tohto desa\u0165ro\u010dia Houellebecq popisuje v&nbsp;temn\u00fdch farb\u00e1ch. Krajina z\u00e1pas\u00ed so&nbsp;spolo\u010denskou nerovnos\u0165ou, nezamestnanos\u0165ou, postupn\u00fdm vy\u013eud\u0148ovan\u00edm regi\u00f3nov aj ekologick\u00fdmi probl\u00e9mami. <em>\u201ePriepas\u0165 medzi t\u00fdmi, \u010do&nbsp;s\u00fa pri moci a&nbsp;oby\u010dajn\u00fdmi \u013eu\u010fmi nadobudla bezprecedentne rozmery,\u201c<\/em> komentuje autor spolo\u010densk\u00fa atmosf\u00e9ru \u00fastami rozpr\u00e1va\u010da.<\/p>\n<p>\u013davica, ktor\u00e1 svojou pseudo-progres\u00edvnou politikou u\u017e&nbsp;takmer nikoho neoslovuje, prakticky zanik\u00e1 a&nbsp;s&nbsp;probl\u00e9mami sa&nbsp;boria aj franc\u00fazski nacionalisti. T\u00e9mou, ktor\u00e1 rozde\u013euje spolo\u010dnos\u0165, ost\u00e1va islam. <em>\u201eZemmour je&nbsp;bastard. D\u00f4le\u017eit\u00e9 v\u0161ak je, aby mal pr\u00e1vo sa&nbsp;vyjadri\u0165 a&nbsp;br\u00e1ni\u0165 svoj poh\u013ead na&nbsp;vec,\u201c<\/em> zaznie v&nbsp;rom\u00e1ne. <\/p>\n<p>Hoci sa&nbsp;rom\u00e1n <em><strong><a href=\"https:\/\/www.amazon.fr\/gp\/product\/B09M95QH2L\" rel=\"noopener\" target=\"_blank\">An\u00e9antir<\/a><\/strong> (2022)<\/em> ofici\u00e1lne na&nbsp;pultoch kn\u00edhkupectiev objav\u00ed a\u017e v&nbsp;piatok, u\u017e&nbsp;v&nbsp;polovici augusta unikla na&nbsp;internet jeho pir\u00e1tska k\u00f3pia. Spisovate\u013eovo domovsk\u00e9 vydavate\u013estvo <a href=\"https:\/\/editions.flammarion.com\/\" rel=\"noopener\" target=\"_blank\">Flammarion<\/a>, ktor\u00e9 u\u017e&nbsp;kv\u00f4li jeho neleg\u00e1lnemu s\u0165ahovaniu podniklo pr\u00e1vne kroky, napriek tomu o\u010dak\u00e1va rekordn\u00e9 predaje.<\/p>\n<p style=\"text-align: right;\"><small>&mdash;&nbsp;<a href=\"https:\/\/editions.flammarion.com\/\" target=\"_blank\" rel=\"noopener\">Flammarion<\/a> a&nbsp;<a href=\"https:\/\/www.lemonde.fr\/livres\/article\/2021\/12\/30\/michel-houellebecq-c-est-avec-les-bons-sentiments-qu-on-fait-de-la-bonne-litterature_6107688_3260.html\" target=\"_blank\" rel=\"noopener\">Le Monde<\/a><\/small><\/p>\n<div class=\"gca-utility clearfix\"><\/div>\n<div class=\"gca-utility vertical-spacer\"><\/div>\n<p><center><span class=\"fullscreen\"><script type=\"text\/javascript\" src=\"\/\/partner.mrtns.eu\/banners\/banner.js?type=banner&#038;brand_id=1&#038;uItem=461273&#038;size=full&#038;show_price=0&#038;color=blue&#038;z=WLGC7F\"><\/script><\/center><\/p>\n","protected":false},"excerpt":{"rendered":"<p>Jeden z&nbsp;najzn\u00e1mej\u0161\u00edch franc\u00fazskych spisovate\u013eov Michel Houellebecq vyd\u00e1va svoj \u00f4smy rom\u00e1n. Filozofick\u00fd thriller nazvan\u00fd An\u00e9antir sa&nbsp;odohr\u00e1va sa&nbsp;po\u010das prezidentsk\u00fdch volieb roku 2027, ke\u010f sa&nbsp;kon\u010d\u00ed druh\u00e9 volebn\u00e9 obdobie \u00faraduj\u00facej hlavy \u0161t\u00e1tu. Informovala o&nbsp;tom agent\u00fara AFP <a href=\"https:\/\/literarnenoviny.sk\/servis\/vychadza-osmy-roman-michela-houellebecqa-aneantir-predpoveda-v-nom-upadok-lavice\/\" class=\"more-link\">Cel\u00e1 spr\u00e1va <span class=\"meta-nav\">&rarr;<\/span><\/a><\/p>\n","protected":false},"author":2,"featured_media":0,"comment_status":"closed","ping_status":"closed","sticky":false,"template":"","format":"standard","meta":{"_links_to":"","_links_to_target":""},"categories":[1],"tags":[13,14,23,34],"_links":{"self":[{"href":"https:\/\/literarnenoviny.sk\/servis\/wp-json\/wp\/v2\/posts\/19116"}],"collection":[{"href":"https:\/\/literarnenoviny.sk\/servis\/wp-json\/wp\/v2\/posts"}],"about":[{"href":"https:\/\/literarnenoviny.sk\/servis\/wp-json\/wp\/v2\/types\/post"}],"author":[{"embeddable":true,"href":"https:\/\/literarnenoviny.sk\/servis\/wp-json\/wp\/v2\/users\/2"}],"replies":[{"embeddable":true,"href":"https:\/\/literarnenoviny.sk\/servis\/wp-json\/wp\/v2\/comments?post=19116"}],"version-history":[{"count":0,"href":"https:\/\/literarnenoviny.sk\/servis\/wp-json\/wp\/v2\/posts\/19116\/revisions"}],"wp:attachment":[{"href":"https:\/\/literarnenoviny.sk\/servis\/wp-json\/wp\/v2\/media?parent=19116"}],"wp:term":[{"taxonomy":"category","embeddable":true,"href":"https:\/\/literarnenoviny.sk\/servis\/wp-json\/wp\/v2\/categories?post=19116"},{"taxonomy":"post_tag","embeddable":true,"href":"https:\/\/literarnenoviny.sk\/servis\/wp-json\/wp\/v2\/tags?post=19116"}],"curies":[{"name":"wp","href":"https:\/\/api.w.org\/{rel}","templated":true}]}}