{"id":19094,"date":"2021-12-29T14:30:00","date_gmt":"2021-12-29T13:30:00","guid":{"rendered":"https:\/\/literarnenoviny.sk\/servis\/?p=19094"},"modified":"2022-01-08T22:21:44","modified_gmt":"2022-01-08T21:21:44","slug":"vo-veku-86-zomrela-slovenska-knizna-redaktorka-autorka-a-vydavatelka-kveta-daskova","status":"publish","type":"post","link":"https:\/\/literarnenoviny.sk\/servis\/vo-veku-86-zomrela-slovenska-knizna-redaktorka-autorka-a-vydavatelka-kveta-daskova\/","title":{"rendered":"Vo veku 86 zomrela slovensk\u00e1 redaktorka, autorka a&nbsp;vydavate\u013eka Kveta Da\u0161kov\u00e1"},"content":{"rendered":"<p><strong>Vo veku 86 zomrela slovensk\u00e1 kni\u017en\u00e1 redaktorka, spisovate\u013eka a&nbsp;vydavate\u013eka <a href=\"https:\/\/www.litcentrum.sk\/autor\/kveta-daskova\/\" rel=\"noopener\" target=\"_blank\">Kveta Da\u0161kov\u00e1<\/a><\/strong>. Jedna zo&nbsp;zakladaj\u00facich osobnost\u00ed umelecko-n\u00e1u\u010dnej liter\u00e1rnej tvorby pre&nbsp;deti, ktor\u00e1 debutovala knihou <em><strong>Slnko v&nbsp;konzerve<\/strong> (spoluautor J\u00e1n Pantofl\u00ed\u010dek, Mlad\u00e9 let\u00e1, 1963)<\/em> zalo\u017eila v&nbsp;roku 1990 nez\u00e1visl\u00e9 vydavate\u013estvo <strong><a href=\"https:\/\/www.facebook.com\/Vydavate\u013estvo-Q111-270701446283674\/\" rel=\"noopener\" target=\"_blank\">Q 111<\/a><\/strong>.<\/p>\n<p>Jej knihu <em><strong><a href=\"https:\/\/www.martinus.sk\/?uItem=13008&#038;z=WLGC7F&#038;utm_source=z%3DWLGC7F&#038;utm_medium=url&#038;utm_campaign=partner\" rel=\"noopener\" target=\"_blank\">Slov\u00e1 z&nbsp;dovozu<\/a><\/strong> (Mlad\u00e9 let\u00e1, 1982)<\/em> <a href=\"https:\/\/www.facebook.com\/profile.php?id=100044186871622\" rel=\"noopener\" target=\"_blank\">pova\u017euje spisovate\u013e Daniel Hevier<\/a> za&nbsp;dodnes neprekonan\u00fa.<\/p>\n<p><center><div class=\"gca-utility vertical-spacer\"><\/div><iframe loading=\"lazy\" src=\"https:\/\/www.facebook.com\/plugins\/post.php?href=https%3A%2F%2Fwww.facebook.com%2Fkvetusa.daskova%2Fposts%2F10222468637087255&#038;width=435&#038;show_text=true&#038;appId=2424319851126972&#038;height=731\" width=\"435\" height=\"731\" style=\"border:none;overflow:hidden\" scrolling=\"no\" frameborder=\"0\" allowfullscreen=\"true\" allow=\"autoplay; clipboard-write; encrypted-media; picture-in-picture; web-share\"><\/iframe><div class=\"gca-utility vertical-spacer\"><\/div><\/center><\/p>\n<p>Rod\u00e1\u010dka z&nbsp;Pie\u0161\u0165an Kveta Da\u0161kov\u00e1 <em>(Kamar\u00fdtov\u00e1)<\/em> de\u0165om pred\u0161kolsk\u00e9ho veku adresovala aj <a href=\"https:\/\/www.martinus.sk\/authors\/kveta-daskova\/?z=WLGC7F&#038;utm_source=z%3DWLGC7F&#038;utm_medium=url&#038;utm_campaign=partner\" rel=\"noopener\" target=\"_blank\">svoje \u010fal\u0161ie tituly<\/a>, ktor\u00e9 vych\u00e1dzali najsk\u00f4r v&nbsp;Mlad\u00fdch let\u00e1ch a&nbsp;nesk\u00f4r v&nbsp;jej vlastnom vydavate\u013estve <a href=\"https:\/\/www.facebook.com\/Vydavate%C4%BEstvo-Q111-270701446283674\/\" rel=\"noopener\" target=\"_blank\">Q 111<\/a>, orientovanom na&nbsp;kvalitn\u00fa nekomer\u010dn\u00fa literat\u00fary pre&nbsp;deti a&nbsp;dospel\u00fdch. <\/p>\n<p>V tomto vydavate\u013estve zostavila spolu s&nbsp;Ren\u00e9 B\u00edlikom aj antol\u00f3giu z&nbsp;po\u00e9zie a&nbsp;pr\u00f3zy autorov p\u00ed\u0161ucich pre&nbsp;deti. Pod n\u00e1zvom <em><strong><a href=\"https:\/\/www.martinus.sk\/?uItem=11919&#038;z=WLGC7F&#038;utm_source=z%3DWLGC7F&#038;utm_medium=url&#038;utm_campaign=partner\" rel=\"noopener\" target=\"_blank\">Pr\u00edsne nepovinn\u00e9<\/a><\/strong><\/em> vy\u0161la v&nbsp;roku 1999.<\/p>\n<p>Na mot\u00edvy jej pr\u00edbehov o&nbsp;dvoch s\u00farodencoch-dvoji\u010dk\u00e1ch <em><strong><a href=\"https:\/\/www.martinus.sk\/?uItem=142877&#038;z=WLGC7F&#038;utm_source=z%3DWLGC7F&#038;utm_medium=url&#038;utm_campaign=partner\" rel=\"noopener\" target=\"_blank\">Pe\u0165ka, ja a&nbsp;osem medved\u00edkov<\/a><\/strong> (Q 111, 2012)<\/em> vznikol aj rozhlasov\u00fd seri\u00e1l s&nbsp;n\u00e1zvom <em><strong>Pe\u0165ka a&nbsp;ja<\/strong><\/em>.<\/p>\n<p>Posledn\u00e1 rozl\u00fa\u010dka so&nbsp;spisovate\u013ekou Kvetou Da\u0161kovou sa&nbsp;bude kona\u0165 7.&nbsp;janu\u00e1ra 2021 v&nbsp;\u00fazkom kruhu rodiny a&nbsp;najbli\u017e\u0161\u00edch priate\u013eov na&nbsp;bratislavskom cintor\u00edne Ru\u017einov.<\/p>\n<p style=\"text-align: right;\"><small>&mdash;&nbsp;<a href=\"https:\/\/zvks.sk\/\" target=\"_blank\" rel=\"noopener\">Zdru\u017eenie vydavate\u013eov a&nbsp;kn\u00edhkupcov SR<\/a><\/small><\/p>\n<div class=\"gca-utility clearfix\"><\/div>\n<div class=\"gca-utility vertical-spacer\"><\/div>\n<p><center><span class=\"fullscreen\"><script type=\"text\/javascript\" src=\"\/\/partner.mrtns.eu\/banners\/banner.js?type=banner&#038;brand_id=1&#038;uItem=13008&#038;size=full&#038;show_price=0&#038;color=blue&#038;z=WLGC7F\"><\/script><\/center><\/p>\n","protected":false},"excerpt":{"rendered":"<p>Vo veku 86 zomrela slovensk\u00e1 kni\u017en\u00e1 redaktorka, spisovate\u013eka a&nbsp;vydavate\u013eka Kveta Da\u0161kov\u00e1. Jedna so&nbsp;zakladaj\u00facich osobnost\u00ed umelecko-n\u00e1u\u010dnej liter\u00e1rnej tvorby pre&nbsp;deti, ktor\u00e1 debutovala knihou Slnko v&nbsp;konzerve, zalo\u017eila v&nbsp;roku 1990 nez\u00e1visl\u00e9 vydavate\u013estvo Q 111. <a href=\"https:\/\/literarnenoviny.sk\/servis\/vo-veku-86-zomrela-slovenska-knizna-redaktorka-autorka-a-vydavatelka-kveta-daskova\/\" class=\"more-link\">Cel\u00e1 spr\u00e1va <span class=\"meta-nav\">&rarr;<\/span><\/a><\/p>\n","protected":false},"author":2,"featured_media":0,"comment_status":"closed","ping_status":"closed","sticky":false,"template":"","format":"standard","meta":{"_links_to":"","_links_to_target":""},"categories":[1],"tags":[166,3,209],"_links":{"self":[{"href":"https:\/\/literarnenoviny.sk\/servis\/wp-json\/wp\/v2\/posts\/19094"}],"collection":[{"href":"https:\/\/literarnenoviny.sk\/servis\/wp-json\/wp\/v2\/posts"}],"about":[{"href":"https:\/\/literarnenoviny.sk\/servis\/wp-json\/wp\/v2\/types\/post"}],"author":[{"embeddable":true,"href":"https:\/\/literarnenoviny.sk\/servis\/wp-json\/wp\/v2\/users\/2"}],"replies":[{"embeddable":true,"href":"https:\/\/literarnenoviny.sk\/servis\/wp-json\/wp\/v2\/comments?post=19094"}],"version-history":[{"count":0,"href":"https:\/\/literarnenoviny.sk\/servis\/wp-json\/wp\/v2\/posts\/19094\/revisions"}],"wp:attachment":[{"href":"https:\/\/literarnenoviny.sk\/servis\/wp-json\/wp\/v2\/media?parent=19094"}],"wp:term":[{"taxonomy":"category","embeddable":true,"href":"https:\/\/literarnenoviny.sk\/servis\/wp-json\/wp\/v2\/categories?post=19094"},{"taxonomy":"post_tag","embeddable":true,"href":"https:\/\/literarnenoviny.sk\/servis\/wp-json\/wp\/v2\/tags?post=19094"}],"curies":[{"name":"wp","href":"https:\/\/api.w.org\/{rel}","templated":true}]}}