{"id":19031,"date":"2021-12-18T16:00:40","date_gmt":"2021-12-18T15:00:40","guid":{"rendered":"https:\/\/literarnenoviny.sk\/servis\/?p=19031"},"modified":"2021-12-18T21:04:00","modified_gmt":"2021-12-18T20:04:00","slug":"bratislavsky-klub-pod-lampou-novinara-stefana-hriba-ma-opat-problemy-so-zakonom","status":"publish","type":"post","link":"https:\/\/literarnenoviny.sk\/servis\/bratislavsky-klub-pod-lampou-novinara-stefana-hriba-ma-opat-problemy-so-zakonom\/","title":{"rendered":"Bratislavsk\u00fd Klub pod lampou novin\u00e1ra \u0160tefana Hr\u00edba m\u00e1 op\u00e4\u0165 probl\u00e9my so&nbsp;z\u00e1konom"},"content":{"rendered":"<p><strong>Zn\u00e1my bratislavsk\u00fd <a href=\"https:\/\/www.citylife.sk\/miesto\/klub-pod-lampou-bratislava\" rel=\"noopener\" target=\"_blank\">Klub pod lampou<\/a> novin\u00e1ra <a href=\"https:\/\/www.tyzden.sk\/autori\/stefan-hrib\/\" rel=\"noopener\" target=\"_blank\">\u0160tefana Hr\u00edba<\/a> op\u00e4\u0165 nere\u0161pektoval protipandemick\u00e9 opatrenia<\/strong>. V&nbsp;podniku v&nbsp;centre mesta, v&nbsp;ktorom sa&nbsp;konaj\u00fa aj mnoh\u00e9 kult\u00farne a&nbsp;spolo\u010densk\u00e9 podujatia financovan\u00e9 z&nbsp;verejn\u00fdch prostriedkov, v&nbsp;piatok ve\u010der <a href=\"https:\/\/www.facebook.com\/KRPZBA\/posts\/1330346074054586\" rel=\"noopener\" target=\"_blank\">zasahovala pol\u00edcia<\/a>. <\/p>\n<p>Zadr\u017eali zamestnanky\u0148u a&nbsp;na&nbsp;oddelenie sa&nbsp;dostavil aj majite\u013e prev\u00e1dzky, kde bol obmedzen\u00fd na&nbsp;osobnej slobode. Po&nbsp;v\u00fdsluchu ich policajti prepustili a&nbsp;za\u010dali trestn\u00e9 st\u00edhanie.<\/p>\n<p><center><div class=\"gca-utility vertical-spacer\"><\/div><iframe loading=\"lazy\" src=\"https:\/\/www.facebook.com\/plugins\/post.php?href=https%3A%2F%2Fwww.facebook.com%2FKRPZBA%2Fposts%2F1330346074054586&#038;width=460&#038;show_text=true&#038;appId=2424319851126972&#038;height=785\" width=\"460\" height=\"785\" style=\"border:none;overflow:hidden\" scrolling=\"no\" frameborder=\"0\" allowfullscreen=\"true\" allow=\"autoplay; clipboard-write; encrypted-media; picture-in-picture; web-share\"><\/iframe><div class=\"gca-utility vertical-spacer\"><\/div><\/center><\/p>\n<p>\u0160tefan Hr\u00edb v\u0161ak ak\u00e9ko\u013evek poru\u0161enie opatren\u00ed popiera <em>\u201eAj po\u010das tejto vlny pand\u00e9mie pripravujeme v&nbsp;umeleckej \u010dasti Klubu po&nbsp;lampou r\u00f4zne umeleck\u00e9 a&nbsp;diskusn\u00e9 form\u00e1ty pre&nbsp;online vysielanie. Tak to bolo aj v\u010dera. Prev\u00e1dzka bola pre&nbsp;verejnos\u0165 uzavret\u00e1. I\u0161lo teda o&nbsp;nedorozumenie, ktor\u00e9 sme na&nbsp;pr\u00edslu\u0161nom mieste vysvetlili,\u201c<\/em> vyjadril sa&nbsp;pre&nbsp;port\u00e1l <a href=\"https:\/\/refresher.sk\/107908-Znameho-novinara-a-majitela-klubu-Pod-lampou-Stefana-Hriba-zadrzala-policia-Bar-mal-otvoreny-napriek-zakazu\" rel=\"noopener\" target=\"_blank\">Refresher<\/a>. <\/p>\n<p><a href=\"https:\/\/www.tyzden.sk\/klubpodlampou\/\" rel=\"noopener\" target=\"_blank\">Klub pod lampou<\/a> u\u017e&nbsp;probl\u00e9m s&nbsp;lockdownom mal. B\u00fdval\u00fd podpredseda parlamentu <a href=\"https:\/\/sk.wikipedia.org\/wiki\/Juraj_\u0160eliga\" rel=\"noopener\" target=\"_blank\">Juraj \u0160eliga<\/a>, jeho kolegy\u0148a zo&nbsp;strany <a href=\"https:\/\/stranazaludi.sk\/\" rel=\"noopener\" target=\"_blank\">Za \u013eud\u00ed<\/a> Jana \u017dit\u0148ansk\u00e1 a&nbsp;bratislavsk\u00fd \u017eupan Juraj Droba sa&nbsp;v&nbsp;\u0148om zab\u00e1vali po\u010das no\u010dn\u00e9ho z\u00e1kazu vych\u00e1dzania. Pre&nbsp;kauzu sa&nbsp;\u0160eliga vzdal kresla podpredsedu <a href=\"https:\/\/www.nrsr.sk\/\" rel=\"noopener\" target=\"_blank\">N\u00e1rodnej rady SR<\/a>. <\/p>\n<p style=\"text-align: right;\"><small>&mdash;&nbsp;<a href=\"https:\/\/www.facebook.com\/KRPZBA\/posts\/1330346074054586\" target=\"_blank\" rel=\"noopener\">Pol\u00edcia SR<\/a> a&nbsp;<a href=\"<a href=\"https:\/\/refresher.sk\/107908-Znameho-novinara-a-majitela-klubu-Pod-lampou-Stefana-Hriba-zadrzala-policia-Bar-mal-otvoreny-napriek-zakazu\" rel=\"noopener\" target=\"_blank\">Refresher<\/a><\/small><\/p>\n<div class=\"gca-utility clearfix\"><\/div>\n<div class=\"gca-utility vertical-spacer\"><\/div>\n<p><center><span class=\"fullscreen\"><a href=\"\/\/www.martinus.sk\/?z=WLGC7F&#038;utm_source=z%3DWLGC7F&#038;utm_medium=banner1_468x60&#038;utm_campaign=partner\"><img decoding=\"async\" src=\"\/\/www.martinus.sk\/images\/banners\/468x60_red.jpg\" alt=\"www.martinus.sk\" \/><\/a><\/span><\/center><\/p>\n","protected":false},"excerpt":{"rendered":"<p>Zn\u00e1my bratislavsk\u00fd Klub pod lampou novin\u00e1ra \u0160tefana Hr\u00edba op\u00e4\u0165 nere\u0161pektoval protipandemick\u00e9 opatrenia. V&nbsp;podniku v&nbsp;centre mesta, v&nbsp;ktorom sa&nbsp;konaj\u00fa aj mnoh\u00e9 kult\u00farne a&nbsp;spolo\u010densk\u00e9 podujatia financovan\u00e9 z&nbsp;verejn\u00fdch prostriedkov, v&nbsp;piatok ve\u010der zasahovala pol\u00edcia. <a href=\"https:\/\/literarnenoviny.sk\/servis\/bratislavsky-klub-pod-lampou-novinara-stefana-hriba-ma-opat-problemy-so-zakonom\/\" class=\"more-link\">Cel\u00e1 spr\u00e1va <span class=\"meta-nav\">&rarr;<\/span><\/a><\/p>\n","protected":false},"author":2,"featured_media":0,"comment_status":"closed","ping_status":"closed","sticky":false,"template":"","format":"standard","meta":{"_links_to":"","_links_to_target":""},"categories":[1],"tags":[234,3,171,27],"_links":{"self":[{"href":"https:\/\/literarnenoviny.sk\/servis\/wp-json\/wp\/v2\/posts\/19031"}],"collection":[{"href":"https:\/\/literarnenoviny.sk\/servis\/wp-json\/wp\/v2\/posts"}],"about":[{"href":"https:\/\/literarnenoviny.sk\/servis\/wp-json\/wp\/v2\/types\/post"}],"author":[{"embeddable":true,"href":"https:\/\/literarnenoviny.sk\/servis\/wp-json\/wp\/v2\/users\/2"}],"replies":[{"embeddable":true,"href":"https:\/\/literarnenoviny.sk\/servis\/wp-json\/wp\/v2\/comments?post=19031"}],"version-history":[{"count":0,"href":"https:\/\/literarnenoviny.sk\/servis\/wp-json\/wp\/v2\/posts\/19031\/revisions"}],"wp:attachment":[{"href":"https:\/\/literarnenoviny.sk\/servis\/wp-json\/wp\/v2\/media?parent=19031"}],"wp:term":[{"taxonomy":"category","embeddable":true,"href":"https:\/\/literarnenoviny.sk\/servis\/wp-json\/wp\/v2\/categories?post=19031"},{"taxonomy":"post_tag","embeddable":true,"href":"https:\/\/literarnenoviny.sk\/servis\/wp-json\/wp\/v2\/tags?post=19031"}],"curies":[{"name":"wp","href":"https:\/\/api.w.org\/{rel}","templated":true}]}}