{"id":18898,"date":"2021-11-14T15:00:47","date_gmt":"2021-11-14T14:00:47","guid":{"rendered":"https:\/\/literarnenoviny.sk\/servis\/?p=18898"},"modified":"2021-11-14T22:38:24","modified_gmt":"2021-11-14T21:38:24","slug":"slovinsko-vyznamenalo-milana-kunderu-ako-jeden-z-mala-podporoval-jeho-nezavislost","status":"publish","type":"post","link":"https:\/\/literarnenoviny.sk\/servis\/slovinsko-vyznamenalo-milana-kunderu-ako-jeden-z-mala-podporoval-jeho-nezavislost\/","title":{"rendered":"Slovinsko vyznamenalo Milana Kunderu, ako jeden z&nbsp;m\u00e1la podporoval jeho nez\u00e1vislos\u0165"},"content":{"rendered":"<p><strong>Slovinsk\u00fd prezident <a href=\"https:\/\/www.sta.si\/2966098\/pahor-pisatelju-milanu-kunderi-podelil-zlati-red-za-zasluge\">udelil \u0161t\u00e1tne vyznamenanie<\/a> \u010desk\u00e9mu spisovate\u013eovi <a href=\"https:\/\/cs.wikipedia.org\/wiki\/Milan_Kundera\" rel=\"noopener\" target=\"_blank\">Milanovi Kunderovi<\/a><\/strong>. Dostal ho za&nbsp;podporu nez\u00e1vislosti krajiny. Ponovembrov\u00e9 \u010ceskoslovensko, vr\u00e1tane prezidenta <a href=\"https:\/\/sk.wikipedia.org\/wiki\/V\u00e1clav_Havel\" rel=\"noopener\" target=\"_blank\">V\u00e1clava Havla<\/a> vtedy osamostatnenie Slovinska odsudzovalo. Na&nbsp;strane Juhosl\u00e1vie bola aj v\u00e4\u010d\u0161ina kraj\u00edn <a href=\"https:\/\/sk.wikipedia.org\/wiki\/Eur\u00f3pske_spolo\u010denstvo\" rel=\"noopener\" target=\"_blank\">Eur\u00f3pskeho spolo\u010denstva<\/a>.<\/p>\n<p>Po <a href=\"https:\/\/sl.wikipedia.org\/wiki\/Deklaracija_o_neodvisnosti_Slovenije\" rel=\"noopener\" target=\"_blank\">vyhl\u00e1sen\u00ed nez\u00e1vislosti<\/a> v&nbsp;j\u00fani 1991 \u010delilo Slovinsko <a href=\"https:\/\/en.wikipedia.org\/wiki\/Ten-Day_War\" rel=\"noopener\" target=\"_blank\">desa\u0165d\u0148ovej ofenz\u00edve<\/a> feder\u00e1lnej <a href=\"https:\/\/cs.wikipedia.org\/wiki\/Jugosl\u00e1vsk\u00e1_lidov\u00e1_arm\u00e1da\" rel=\"noopener\" target=\"_blank\">Juhoslovanskej \u013eudovej arm\u00e1dy<\/a>.<\/p>\n<p><center><div class=\"gca-utility vertical-spacer\"><\/div><iframe loading=\"lazy\" src=\"https:\/\/www.facebook.com\/plugins\/post.php?href=https%3A%2F%2Fwww.facebook.com%2FSTA.Novice%2Fposts%2F10158137003887035&#038;show_text=true&#038;width=500\" width=\"500\" height=\"544\" style=\"border:none;overflow:hidden\" scrolling=\"no\" frameborder=\"0\" allowfullscreen=\"true\" allow=\"autoplay; clipboard-write; encrypted-media; picture-in-picture; web-share\"><\/iframe><div class=\"gca-utility vertical-spacer\"><\/div><\/center><\/p>\n<p>Z feder\u00e1cie sa&nbsp;Slovinci rozhodli vyst\u00fapi\u0165 23.&nbsp;decembra 1990 v&nbsp;referende, na&nbsp;ktorom sa&nbsp;z\u00fa\u010dastnilo 93&nbsp;percent obyvate\u013eov a&nbsp;za&nbsp;nez\u00e1vislos\u0165 sa&nbsp;v&nbsp;\u0148om vtedy vyjadrilo a\u017e 95&nbsp;percent z&nbsp;nich. Ich kompromisn\u00fd n\u00e1vrh na&nbsp;premenu spolo\u010dn\u00e9ho \u0161t\u00e1tu na&nbsp;konfeder\u00e1ciu zv\u00e4zov\u00e1 Juhosl\u00e1via odmietla prija\u0165.<\/p>\n<p>V najkrat\u0161ej balk\u00e1nskej vojne, ktor\u00e1 si vy\u017eiadala 44 \u017eivotov, sa&nbsp;napokon Slovinci ubr\u00e1nili a&nbsp;feder\u00e1lne vojsk\u00e1, na&nbsp;z\u00e1klade vz\u00e1jomnej dohody, \u00fazemie b\u00fdvalej zv\u00e4zovej republiky opustili.<\/p>\n<p>Kundera, ktor\u00fd bol vtedy v&nbsp;kontakte z&nbsp;vtedaj\u0161\u00edm Zv\u00e4zom slovinsk\u00fdch spisovate\u013eov, sa&nbsp;ako jeden z&nbsp;m\u00e1la vplyvn\u00fdch z\u00e1padoeur\u00f3pskych intelektu\u00e1lov postavil za&nbsp;Slovincov. V&nbsp;novinovom \u010dl\u00e1nku na\u010drtol slovinsk\u00fa hist\u00f3riu. <em>\u201eSlovinsko treba zachr\u00e1ni\u0165, patr\u00ed do&nbsp;z\u00e1padnej Eur\u00f3py,\u201c<\/em> nap\u00edsal vtedy \u010desk\u00fd exilov\u00fd autor. Tento jeho \u010din teraz Slovinci ocenili ako pr\u00ednos k&nbsp;pochopeniu <em>\u201eb\u00farliv\u00fdch \u010dasov v&nbsp;Eur\u00f3pe\u201c<\/em>.<\/p>\n<p>\u010clensk\u00e9 \u0161t\u00e1ty vtedaj\u0161ieho Eur\u00f3pskeho spolo\u010denstva <em>(dne\u0161n\u00e1 Eur\u00f3pska \u00fania)<\/em> slovinsk\u00fa nez\u00e1vislos\u0165 ofici\u00e1lne uznali a\u017e v&nbsp;polovici janu\u00e1ra 1992. V&nbsp;m\u00e1ji toho ist\u00e9ho roku krajina vst\u00fapila aj do&nbsp;Organiz\u00e1cie Spojen\u00fdch n\u00e1rodov.<\/p>\n<p>Jedno z&nbsp;najvy\u0161\u0161\u00edch \u0161t\u00e1tnych vyznamenan\u00ed Zlat\u00fd rad za&nbsp;z\u00e1sluhy si spisovate\u013e zo&nbsp;zdravotn\u00fdch d\u00f4vodov nepri\u0161iel prevzia\u0165 osobne. Slovinsk\u00fd prezident <a href=\"https:\/\/sk.wikipedia.org\/wiki\/Borut_Pahor\" rel=\"noopener\" target=\"_blank\">Borut Pahor<\/a> ho odovzdal fotografovi Evgenovi Bav\u010darovi, \u017eij\u00facemu v&nbsp;Par\u00ed\u017ei, ktor\u00fd udelenie ceny Milanovi Kunderovi inicioval.<\/p>\n<p style=\"text-align: right;\"><small>&mdash;&nbsp;<a href=\"https:\/\/www.sta.si\/2966098\/pahor-pisatelju-milanu-kunderi-podelil-zlati-red-za-zasluge\" target=\"_blank\" rel=\"noopener\">STA<\/a> a&nbsp;<a href=\"https:\/\/sloveniatimes.com\/pahor-presents-golden-order-of-merit-to-author-milan-kundera\/\" target=\"_blank\" rel=\"noopener\">The Slovenia Times<\/a><\/small><\/p>\n<div class=\"gca-utility clearfix\"><\/div>\n<div class=\"gca-utility vertical-spacer\"><\/div>\n<p><center><span class=\"fullscreen\"><a href=\"\/\/www.martinus.sk\/?z=WLGC7F&#038;utm_source=z%3DWLGC7F&#038;utm_medium=banner1_468x60&#038;utm_campaign=partner\"><img decoding=\"async\" src=\"\/\/www.martinus.sk\/images\/banners\/468x60_red.jpg\" alt=\"www.martinus.sk\" \/><\/a><\/span><\/center><\/p>\n","protected":false},"excerpt":{"rendered":"<p>Slovinsk\u00fd prezident udelil \u0161t\u00e1tne vyznamenanie \u010desk\u00e9mu spisovate\u013eovi Milanovi Kunderovi. Dostal ho za&nbsp;podporu nez\u00e1vislosti krajiny. Ponovembrov\u00e9 \u010ceskoslovensko, vr\u00e1tane prezidenta V\u00e1clava Havla vtedy osamostatnenie Slovinska odsudzovalo. Na&nbsp;strane Juhosl\u00e1vie bola aj v\u00e4\u010d\u0161ina kraj\u00edn Eur\u00f3pskeho spolo\u010denstva. <a href=\"https:\/\/literarnenoviny.sk\/servis\/slovinsko-vyznamenalo-milana-kunderu-ako-jeden-z-mala-podporoval-jeho-nezavislost\/\" class=\"more-link\">Cel\u00e1 spr\u00e1va <span class=\"meta-nav\">&rarr;<\/span><\/a><\/p>\n","protected":false},"author":2,"featured_media":0,"comment_status":"closed","ping_status":"closed","sticky":false,"template":"","format":"standard","meta":{"_links_to":"","_links_to_target":""},"categories":[1],"tags":[3,196,21,76,176],"_links":{"self":[{"href":"https:\/\/literarnenoviny.sk\/servis\/wp-json\/wp\/v2\/posts\/18898"}],"collection":[{"href":"https:\/\/literarnenoviny.sk\/servis\/wp-json\/wp\/v2\/posts"}],"about":[{"href":"https:\/\/literarnenoviny.sk\/servis\/wp-json\/wp\/v2\/types\/post"}],"author":[{"embeddable":true,"href":"https:\/\/literarnenoviny.sk\/servis\/wp-json\/wp\/v2\/users\/2"}],"replies":[{"embeddable":true,"href":"https:\/\/literarnenoviny.sk\/servis\/wp-json\/wp\/v2\/comments?post=18898"}],"version-history":[{"count":0,"href":"https:\/\/literarnenoviny.sk\/servis\/wp-json\/wp\/v2\/posts\/18898\/revisions"}],"wp:attachment":[{"href":"https:\/\/literarnenoviny.sk\/servis\/wp-json\/wp\/v2\/media?parent=18898"}],"wp:term":[{"taxonomy":"category","embeddable":true,"href":"https:\/\/literarnenoviny.sk\/servis\/wp-json\/wp\/v2\/categories?post=18898"},{"taxonomy":"post_tag","embeddable":true,"href":"https:\/\/literarnenoviny.sk\/servis\/wp-json\/wp\/v2\/tags?post=18898"}],"curies":[{"name":"wp","href":"https:\/\/api.w.org\/{rel}","templated":true}]}}