{"id":18885,"date":"2021-11-14T12:20:21","date_gmt":"2021-11-14T11:20:21","guid":{"rendered":"https:\/\/literarnenoviny.sk\/servis\/?p=18885"},"modified":"2021-11-14T16:09:09","modified_gmt":"2021-11-14T15:09:09","slug":"vo-veku-77-rokov-zomrel-slovensky-novinar-publicista-a-scenarista-eugen-gindl","status":"publish","type":"post","link":"https:\/\/literarnenoviny.sk\/servis\/vo-veku-77-rokov-zomrel-slovensky-novinar-publicista-a-scenarista-eugen-gindl\/","title":{"rendered":"Vo veku 77 rokov zomrel slovensk\u00fd novin\u00e1r, publicista a&nbsp;scen\u00e1rista Eugen Gindl"},"content":{"rendered":"<p><strong>Vo veku 77 rokov zomrel slovensk\u00fd novin\u00e1r, publicista a&nbsp;scen\u00e1rista <a href=\"https:\/\/sk.wikipedia.org\/wiki\/Eugen_Gindl\" rel=\"noopener\" target=\"_blank\">Eugen Gindl<\/a><\/strong>, jeden zo&nbsp;spoluautorov ob\u010dianskej v\u00fdzvy <a href=\"https:\/\/sk.wikipedia.org\/wiki\/Bratislava\/nahlas\" rel=\"noopener\" target=\"_blank\">Bratislava nahlas<\/a>, popredn\u00fd predstavite\u013e hnutia <a href=\"https:\/\/sk.wikipedia.org\/wiki\/Verejnos\u0165_proti_n\u00e1siliu\" rel=\"noopener\" target=\"_blank\">Verejnos\u0165 proti n\u00e1siliu<\/a> a&nbsp;\u0161\u00e9fredaktor niekdaj\u0161ieho periodika Verejnos\u0165. Scen\u00e1ristovu smr\u0165 na&nbsp;soci\u00e1lnej sieti potvrdila jeho dc\u00e9ra Barbora.<\/p>\n<p><em>\u201eNau\u010dil si n\u00e1s, \u017ee&nbsp;sa&nbsp;nem\u00f4\u017eeme strati\u0165, ale iba nie\u010do nov\u00e9 objavi\u0165 a&nbsp;n\u00e1js\u0165, a&nbsp;tak viem, \u017ee&nbsp;sa&nbsp;nestrat\u00ed\u0161, ale bude\u0161 putova\u0165 \u010falej&#8230;,\u201c<\/em> nap\u00edsala vo&nbsp;svojom  statuse.<\/p>\n<p><center><div class=\"gca-utility vertical-spacer\"><\/div><iframe loading=\"lazy\" src=\"https:\/\/www.facebook.com\/plugins\/post.php?href=https%3A%2F%2Fwww.facebook.com%2Fministerstvo.kultury.SR%2Fposts%2F252426806908973&#038;width=460&#038;show_text=false&#038;appId=2424319851126972&#038;height=315\" width=\"460\" height=\"315\" style=\"border:none;overflow:hidden\" scrolling=\"no\" frameborder=\"0\" allowfullscreen=\"true\" allow=\"autoplay; clipboard-write; encrypted-media; picture-in-picture; web-share\"><\/iframe><div class=\"gca-utility vertical-spacer\"><\/div><\/center><\/p>\n<p>Bratislavsk\u00fd rod\u00e1k Eugen Gindl poch\u00e1dzal z&nbsp;lek\u00e1rskej rodiny. Rodina sa&nbsp;v\u0161ak potom pres\u0165ahovala do&nbsp;Liptovsk\u00e9ho Mikul\u00e1\u0161a, kde str\u00e1vil detstvo aj dospievanie.<\/p>\n<p><em>\u201eTu som vyrastal, tu som dospel, tu som si osvojil liptovsk\u00fa sloven\u010dinu, tu som sa&nbsp;nau\u010dil chodi\u0165 po&nbsp;hor\u00e1ch. Na&nbsp;ka\u017ed\u00fd vrchol z&nbsp;venca h\u00f4r okolo Liptova som vyst\u00fapil najmenej raz. Na&nbsp;Kriv\u00e1\u0148 jeden\u00e1s\u0165kr\u00e1t, na&nbsp;Bystr\u00fa desa\u0165kr\u00e1t,\u201c<\/em> uviedol publicista pre&nbsp;\u010desk\u00fd server <em><a href=\"https:\/\/www.pametnaroda.cz\/sk\/gindl-eugen-1944\" rel=\"noopener\" target=\"_blank\">Pam\u011b\u0165 n\u00e1roda<\/a><\/em>.<\/p>\n<p>Po \u0161t\u00fadiu novin\u00e1rstva na&nbsp;Filozofickej Fakulte Univerzity Komensk\u00e9ho a&nbsp;na&nbsp;univerzite v&nbsp;Berl\u00edne bol report\u00e9rom v&nbsp;t\u00fd\u017edenn\u00edku \u017divot. Spolupracoval s&nbsp;\u010ceskoslovensk\u00fdm rozhlasom, telev\u00edziou a&nbsp;filmov\u00fdm \u0161t\u00fadiom Koliba. Je&nbsp;autorom nieko\u013ek\u00fdch rozhlasov\u00fdch  hier, inscen\u00e1ci\u00ed a&nbsp;filmov. V&nbsp;ponovembrovom obdob\u00ed spoluzakladal kult\u00farno-spolo\u010densk\u00fd mesa\u010dn\u00edk OS &#8211; F\u00f3rum ob\u010dianskej spolo\u010dnosti.<\/p>\n<p>Ako vn\u00edmav\u00fd pozorovate\u013e ka\u017edodennej reality a&nbsp;pravideln\u00fd prispievate\u013e do&nbsp;slovensk\u00fdch m\u00e9di\u00ed sa&nbsp;Eugen Gindl pred \u010dasom vyjadril aj k&nbsp;aktu\u00e1lnej spolo\u010denskej atmosf\u00e9re. <em>\u201eNav\u0161tevujem dve kr\u010dmy, v&nbsp;ka\u017edej je&nbsp;in\u00e9 zlo\u017eenie pos\u00e1dky, s\u00fa tam \u013eudia s&nbsp;vysoko\u0161kolsk\u00fdm vzdelan\u00edm, \u013eudia oby\u010dajn\u00ed, \u00faradn\u00edci, robotn\u00edci a&nbsp;tak. Nikdy sme nemali rovnak\u00fd n\u00e1zor, ale vedeli sme sa&nbsp;dobre pozhov\u00e1ra\u0165 aj sa&nbsp;dobre po\u0161kriepi\u0165.\u201c<\/em><\/p>\n<p><em>\u201eAle teraz do\u0161lo k&nbsp;tot\u00e1lnemu rozdeleniu, niektor\u00ed tam odmietli chodi\u0165, a&nbsp;vyskytuj\u00fa sa&nbsp;tam prejavy, akoby niektor\u00ed stratili rozum\u201c<\/em>.<\/p>\n<p style=\"text-align: right;\"><small>&mdash;&nbsp;<a href=\"https:\/\/literarnenoviny.sk\" target=\"_blank\" rel=\"noopener\">Liter\u00e1rne noviny<\/a> a&nbsp;<a href=\"https:\/\/www.pametnaroda.cz\/sk\/gindl-eugen-1944\" target=\"_blank\" rel=\"noopener\">Pam\u011b\u0165 n\u00e1roda<\/a><\/small><\/p>\n<div class=\"gca-utility clearfix\"><\/div>\n<div class=\"gca-utility vertical-spacer\"><\/div>\n<p><center><span class=\"fullscreen\"><a href=\"\/\/www.martinus.sk\/?z=WLGC7F&#038;utm_source=z%3DWLGC7F&#038;utm_medium=banner1_468x60&#038;utm_campaign=partner\"><img decoding=\"async\" src=\"\/\/www.martinus.sk\/images\/banners\/468x60.jpg\" alt=\"www.martinus.sk\" \/><\/a><\/span><\/center><\/p>\n","protected":false},"excerpt":{"rendered":"<p>Vo veku 77 rokov zomrel slovensk\u00fd novin\u00e1r, publicista a&nbsp;scen\u00e1rista Eugen Gindl, jeden zo&nbsp;spoluautorov ob\u010dianskej v\u00fdzvy Bratislava nahlas, popredn\u00fd predstavite\u013e hnutia Verejnos\u0165 proti n\u00e1siliu a&nbsp;\u0161\u00e9fredaktor niekdaj\u0161ieho periodika Verejnos\u0165. Scen\u00e1ristovu smr\u0165 potvrdila na&nbsp;soci\u00e1lnej sieti jeho dc\u00e9ra Barbora. <a href=\"https:\/\/literarnenoviny.sk\/servis\/vo-veku-77-rokov-zomrel-slovensky-novinar-publicista-a-scenarista-eugen-gindl\/\" class=\"more-link\">Cel\u00e1 spr\u00e1va <span class=\"meta-nav\">&rarr;<\/span><\/a><\/p>\n","protected":false},"author":2,"featured_media":0,"comment_status":"closed","ping_status":"closed","sticky":false,"template":"","format":"standard","meta":{"_links_to":"","_links_to_target":""},"categories":[1],"tags":[3,209,27],"_links":{"self":[{"href":"https:\/\/literarnenoviny.sk\/servis\/wp-json\/wp\/v2\/posts\/18885"}],"collection":[{"href":"https:\/\/literarnenoviny.sk\/servis\/wp-json\/wp\/v2\/posts"}],"about":[{"href":"https:\/\/literarnenoviny.sk\/servis\/wp-json\/wp\/v2\/types\/post"}],"author":[{"embeddable":true,"href":"https:\/\/literarnenoviny.sk\/servis\/wp-json\/wp\/v2\/users\/2"}],"replies":[{"embeddable":true,"href":"https:\/\/literarnenoviny.sk\/servis\/wp-json\/wp\/v2\/comments?post=18885"}],"version-history":[{"count":0,"href":"https:\/\/literarnenoviny.sk\/servis\/wp-json\/wp\/v2\/posts\/18885\/revisions"}],"wp:attachment":[{"href":"https:\/\/literarnenoviny.sk\/servis\/wp-json\/wp\/v2\/media?parent=18885"}],"wp:term":[{"taxonomy":"category","embeddable":true,"href":"https:\/\/literarnenoviny.sk\/servis\/wp-json\/wp\/v2\/categories?post=18885"},{"taxonomy":"post_tag","embeddable":true,"href":"https:\/\/literarnenoviny.sk\/servis\/wp-json\/wp\/v2\/tags?post=18885"}],"curies":[{"name":"wp","href":"https:\/\/api.w.org\/{rel}","templated":true}]}}