{"id":18875,"date":"2021-11-10T17:10:52","date_gmt":"2021-11-10T16:10:52","guid":{"rendered":"https:\/\/literarnenoviny.sk\/servis\/?p=18875"},"modified":"2021-11-10T21:36:22","modified_gmt":"2021-11-10T20:36:22","slug":"novym-riaditelom-literarneho-informacneho-centra-by-sa-mal-stat-pavel-sibyla","status":"publish","type":"post","link":"https:\/\/literarnenoviny.sk\/servis\/novym-riaditelom-literarneho-informacneho-centra-by-sa-mal-stat-pavel-sibyla\/","title":{"rendered":"Nov\u00fdm riadite\u013eom Liter\u00e1rneho informa\u010dn\u00e9ho centra by sa&nbsp;mal sta\u0165 Pavel Sibyla"},"content":{"rendered":"<p><strong>Nov\u00fdm riadite\u013eom Liter\u00e1rneho informa\u010dn\u00e9ho centra by sa&nbsp;mal sta\u0165 publicista <a href=\"https:\/\/sk.wikipedia.org\/wiki\/Pavel_Sibyla\" rel=\"noopener\" target=\"_blank\">Pavel Sibyla<\/a><\/strong>. Slovenskej ministerke kult\u00fary Nat\u00e1lii Milanovej ho odpor\u00fa\u010da vymenova\u0165 v\u00fdberov\u00e1 komisia, uv\u00e1dza sa&nbsp;v&nbsp;z\u00e1pisnici <a href=\"https:\/\/www.culture.gov.sk\/wp-content\/uploads\/2021\/11\/2021-11-09_Zaverecna-zapisnica-VK-LIC.pdf\" rel=\"noopener\" target=\"_blank\">zverejnenej<\/a> na&nbsp;webe ministerstva. Druh\u00e9 v\u00fdberov\u00e9 konanie na&nbsp;poz\u00edciu riadite\u013ea je&nbsp;pod\u013ea nej ukon\u010den\u00e9.<\/p>\n<p>Pavel Sibyla je&nbsp;\u010dlenom politick\u00e9ho hnutia Progres\u00edvne Slovensko a&nbsp;autorom dvoch prozaick\u00fdch titulov.<\/p>\n<p><center><div class=\"gca-utility vertical-spacer\"><\/div><iframe loading=\"lazy\" src=\"https:\/\/www.facebook.com\/plugins\/post.php?href=https%3A%2F%2Fwww.facebook.com%2Flitcentrum.sk%2Fposts%2F10159490904799371&#038;width=460&#038;show_text=true&#038;appId=2424319851126972&#038;height=558\" width=\"460\" height=\"558\" style=\"border:none;overflow:hidden\" scrolling=\"no\" frameborder=\"0\" allowfullscreen=\"true\" allow=\"autoplay; clipboard-write; encrypted-media; picture-in-picture; web-share\"><\/iframe><div class=\"gca-utility vertical-spacer\"><\/div><\/center><\/p>\n<p>Absolvent hist\u00f3rie na&nbsp;Trnavskej univerzite za\u010dal publikova\u0165 v&nbsp;denn\u00edku Sme, v&nbsp;rokoch 2008 a\u017e 2014 bol report\u00e9rom ekonomick\u00e9ho t\u00fd\u017edenn\u00edka Trend. Zalo\u017eil tie\u017e internetov\u00fd magaz\u00edn Mono a&nbsp;stal sa&nbsp;jeho prv\u00fdm \u0161\u00e9fredaktorom. Nesk\u00f4r bol ved\u00facim odboru vn\u00fatornej politiky v&nbsp;kancel\u00e1rii prezidenta  Andreja Kisku. Z&nbsp;tejto poz\u00edcie odi\u0161iel nasleduj\u00faci rok a&nbsp;stal sa&nbsp;v\u00fdkonn\u00fdm riadite\u013eom Nad\u00e1cie Zastavme korupciu.<\/p>\n<p>Na internetovej str\u00e1nke Ministerstva kult\u00fary je&nbsp;zverejnen\u00e9 aj <a href=\"https:\/\/www.culture.gov.sk\/ministerstvo\/organizacie-ministerstva\/vyberove-konania\/druhe-vyberove-konanie-riaditel-riaditelka-literarneho-informacneho-centra\/\" rel=\"noopener\" target=\"_blank\">bodov\u00e9 aj slovn\u00e9 hodnotenie komisie<\/a> ukon\u010den\u00e9ho kola v\u00fdberov\u00e9ho konania. S\u00fa\u010das\u0165ou z\u00e1pisnice bude aj zverejnenie videa z&nbsp;verejn\u00e9ho vypo\u010dutia v&nbsp;zmysle smernice \u010d.8\/2021.<\/p>\n<p>Do predch\u00e1dzaj\u00faceho ne\u00faspe\u0161n\u00e9ho v\u00fdberov\u00e9ho konania, ktor\u00e9 bolo vyhl\u00e1sen\u00e9 koncom apr\u00edla, sa&nbsp;prihl\u00e1sili dvaja uch\u00e1dza\u010di, pri\u010dom jeden z&nbsp;nich po\u010das procesu dobrovo\u013ene odst\u00fapil a&nbsp;druh\u00e9ho komisia na&nbsp;post riadite\u013ea neodpor\u00fa\u010dala. V\u00fdberov\u00fd proces sa&nbsp;preto opakoval. <\/p>\n<p>Riaden\u00edm Liter\u00e1rneho informa\u010dn\u00e9ho centra je&nbsp;do\u010dasne poveren\u00e1 Beata Vlkov\u00e1.<\/p>\n<p style=\"text-align: right;\"><small>&mdash;&nbsp;<a href=\"https:\/\/www.litcentrum.sk\/clanok\/novym-riaditelom-lic-bude-pavel-sibyla\" target=\"_blank\" rel=\"noopener\">LIC<\/a><\/small><\/p>\n<div class=\"gca-utility clearfix\"><\/div>\n<div class=\"gca-utility vertical-spacer\"><\/div>\n<p><center><span class=\"fullscreen\"><a href=\"\/\/www.martinus.sk\/?z=WLGC7F&#038;utm_source=z%3DWLGC7F&#038;utm_medium=banner1_468x60&#038;utm_campaign=partner\"><img decoding=\"async\" src=\"\/\/www.martinus.sk\/images\/banners\/468x60.jpg\" alt=\"www.martinus.sk\" \/><\/a><\/span><\/center><\/p>\n","protected":false},"excerpt":{"rendered":"<p>Nov\u00fdm riadite\u013eom Liter\u00e1rneho informa\u010dn\u00e9ho centra by sa&nbsp;mal sta\u0165 publicista Pavel Sibyla. Slovenskej ministerke kult\u00fary Nat\u00e1lii Milanovej ho odpor\u00fa\u010da vymenova\u0165 v\u00fdberov\u00e1 komisia, uv\u00e1dza sa&nbsp;v&nbsp;z\u00e1pisnici zverejnenej na&nbsp;webe ministerstva. Druh\u00e9 v\u00fdberov\u00e9 konanie na&nbsp;poz\u00edciu riadite\u013ea je&nbsp;pod\u013ea nej ukon\u010den\u00e9. <a href=\"https:\/\/literarnenoviny.sk\/servis\/novym-riaditelom-literarneho-informacneho-centra-by-sa-mal-stat-pavel-sibyla\/\" class=\"more-link\">Cel\u00e1 spr\u00e1va <span class=\"meta-nav\">&rarr;<\/span><\/a><\/p>\n","protected":false},"author":2,"featured_media":0,"comment_status":"closed","ping_status":"closed","sticky":false,"template":"","format":"standard","meta":{"_links_to":"","_links_to_target":""},"categories":[1],"tags":[3],"_links":{"self":[{"href":"https:\/\/literarnenoviny.sk\/servis\/wp-json\/wp\/v2\/posts\/18875"}],"collection":[{"href":"https:\/\/literarnenoviny.sk\/servis\/wp-json\/wp\/v2\/posts"}],"about":[{"href":"https:\/\/literarnenoviny.sk\/servis\/wp-json\/wp\/v2\/types\/post"}],"author":[{"embeddable":true,"href":"https:\/\/literarnenoviny.sk\/servis\/wp-json\/wp\/v2\/users\/2"}],"replies":[{"embeddable":true,"href":"https:\/\/literarnenoviny.sk\/servis\/wp-json\/wp\/v2\/comments?post=18875"}],"version-history":[{"count":0,"href":"https:\/\/literarnenoviny.sk\/servis\/wp-json\/wp\/v2\/posts\/18875\/revisions"}],"wp:attachment":[{"href":"https:\/\/literarnenoviny.sk\/servis\/wp-json\/wp\/v2\/media?parent=18875"}],"wp:term":[{"taxonomy":"category","embeddable":true,"href":"https:\/\/literarnenoviny.sk\/servis\/wp-json\/wp\/v2\/categories?post=18875"},{"taxonomy":"post_tag","embeddable":true,"href":"https:\/\/literarnenoviny.sk\/servis\/wp-json\/wp\/v2\/tags?post=18875"}],"curies":[{"name":"wp","href":"https:\/\/api.w.org\/{rel}","templated":true}]}}