{"id":18828,"date":"2021-11-08T21:15:21","date_gmt":"2021-11-08T20:15:21","guid":{"rendered":"https:\/\/literarnenoviny.sk\/servis\/?p=18828"},"modified":"2022-08-02T11:15:32","modified_gmt":"2022-08-02T09:15:32","slug":"vo-veku-86-rokov-zomrel-slovensky-maliar-grafik-a-ilustrator-miroslav-cipar","status":"publish","type":"post","link":"https:\/\/literarnenoviny.sk\/servis\/vo-veku-86-rokov-zomrel-slovensky-maliar-grafik-a-ilustrator-miroslav-cipar\/","title":{"rendered":"Vo veku 86 rokov zomrel slovensk\u00fd maliar, grafik a&nbsp;ilustr\u00e1tor Miroslav Cip\u00e1r"},"content":{"rendered":"<p><strong>Vo veku 86 rokov zomrel slovensk\u00fd akademick\u00fd maliar, grafik, ilustr\u00e1tor <a href=\"https:\/\/sk.wikipedia.org\/wiki\/Miroslav_Cip\u00e1r\" rel=\"noopener\" target=\"_blank\">Miroslav Cip\u00e1r<\/a><\/strong>, ktor\u00fd bol pova\u017eovan\u00fd za&nbsp;jedn\u00e9ho z&nbsp;najv\u0161estrannej\u0161\u00edch slovensk\u00fdch v\u00fdtvarn\u00edkov. Informovalo o&nbsp;tom trnavsk\u00e9 vydavate\u013estvo <a href=\"https:\/\/www.ssv.sk\/\" rel=\"noopener\" target=\"_blank\">Spolku sv\u00e4t\u00e9ho Vojtecha<\/a>, ktor\u00e9mu smutn\u00fa spr\u00e1vu ozn\u00e1mili umelcove deti, syn Vladim\u00edr a&nbsp;dc\u00e9ra T\u00e1\u0148a.<\/p>\n<p>\u010citate\u013eskej verejnosti bol Miroslav Cip\u00e1r zn\u00e1my najm\u00e4 svojimi ilustr\u00e1ciami, za&nbsp;ktor\u00e9 z\u00edskal viacero v\u00fdznamn\u00fdch ocenen\u00ed.<\/p>\n<p><center><div class=\"gca-utility vertical-spacer\"><\/div><iframe loading=\"lazy\" src=\"https:\/\/www.facebook.com\/plugins\/post.php?href=https%3A%2F%2Fwww.facebook.com%2FTelevizneNoviny%2Fposts%2F10160207248911410&#038;width=460&#038;show_text=true&#038;appId=2424319851126972&#038;height=689\" width=\"460\" height=\"689\" style=\"border:none;overflow:hidden\" scrolling=\"no\" frameborder=\"0\" allowfullscreen=\"true\" allow=\"autoplay; clipboard-write; encrypted-media; picture-in-picture; web-share\"><\/iframe><div class=\"gca-utility vertical-spacer\"><\/div><\/center><\/p>\n<p>Ve\u013ek\u00e1 osobnos\u0165 slovenskej kult\u00fary a&nbsp;verejn\u00e9ho \u017eivota, univerz\u00e1lny umelec Miroslav Cip\u00e1r sa&nbsp;narodil sa&nbsp;8.&nbsp;janu\u00e1ra 1935 vo&nbsp;Vysokej nad Kysucou. Vy\u0161tudoval slovensk\u00fd jazyk a&nbsp;v\u00fdtvarn\u00fa v\u00fdchovu na&nbsp;Pedagogickej fakulte Univerzity Komensk\u00e9ho v&nbsp;Bratislave. <\/p>\n<p>Nesk\u00f4r absolvoval \u0161t\u00fadium grafiky a&nbsp;monu\u00adment\u00e1lnej ma\u013eby na&nbsp;Vysokej \u0161kole v\u00fdtvarn\u00fdch umen\u00ed v&nbsp;Bratislave u&nbsp;profesorov Vincenta Hlo\u017en\u00edka a&nbsp;Petra Matejku. <\/p>\n<p>St\u00e1l pri zrode Bien\u00e1le ilustr\u00e1ci\u00ed Bratislava a&nbsp;zohral v\u00fdznamn\u00fa \u00falohu aj po\u010das Ne\u017enej revol\u00facie, v&nbsp;jeho byte sa&nbsp;19.&nbsp;novembra 1989 stretli slovensk\u00ed v\u00fdtvarn\u00edci a&nbsp;sp\u00edsali prv\u00e9 revolu\u010dn\u00e9 vyhl\u00e1senie.<\/p>\n<p>Spomedzi umelcovej ostatnej tvorby zaujali najm\u00e4 jeho ilustr\u00e1cie k&nbsp;Goetheho <em><strong>Fausta<\/strong><\/em> \u010di&nbsp;<em><strong>Bo\u017eskej kom\u00e9die<\/strong><\/em> Danteho Aligieriho, ktor\u00e1 z\u00edskala ocenenie Najkraj\u0161ia kniha roka. Okrem ilustr\u00e1ci\u00ed tvoria jeho bohat\u00e9 portf\u00f3lio ma\u013eby, sochy, grafiky a&nbsp;taktie\u017e mnoh\u00e9 zn\u00e1me log\u00e1 podujat\u00ed a&nbsp;kult\u00farnych in\u0161t\u00faci\u00ed. <\/p>\n<p style=\"text-align: right;\"><small>&mdash;&nbsp;<a href=\"https:\/\/www.ssv.sk\/\" target=\"_blank\" rel=\"noopener\">Spolok sv\u00e4t\u00e9ho Vojtecha <\/a><\/small><\/p>\n<div class=\"gca-utility clearfix\"><\/div>\n<div class=\"gca-utility vertical-spacer\"><\/div>\n<p><center><span class=\"fullscreen\"><a href=\"\/\/www.martinus.sk\/?z=WLGC7F&#038;utm_source=z%3DWLGC7F&#038;utm_medium=banner1_468x60&#038;utm_campaign=partner\"><img decoding=\"async\" src=\"\/\/www.martinus.sk\/images\/banners\/468x60.jpg\" alt=\"www.martinus.sk\" \/><\/a><\/span><\/center><\/p>\n","protected":false},"excerpt":{"rendered":"<p>Vo veku 86 rokov zomrel slovensk\u00fd akademick\u00fd maliar, grafik, ilustr\u00e1tor Miroslav Cip\u00e1r, ktor\u00fd bol pova\u017eovan\u00fd za&nbsp;jedn\u00e9ho z&nbsp;najv\u0161estrannej\u0161\u00edch slovensk\u00fdch v\u00fdtvarn\u00edkov. Informovalo o&nbsp;tom trnavsk\u00e9 vydavate\u013estvo Spolku sv\u00e4t\u00e9ho Vojtecha, ktor\u00e9mu smutn\u00fa spr\u00e1vu ozn\u00e1mili umelcove deti, syn Vladim\u00edr a&nbsp;dc\u00e9ra T\u00e1\u0148a.<br \/>\n <a href=\"https:\/\/literarnenoviny.sk\/servis\/vo-veku-86-rokov-zomrel-slovensky-maliar-grafik-a-ilustrator-miroslav-cipar\/\" class=\"more-link\">Cel\u00e1 spr\u00e1va <span class=\"meta-nav\">&rarr;<\/span><\/a><\/p>\n","protected":false},"author":2,"featured_media":0,"comment_status":"closed","ping_status":"closed","sticky":false,"template":"","format":"standard","meta":{"_links_to":"","_links_to_target":""},"categories":[59,1],"tags":[64,3,209],"_links":{"self":[{"href":"https:\/\/literarnenoviny.sk\/servis\/wp-json\/wp\/v2\/posts\/18828"}],"collection":[{"href":"https:\/\/literarnenoviny.sk\/servis\/wp-json\/wp\/v2\/posts"}],"about":[{"href":"https:\/\/literarnenoviny.sk\/servis\/wp-json\/wp\/v2\/types\/post"}],"author":[{"embeddable":true,"href":"https:\/\/literarnenoviny.sk\/servis\/wp-json\/wp\/v2\/users\/2"}],"replies":[{"embeddable":true,"href":"https:\/\/literarnenoviny.sk\/servis\/wp-json\/wp\/v2\/comments?post=18828"}],"version-history":[{"count":0,"href":"https:\/\/literarnenoviny.sk\/servis\/wp-json\/wp\/v2\/posts\/18828\/revisions"}],"wp:attachment":[{"href":"https:\/\/literarnenoviny.sk\/servis\/wp-json\/wp\/v2\/media?parent=18828"}],"wp:term":[{"taxonomy":"category","embeddable":true,"href":"https:\/\/literarnenoviny.sk\/servis\/wp-json\/wp\/v2\/categories?post=18828"},{"taxonomy":"post_tag","embeddable":true,"href":"https:\/\/literarnenoviny.sk\/servis\/wp-json\/wp\/v2\/tags?post=18828"}],"curies":[{"name":"wp","href":"https:\/\/api.w.org\/{rel}","templated":true}]}}