{"id":1872,"date":"2018-01-12T02:30:57","date_gmt":"2018-01-12T01:30:57","guid":{"rendered":"https:\/\/literarnenoviny.sk\/servis\/?p=1872"},"modified":"2018-01-13T00:03:58","modified_gmt":"2018-01-12T23:03:58","slug":"mark-zuckerberg-na-svojom-osobnom-ucte-avizoval-vyznamne-zmeny-na-facebooku","status":"publish","type":"post","link":"https:\/\/literarnenoviny.sk\/servis\/mark-zuckerberg-na-svojom-osobnom-ucte-avizoval-vyznamne-zmeny-na-facebooku\/","title":{"rendered":"Mark Zuckerberg na&nbsp;svojom osobnom \u00fa\u010dte avizoval v\u00fdznamn\u00e9 zmeny na&nbsp;Facebooku"},"content":{"rendered":"<p>Mark Zuckerberg na&nbsp;svojom osobnom \u00fa\u010dte avizoval v\u00fdznamn\u00e9 zmeny na&nbsp;Facebooku.<\/p>\n<p>Pou\u017e\u00edvatelia soci\u00e1lnej siete Facebook by \u010doskoro mali na&nbsp;svojom \u00fa\u010dte vidie\u0165 viac pr\u00edspevkov svojich priate\u013eov a&nbsp;menej nereklamn\u00fdch ozn\u00e1men\u00ed r\u00f4znych podnikov, m\u00e9di\u00ed a&nbsp;politick\u00fdch skup\u00edn. <\/p>\n<p>Najv\u00e4\u010d\u0161ia soci\u00e1lna sie\u0165 na&nbsp;svete by sa&nbsp;tak pod\u013ea svojho mala vr\u00e1ti\u0165 sp\u00e4\u0165 k&nbsp;svojim kore\u0148om.<\/p>\n<p><center><iframe loading=\"lazy\" src=\"https:\/\/www.facebook.com\/plugins\/post.php?href=https%3A%2F%2Fwww.facebook.com%2Fzuck%2Fposts%2F10104413015393571&#038;width=500\" width=\"500\" height=\"300\" style=\"border:none;overflow:hidden\" scrolling=\"no\" frameborder=\"0\" allowTransparency=\"true\"><\/iframe><\/center><\/p>\n<p><em>\u201eJednou z&nbsp;oblast\u00ed, na&nbsp;ktor\u00e9 sa&nbsp;budeme v&nbsp;roku 2018 s\u00fastredi\u0165, bude to, aby sme zistili, aby bol \u010das, ktor\u00ed v\u0161etci tr\u00e1vime na&nbsp;Facebooku, dobre str\u00e1ven\u00fdm \u010dasom,\u201c<\/em> nap\u00edsal v&nbsp;\u00favode svojho ozn\u00e1menia Mark Zuckerberg.<\/p>\n<p>V ostatnej dobe pod\u013ea neho za\u010dal Facebooku dominova\u0165 obsah, ktor\u00fd na&nbsp;\u0148om zverej\u0148ovali podniky, m\u00e9di\u00e1 \u010di&nbsp;r\u00f4zne skupiny, a&nbsp;ozn\u00e1menia rodiny a&nbsp;priate\u013eov ust\u00fapili do&nbsp;pozadia. <em>\u201eNiektor\u00e9 spr\u00e1vy pom\u00e1haj\u00fa za\u010da\u0165 konverz\u00e1ciu o&nbsp;d\u00f4le\u017eit\u00fdch t\u00e9mach. Ale sledovanie vide\u00ed, \u010d\u00edtanie spr\u00e1v a&nbsp;dost\u00e1vanie aktual\u00edt zo&nbsp;str\u00e1nok sa&nbsp;a\u017e pr\u00edli\u0161 \u010dasto st\u00e1va len pas\u00edvnym z\u00e1\u017eitkom,\u201c<\/em> p\u00ed\u0161e Zuckerberg. <\/p>\n<p>Najd\u00f4le\u017eitej\u0161\u00edm poslan\u00edm Facebooku je&nbsp;v\u0161ak pod\u013ea jeho zakladate\u013ea <em>\u201epom\u00f4c\u0165 sp\u00e1ja\u0165\u201c<\/em> \u013eud\u00ed.<\/p>\n<p style=\"text-align: right;\"><small><a href=\"https:\/\/www.facebook.com\/zuck\/posts\/10104413015393571\" target=\"_blank\" rel=\"noopener\">Facebook<\/a><\/small><\/p>\n","protected":false},"excerpt":{"rendered":"<p>Mark Zuckerberg na&nbsp;svojom osobnom \u00fa\u010dte avizoval v\u00fdznamn\u00e9 zmeny na&nbsp;Facebooku Pou\u017e\u00edvatelia soci\u00e1lnej siete Facebook by \u010doskoro mali na&nbsp;svojom \u00fa\u010dte vidie\u0165 viac pr\u00edspevkov svojich priate\u013eov a&nbsp;menej nereklamn\u00fdch ozn\u00e1men\u00ed r\u00f4znych podnikov, m\u00e9di\u00ed a&nbsp;politick\u00fdch skup\u00edn. Najv\u00e4\u010d\u0161ia soci\u00e1lna sie\u0165 na&nbsp;svete by sa&nbsp;tak pod\u013ea svojho mala vr\u00e1ti\u0165 sp\u00e4\u0165 k&nbsp;svojim kore\u0148om. <a href=\"https:\/\/literarnenoviny.sk\/servis\/mark-zuckerberg-na-svojom-osobnom-ucte-avizoval-vyznamne-zmeny-na-facebooku\/\" class=\"more-link\">Cel\u00e1 spr\u00e1va <span class=\"meta-nav\">&rarr;<\/span><\/a><\/p>\n","protected":false},"author":2,"featured_media":0,"comment_status":"closed","ping_status":"closed","sticky":false,"template":"","format":"standard","meta":{"_links_to":"","_links_to_target":""},"categories":[1],"tags":[28,27],"_links":{"self":[{"href":"https:\/\/literarnenoviny.sk\/servis\/wp-json\/wp\/v2\/posts\/1872"}],"collection":[{"href":"https:\/\/literarnenoviny.sk\/servis\/wp-json\/wp\/v2\/posts"}],"about":[{"href":"https:\/\/literarnenoviny.sk\/servis\/wp-json\/wp\/v2\/types\/post"}],"author":[{"embeddable":true,"href":"https:\/\/literarnenoviny.sk\/servis\/wp-json\/wp\/v2\/users\/2"}],"replies":[{"embeddable":true,"href":"https:\/\/literarnenoviny.sk\/servis\/wp-json\/wp\/v2\/comments?post=1872"}],"version-history":[{"count":0,"href":"https:\/\/literarnenoviny.sk\/servis\/wp-json\/wp\/v2\/posts\/1872\/revisions"}],"wp:attachment":[{"href":"https:\/\/literarnenoviny.sk\/servis\/wp-json\/wp\/v2\/media?parent=1872"}],"wp:term":[{"taxonomy":"category","embeddable":true,"href":"https:\/\/literarnenoviny.sk\/servis\/wp-json\/wp\/v2\/categories?post=1872"},{"taxonomy":"post_tag","embeddable":true,"href":"https:\/\/literarnenoviny.sk\/servis\/wp-json\/wp\/v2\/tags?post=1872"}],"curies":[{"name":"wp","href":"https:\/\/api.w.org\/{rel}","templated":true}]}}