{"id":18719,"date":"2021-10-31T18:10:10","date_gmt":"2021-10-31T17:10:10","guid":{"rendered":"https:\/\/literarnenoviny.sk\/servis\/?p=18719"},"modified":"2021-10-31T20:09:32","modified_gmt":"2021-10-31T19:09:32","slug":"vo-veku-40-rokov-zomrel-slovensky-novinar-a-redaktor-dennika-n-milos-krekovic","status":"publish","type":"post","link":"https:\/\/literarnenoviny.sk\/servis\/vo-veku-40-rokov-zomrel-slovensky-novinar-a-redaktor-dennika-n-milos-krekovic\/","title":{"rendered":"Vo veku 40 rokov zomrel slovensk\u00fd novin\u00e1r a&nbsp;redaktor Denn\u00edka N Milo\u0161 Krekovi\u010d"},"content":{"rendered":"<p><strong>Vo veku 40 rokov zomrel slovensk\u00fd novin\u00e1r a&nbsp;kult\u00farny redaktor <a href=\"https:\/\/dennikn.sk\/autor\/milos-krekovic\/\" rel=\"noopener\" target=\"_blank\">Milo\u0161 Krekovi\u010d<\/a><\/strong>, na&nbsp;svojom webe o&nbsp;tom informoval <a href=\"https:\/\/dennikn.sk\/minuta\/2593954\/\" rel=\"noopener\" target=\"_blank\">Denn\u00edk N<\/a>, v&nbsp;ktorom v&nbsp;s\u00fa\u010dasnosti p\u00f4sobil. Report\u00e9r a&nbsp;publicista Milo\u0161 Krekovi\u010d bol zn\u00e1my predov\u0161etk\u00fdm v\u010faka svojim filmov\u00fdm recenzi\u00e1m. <\/p>\n<p>V m\u00e9di\u00e1ch pracoval od&nbsp;roku 2009. Pred Denn\u00edkom N Pracoval v&nbsp;t\u00fd\u017edenn\u00edku \u017durn\u00e1l a&nbsp;denn\u00edku <a href=\"https:\/\/www.sme.sk\/\" rel=\"noopener\" target=\"_blank\">Sme<\/a>.<\/p>\n<p><center><div class=\"gca-utility vertical-spacer\"><\/div><iframe loading=\"lazy\" src=\"https:\/\/www.facebook.com\/plugins\/post.php?href=https%3A%2F%2Fwww.facebook.com%2Fprojektn.sk%2Fposts%2F4750045175085004&#038;width=460&#038;show_text=true&#038;appId=2424319851126972&#038;height=485\" width=\"460\" height=\"485\" style=\"border:none;overflow:hidden\" scrolling=\"no\" frameborder=\"0\" allowfullscreen=\"true\" allow=\"autoplay; clipboard-write; encrypted-media; picture-in-picture; web-share\"><\/iframe><div class=\"gca-utility vertical-spacer\"><\/div><\/center><\/p>\n<p>Milo\u0161 Krekovi\u010d poch\u00e1dzal z&nbsp;Bratislavy a&nbsp;bol absolventom estetiky na&nbsp;bratislavskej <a href=\"https:\/\/fphil.uniba.sk\/\" rel=\"noopener\" target=\"_blank\">Filozofickej fakulte Univerzity Komensk\u00e9ho<\/a>. <\/p>\n<p><em>\u201eNep\u00edsal ve\u013ea, ale p\u00edsal skvele a&nbsp;v\u00fdborne formuloval. Nemuseli ste s&nbsp;n\u00edm s\u00fahlasi\u0165, ale v\u017edy dodal v\u00fdborn\u00fd text. Mal r\u00e1d artov\u00e9 veci, ale z\u00e1rove\u0148 sa&nbsp;nikdy intelektu\u00e1lne nepovy\u0161oval a&nbsp;neignoroval fenom\u00e9ny popkult\u00fary,\u201c<\/em> nap\u00edsal <a href=\"https:\/\/dennikn.sk\/2593888\/za-milosom-krekovicom-1981-2021\/\" rel=\"noopener\" target=\"_blank\">v nekrol\u00f3gu<\/a> redaktor Denn\u00edka N Oliver Reh\u00e1k<\/p>\n<p><em>\u201eVedeli sme, \u017ee&nbsp;Milo\u0161 Krekovi\u010d je&nbsp;vzdelan\u00fd a&nbsp;vtipn\u00fd. Mo\u017eno sme v\u0161ak nevedeli, ako ve\u013emi je&nbsp;citliv\u00fd. Rozl\u00fa\u010di\u0165 sa&nbsp;s&nbsp;n\u00edm, ke\u010f ledva stihol osl\u00e1vi\u0165 \u0161tyridsiatku, bude \u0165a\u017ek\u00e9 nielen pre&nbsp;jeho najbli\u017e\u0161\u00edch, ale aj pre&nbsp;jeho b\u00fdval\u00fdch kolegov a&nbsp;isto aj \u010ditate\u013eov,\u201c<\/em> uzatvorila <a href=\"https:\/\/kultura.sme.sk\/c\/22774621\/krekovic-milos-umrtie.html\" rel=\"noopener\" target=\"_blank\">svoj \u010dl\u00e1nok<\/a> jeho b\u00fdvala kolegy\u0148a z&nbsp;denn\u00edka Sme Krist\u00edna K\u00fadelov\u00e1.  <\/p>\n<p style=\"text-align: right;\"><small>&mdash;&nbsp;<a href=\"https:\/\/dennikn.sk\/2593888\/za-milosom-krekovicom-1981-2021\/\" target=\"_blank\" rel=\"noopener\">Denn\u00edk N<\/a><\/small><\/p>\n<div class=\"gca-utility clearfix\"><\/div>\n<div class=\"gca-utility vertical-spacer\"><\/div>\n<p><center><span class=\"fullscreen\"><a href=\"\/\/www.martinus.sk\/?z=WLGC7F&#038;utm_source=z%3DWLGC7F&#038;utm_medium=banner1_468x60&#038;utm_campaign=partner\"><img decoding=\"async\" src=\"\/\/www.martinus.sk\/images\/banners\/468x60.jpg\" alt=\"www.martinus.sk\" \/><\/a><\/span><\/center><\/p>\n","protected":false},"excerpt":{"rendered":"<p>Vo veku 40 rokov zomrel slovensk\u00fd novin\u00e1r a&nbsp;kult\u00farny redaktor Milo\u0161 Krekovi\u010d, na&nbsp;svojom webe o&nbsp;tom informoval Denn\u00edk N, v&nbsp;ktorom v&nbsp;s\u00fa\u010dasnosti p\u00f4sobil. Report\u00e9r a&nbsp;publicista Milo\u0161 Krekovi\u010d bol zn\u00e1my predov\u0161etk\u00fdm v\u010faka svojim filmov\u00fdm recenzi\u00e1m. <a href=\"https:\/\/literarnenoviny.sk\/servis\/vo-veku-40-rokov-zomrel-slovensky-novinar-a-redaktor-dennika-n-milos-krekovic\/\" class=\"more-link\">Cel\u00e1 spr\u00e1va <span class=\"meta-nav\">&rarr;<\/span><\/a><\/p>\n","protected":false},"author":2,"featured_media":0,"comment_status":"closed","ping_status":"closed","sticky":false,"template":"","format":"standard","meta":{"_links_to":"","_links_to_target":""},"categories":[1],"tags":[16,3,209,27],"_links":{"self":[{"href":"https:\/\/literarnenoviny.sk\/servis\/wp-json\/wp\/v2\/posts\/18719"}],"collection":[{"href":"https:\/\/literarnenoviny.sk\/servis\/wp-json\/wp\/v2\/posts"}],"about":[{"href":"https:\/\/literarnenoviny.sk\/servis\/wp-json\/wp\/v2\/types\/post"}],"author":[{"embeddable":true,"href":"https:\/\/literarnenoviny.sk\/servis\/wp-json\/wp\/v2\/users\/2"}],"replies":[{"embeddable":true,"href":"https:\/\/literarnenoviny.sk\/servis\/wp-json\/wp\/v2\/comments?post=18719"}],"version-history":[{"count":0,"href":"https:\/\/literarnenoviny.sk\/servis\/wp-json\/wp\/v2\/posts\/18719\/revisions"}],"wp:attachment":[{"href":"https:\/\/literarnenoviny.sk\/servis\/wp-json\/wp\/v2\/media?parent=18719"}],"wp:term":[{"taxonomy":"category","embeddable":true,"href":"https:\/\/literarnenoviny.sk\/servis\/wp-json\/wp\/v2\/categories?post=18719"},{"taxonomy":"post_tag","embeddable":true,"href":"https:\/\/literarnenoviny.sk\/servis\/wp-json\/wp\/v2\/tags?post=18719"}],"curies":[{"name":"wp","href":"https:\/\/api.w.org\/{rel}","templated":true}]}}