{"id":18309,"date":"2021-10-08T11:55:05","date_gmt":"2021-10-08T09:55:05","guid":{"rendered":"https:\/\/literarnenoviny.sk\/servis\/?p=18309"},"modified":"2021-10-13T09:25:09","modified_gmt":"2021-10-13T07:25:09","slug":"rtvs-odvysiela-dokumentarny-film-o-basnikovi-a-prekladatelovi-lubomirovi-feldekovi","status":"publish","type":"post","link":"https:\/\/literarnenoviny.sk\/servis\/rtvs-odvysiela-dokumentarny-film-o-basnikovi-a-prekladatelovi-lubomirovi-feldekovi\/","title":{"rendered":"RTVS uvedie dokument\u00e1rny film o&nbsp;b\u00e1snikovi a&nbsp;prekladate\u013eovi \u013dubom\u00edrovi Feldekovi"},"content":{"rendered":"<p><strong><a href=\"https:\/\/www.rtvs.sk\/\" rel=\"noopener\" target=\"_blank\">Slovensk\u00e1 verejnopr\u00e1vna telev\u00edzia<\/a> odvysiela v&nbsp;premi\u00e9re dokument\u00e1rny film <em>Bl\u00fadiaci Holan\u010fan<\/strong> (2021)<\/em> <strong>o <a href=\"https:\/\/www.litcentrum.sk\/autor\/lubomir-feldek\/zivotopis-autora\" rel=\"noopener\" target=\"_blank\">\u013dubom\u00edrovi Feldekovi<\/a><\/strong>. \u017divotn\u00fd pr\u00edbeh slovensk\u00e9ho publicistu, b\u00e1snika, dramatika, prekladate\u013ea a&nbsp;autora mnoh\u00fdch kn\u00edh pre&nbsp;deti uvedie RTVS pri pr\u00edle\u017eitosti jeho naroden\u00edn 9.&nbsp;okt\u00f3bra v&nbsp;primetime na&nbsp;Dvojke o&nbsp;20:10.<\/p>\n<p>Dokument telev\u00edznym div\u00e1kom pribl\u00ed\u017ei nielen 85 rokov \u017eivota samotn\u00e9ho autora, ale aj hist\u00f3riu Slovenska.<\/p>\n<p><center><div class=\"gca-utility vertical-spacer\"><\/div><iframe loading=\"lazy\" src=\"https:\/\/www.facebook.com\/plugins\/post.php?href=https%3A%2F%2Fwww.facebook.com%2Foknihach.info%2Fposts%2F372554431000876&#038;width=460&#038;show_text=true&#038;appId=2424319851126972&#038;height=485\" width=\"460\" height=\"485\" style=\"border:none;overflow:hidden\" scrolling=\"no\" frameborder=\"0\" allowfullscreen=\"true\" allow=\"autoplay; clipboard-write; encrypted-media; picture-in-picture; web-share\"><\/iframe><div class=\"gca-utility vertical-spacer\"><\/div><\/center><\/p>\n<p>Syn nepr\u00e1vom ods\u00faden\u00e9ho sudcu, ale aj anga\u017eovan\u00fd komunista, ktor\u00fd stranu opustil a\u017e po&nbsp;<a href=\"https:\/\/sk.wikipedia.org\/wiki\/Ne\u017en\u00e1_revol\u00facia\" rel=\"noopener\" target=\"_blank\">Novembrov\u00fdch udalostiach<\/a> v&nbsp;roku 1989 a&nbsp;po&nbsp;jeho <em>\u201e<a href=\"https:\/\/www.teraz.sk\/najnovsie\/radovi-komunisti-ziadali-aby-ich-stra\/428588-clanok.html\" rel=\"noopener\" target=\"_blank\">V\u00fdzve radov\u00fdm komunistov<\/a>\u201c<\/em> i&nbsp;ved\u00faci predstavite\u013e <a href=\"https:\/\/sk.wikipedia.org\/wiki\/Verejnos\u0165_proti_n\u00e1siliu\" rel=\"noopener\" target=\"_blank\">Verejnosti proti n\u00e1siliu<\/a>. Pod\u013ea tvorcov dokumentu nad n\u00edm cel\u00fd \u017eivot niekto vyn\u00e1\u0161al rozsudky. \u010ci u\u017e&nbsp;i\u0161lo o&nbsp;cenzorov, <a href=\"https:\/\/sk.wikipedia.org\/wiki\/Feldek_proti_Slovenskej_republike\" rel=\"noopener\" target=\"_blank\">s\u00fady<\/a>, kolegov, alebo jeho bl\u00edzke \u010di&nbsp;vzdialen\u00e9 okolie.  <\/p>\n<p><!-- https:\/\/sk.wikisource.org\/wiki\/Vyhl\u00e1senie_radov\u00fdch_komunistov_z_21._11._1989 --><\/p>\n<p>Napriek tomu ost\u00e1va slovensk\u00fd prekladate\u013e Shakespeara, spoluscen\u00e1rista Jakubiskovej <em><strong><a href=\"https:\/\/www.csfd.sk\/film\/4726-perinbaba\/prehlad\/\" rel=\"noopener\" target=\"_blank\">Perinbaby<\/a><\/strong> (1985)<\/em> a&nbsp;autor mnoh\u00fdch kn\u00edh pre&nbsp;deti \u013dubom\u00edr Feldek re\u0161pektovan\u00fdm a&nbsp;jedn\u00fdm z&nbsp;najplodnej\u0161\u00edch slovensk\u00fdch spisovate\u013eov 20.&nbsp;storo\u010dia.<\/p>\n<p>Film slovensk\u00e9ho re\u017eis\u00e9ra <a href=\"https:\/\/dokweb.net\/database\/persons\/biography\/5f958d3f-226d-405d-838b-3b10e12cd6c7\/marek-janicik\" rel=\"noopener\" target=\"_blank\"><a href=\"https:\/\/www.facebook.com\/marek.janicik\" rel=\"noopener\" target=\"_blank\">Mareka Jani\u010d\u00edka<\/a><\/a> <em><strong>Bl\u00fadiaci Holan\u010fan<\/strong><\/em> o&nbsp;b\u00e1snikovi \u013dubom\u00edrov\u00ed Feldekovi mali div\u00e1ci u\u017e&nbsp;mo\u017enos\u0165 vidie\u0165 v&nbsp;septembri na&nbsp;tohtoro\u010dnom Medzin\u00e1rodnom filmovom festivale <a href=\"https:\/\/www.cinematik.sk\/\" rel=\"noopener\" target=\"_blank\">Cinematic<\/a> v&nbsp;Pie\u0161\u0165anoch.<\/p>\n<p style=\"text-align: right;\"><small>&mdash;&nbsp;<a href=\"https:\/\/www.rtvs.sk\/\" target=\"_blank\" rel=\"noopener\">RTVS<\/a> a&nbsp;<a href=\"https:\/\/addmedia.news\" target=\"_blank\" rel=\"noopener\">Addmedia News<\/a><\/small><\/p>\n<div class=\"gca-utility clearfix\"><\/div>\n<div class=\"gca-utility vertical-spacer\"><\/div>\n<p><center><span class=\"fullscreen\"><script type=\"text\/javascript\" src=\"\/\/partner.mrtns.eu\/banners\/banner.js?type=banner&#038;brand_id=1&#038;uItem=859089&#038;size=full&#038;show_price=0&#038;color=blue&#038;z=WLGC7F\"><\/script><\/center><\/p>\n","protected":false},"excerpt":{"rendered":"<p>Slovensk\u00e1 telev\u00edzia odvysiela  dokument\u00e1rny film Bl\u00fadiaci Holan\u010fan o&nbsp;\u013dubom\u00edrovi Feldekovi. \u017divotn\u00fd pr\u00edbeh slovensk\u00e9ho b\u00e1snika, dramatika, prekladate\u013ea a&nbsp;autor mnoh\u00fdch kn\u00edh pre&nbsp;deti uvedie RTVS pri pr\u00edle\u017eitosti jeho naroden\u00edn a&nbsp;div\u00e1kom pribl\u00ed\u017ei nielen 85 rokov \u017eivota samotn\u00e9ho autora, ale aj hist\u00f3riu Slovenska. <a href=\"https:\/\/literarnenoviny.sk\/servis\/rtvs-odvysiela-dokumentarny-film-o-basnikovi-a-prekladatelovi-lubomirovi-feldekovi\/\" class=\"more-link\">Cel\u00e1 spr\u00e1va <span class=\"meta-nav\">&rarr;<\/span><\/a><\/p>\n","protected":false},"author":2,"featured_media":0,"comment_status":"closed","ping_status":"closed","sticky":false,"template":"","format":"standard","meta":{"_links_to":"","_links_to_target":""},"categories":[1],"tags":[16,3,83,48,35],"_links":{"self":[{"href":"https:\/\/literarnenoviny.sk\/servis\/wp-json\/wp\/v2\/posts\/18309"}],"collection":[{"href":"https:\/\/literarnenoviny.sk\/servis\/wp-json\/wp\/v2\/posts"}],"about":[{"href":"https:\/\/literarnenoviny.sk\/servis\/wp-json\/wp\/v2\/types\/post"}],"author":[{"embeddable":true,"href":"https:\/\/literarnenoviny.sk\/servis\/wp-json\/wp\/v2\/users\/2"}],"replies":[{"embeddable":true,"href":"https:\/\/literarnenoviny.sk\/servis\/wp-json\/wp\/v2\/comments?post=18309"}],"version-history":[{"count":0,"href":"https:\/\/literarnenoviny.sk\/servis\/wp-json\/wp\/v2\/posts\/18309\/revisions"}],"wp:attachment":[{"href":"https:\/\/literarnenoviny.sk\/servis\/wp-json\/wp\/v2\/media?parent=18309"}],"wp:term":[{"taxonomy":"category","embeddable":true,"href":"https:\/\/literarnenoviny.sk\/servis\/wp-json\/wp\/v2\/categories?post=18309"},{"taxonomy":"post_tag","embeddable":true,"href":"https:\/\/literarnenoviny.sk\/servis\/wp-json\/wp\/v2\/tags?post=18309"}],"curies":[{"name":"wp","href":"https:\/\/api.w.org\/{rel}","templated":true}]}}