{"id":182,"date":"2017-04-21T17:50:00","date_gmt":"2017-04-21T15:50:00","guid":{"rendered":"http:\/\/www.literarnenoviny.sk\/servis\/?p=182"},"modified":"2017-04-21T17:50:00","modified_gmt":"2017-04-21T15:50:00","slug":"sefredaktor-konspiracneho-casopisu-zem-a-vek-vystupi-na-masmedialnej-fakulty-ucm-v-trnave","status":"publish","type":"post","link":"https:\/\/literarnenoviny.sk\/servis\/sefredaktor-konspiracneho-casopisu-zem-a-vek-vystupi-na-masmedialnej-fakulty-ucm-v-trnave\/","title":{"rendered":"\u0160\u00e9fredaktor kon\u0161pira\u010dn\u00e9ho \u010dasopisu Zem a&nbsp;Vek vyst\u00fapi na&nbsp;masmedi\u00e1lnej fakulte UCM v&nbsp;Trnave"},"content":{"rendered":"<p><a href=\"http:\/\/fmk.sk\/\" target=\"_blank\" rel=\"nofollow\">Fakulta masmedi\u00e1lnej komunik\u00e1cie Univerzity sv.&nbsp;Cyrila a&nbsp;Metoda v&nbsp;Trnave<\/a> nepova\u017euje za&nbsp;probl\u00e9m, aby na&nbsp;jej pl\u00e1novanej utor\u0148aj\u0161ej <strong>konferencii s&nbsp;n\u00e1zvom Megatrendy a&nbsp;m\u00e9di\u00e1 2017 vyst\u00fapil \u0161\u00e9fredaktor kon\u0161pira\u010dn\u00e9ho \u010dasopisu Zem a&nbsp;Vek Tibor Rost\u00e1s<\/strong>.<\/p>\n","protected":false},"excerpt":{"rendered":"<p>Fakulta masmedi\u00e1lnej komunik\u00e1cie Univerzity sv.&nbsp;Cyrila a&nbsp;Metoda v&nbsp;Trnave nepova\u017euje za&nbsp;probl\u00e9m, aby na&nbsp;jej pl\u00e1novanej utor\u0148aj\u0161ej konferencii s&nbsp;n\u00e1zvom Megatrendy a&nbsp;m\u00e9di\u00e1 2017 vyst\u00fapil \u0161\u00e9fredaktor kon\u0161pira\u010dn\u00e9ho \u010dasopisu Zem a&nbsp;Vek Tibor Rost\u00e1s. <a href=\"https:\/\/literarnenoviny.sk\/servis\/sefredaktor-konspiracneho-casopisu-zem-a-vek-vystupi-na-masmedialnej-fakulty-ucm-v-trnave\/\" class=\"more-link\">Cel\u00e1 spr\u00e1va <span class=\"meta-nav\">&rarr;<\/span><\/a><\/p>\n","protected":false},"author":2,"featured_media":0,"comment_status":"closed","ping_status":"open","sticky":false,"template":"","format":"standard","meta":{"_links_to":"","_links_to_target":""},"categories":[1],"tags":[33,26,22,27],"_links":{"self":[{"href":"https:\/\/literarnenoviny.sk\/servis\/wp-json\/wp\/v2\/posts\/182"}],"collection":[{"href":"https:\/\/literarnenoviny.sk\/servis\/wp-json\/wp\/v2\/posts"}],"about":[{"href":"https:\/\/literarnenoviny.sk\/servis\/wp-json\/wp\/v2\/types\/post"}],"author":[{"embeddable":true,"href":"https:\/\/literarnenoviny.sk\/servis\/wp-json\/wp\/v2\/users\/2"}],"replies":[{"embeddable":true,"href":"https:\/\/literarnenoviny.sk\/servis\/wp-json\/wp\/v2\/comments?post=182"}],"version-history":[{"count":0,"href":"https:\/\/literarnenoviny.sk\/servis\/wp-json\/wp\/v2\/posts\/182\/revisions"}],"wp:attachment":[{"href":"https:\/\/literarnenoviny.sk\/servis\/wp-json\/wp\/v2\/media?parent=182"}],"wp:term":[{"taxonomy":"category","embeddable":true,"href":"https:\/\/literarnenoviny.sk\/servis\/wp-json\/wp\/v2\/categories?post=182"},{"taxonomy":"post_tag","embeddable":true,"href":"https:\/\/literarnenoviny.sk\/servis\/wp-json\/wp\/v2\/tags?post=182"}],"curies":[{"name":"wp","href":"https:\/\/api.w.org\/{rel}","templated":true}]}}