{"id":1781,"date":"2018-01-08T15:54:02","date_gmt":"2018-01-08T14:54:02","guid":{"rendered":"https:\/\/literarnenoviny.sk\/servis\/?p=1781"},"modified":"2018-01-08T17:49:59","modified_gmt":"2018-01-08T16:49:59","slug":"verejnopravna-rtvs-rusi-vysielanie-investigativnej-televiznej-relacie-reporteri","status":"publish","type":"post","link":"https:\/\/literarnenoviny.sk\/servis\/verejnopravna-rtvs-rusi-vysielanie-investigativnej-televiznej-relacie-reporteri\/","title":{"rendered":"Verejnopr\u00e1vna RTVS ru\u0161\u00ed vysielanie investigat\u00edvnej telev\u00edznej rel\u00e1cie Report\u00e9ri"},"content":{"rendered":"<p><strong>Verejnopr\u00e1vna RTVS ru\u0161\u00ed vysielanie investigat\u00edvnej telev\u00edznej rel\u00e1cie Report\u00e9ri<\/strong>. Pod\u013ea inform\u00e1ci\u00ed blogu <a href=\"https:\/\/www.omediach.com\/tv\/item\/12319-reznik-pozastavil-reporterov\" rel=\"noopener\" target=\"_blank\">O m\u00e9di\u00e1ch<\/a> jej vedenie rozhodlo o&nbsp;tom, \u017ee&nbsp;rel\u00e1cia sa&nbsp;minim\u00e1lne tento rok nebude vysiela\u0165. \u010ci sa&nbsp;na&nbsp;telev\u00edznu obrazovku e\u0161te niekedy vr\u00e1ti, nie je&nbsp;nateraz zrejm\u00e9. Posledn\u00fd diel bude odvysielan\u00fd na&nbsp;bud\u00faci t\u00fd\u017ede\u0148.<\/p>\n<p>Gener\u00e1lny riadite\u013e Jaroslav Rezn\u00edk pred \u010dasom s\u013euboval, \u017ee&nbsp;publicistiku posiln\u00ed.<\/p>\n<p><center><iframe loading=\"lazy\" src=\"https:\/\/www.facebook.com\/plugins\/video.php?href=https%3A%2F%2Fwww.facebook.com%2Freporteri%2Fvideos%2F1268520983252802%2F&#038;show_text=0&#038;width=560\" width=\"560\" height=\"315\" style=\"border:none;overflow:hidden\" scrolling=\"no\" frameborder=\"0\" allowTransparency=\"true\" allowFullScreen=\"true\"><\/iframe><\/center><\/p>\n<p>Report\u00e9ri bola jedin\u00e1 telev\u00edzna rel\u00e1cia, ktor\u00e1 sa&nbsp;pravidelne venovala investigat\u00edvnej publicistike a&nbsp;patrila medzi dlhoro\u010dne vysielan\u00e9 programy v&nbsp;Slovenskej telev\u00edzii. Jej redaktori z\u00edskali viacero novin\u00e1rskych ocenen\u00ed.<\/p>\n<p style=\"text-align: right;\"><small><a href=\"https:\/\/www.omediach.com\/tv\/item\/12319-reznik-pozastavil-reporterov\" target=\"_blank\" rel=\"noopener\">O m\u00e9diach<\/a> <\/small><\/p>\n","protected":false},"excerpt":{"rendered":"<p>Verejnopr\u00e1vna RTVS ru\u0161\u00ed vysielanie investigat\u00edvnej telev\u00edznej rel\u00e1cie Report\u00e9ri. Pod\u013ea inform\u00e1ci\u00ed blogu O&nbsp;m\u00e9di\u00e1ch jej vedenie rozhodlo o&nbsp;tom, \u017ee&nbsp;rel\u00e1cia sa&nbsp;minim\u00e1lne tento rok nebude vysiela\u0165. \u010ci sa&nbsp;na&nbsp;telev\u00edznu obrazovku e\u0161te niekedy vr\u00e1ti, nie je&nbsp;nateraz zrejm\u00e9. Posledn\u00fd diel bude odvysielan\u00fd na&nbsp;bud\u00faci t\u00fd\u017ede\u0148. <a href=\"https:\/\/literarnenoviny.sk\/servis\/verejnopravna-rtvs-rusi-vysielanie-investigativnej-televiznej-relacie-reporteri\/\" class=\"more-link\">Cel\u00e1 spr\u00e1va <span class=\"meta-nav\">&rarr;<\/span><\/a><\/p>\n","protected":false},"author":2,"featured_media":0,"comment_status":"closed","ping_status":"closed","sticky":false,"template":"","format":"standard","meta":{"_links_to":"","_links_to_target":""},"categories":[1],"tags":[35,27],"_links":{"self":[{"href":"https:\/\/literarnenoviny.sk\/servis\/wp-json\/wp\/v2\/posts\/1781"}],"collection":[{"href":"https:\/\/literarnenoviny.sk\/servis\/wp-json\/wp\/v2\/posts"}],"about":[{"href":"https:\/\/literarnenoviny.sk\/servis\/wp-json\/wp\/v2\/types\/post"}],"author":[{"embeddable":true,"href":"https:\/\/literarnenoviny.sk\/servis\/wp-json\/wp\/v2\/users\/2"}],"replies":[{"embeddable":true,"href":"https:\/\/literarnenoviny.sk\/servis\/wp-json\/wp\/v2\/comments?post=1781"}],"version-history":[{"count":0,"href":"https:\/\/literarnenoviny.sk\/servis\/wp-json\/wp\/v2\/posts\/1781\/revisions"}],"wp:attachment":[{"href":"https:\/\/literarnenoviny.sk\/servis\/wp-json\/wp\/v2\/media?parent=1781"}],"wp:term":[{"taxonomy":"category","embeddable":true,"href":"https:\/\/literarnenoviny.sk\/servis\/wp-json\/wp\/v2\/categories?post=1781"},{"taxonomy":"post_tag","embeddable":true,"href":"https:\/\/literarnenoviny.sk\/servis\/wp-json\/wp\/v2\/tags?post=1781"}],"curies":[{"name":"wp","href":"https:\/\/api.w.org\/{rel}","templated":true}]}}