{"id":1756,"date":"2018-01-05T15:13:23","date_gmt":"2018-01-05T14:13:23","guid":{"rendered":"https:\/\/literarnenoviny.sk\/servis\/?p=1756"},"modified":"2020-10-15T22:06:41","modified_gmt":"2020-10-15T20:06:41","slug":"vo-veku-73-rokov-zomrel-znamy-slovensky-divadelny-a-filmovy-herec-marian-labuda","status":"publish","type":"post","link":"https:\/\/literarnenoviny.sk\/servis\/vo-veku-73-rokov-zomrel-znamy-slovensky-divadelny-a-filmovy-herec-marian-labuda\/","title":{"rendered":"Vo veku 73 rokov zomrel zn\u00e1my slovensk\u00fd divadeln\u00fd a&nbsp;filmov\u00fd herec Mari\u00e1n Labuda"},"content":{"rendered":"<p><strong>Vo veku 73 rokov zomrel zn\u00e1my slovensk\u00fd herec <a href=\"https:\/\/sk.wikipedia.org\/wiki\/Mari\u00e1n_Labuda\" rel=\"noopener noreferrer\" target=\"_blank\">Mari\u00e1n Labuda<\/a>, ktor\u00fd patril ku&nbsp;gener\u00e1cii najv\u00fdznamnej\u0161\u00edch \u010deskoslovensk\u00fdch umelcov<\/strong>. Vo&nbsp;filme a&nbsp;divadle stv\u00e1rnil viac ako stop\u00e4\u0165desiat \u00faloh a&nbsp;mnoh\u00e9 z&nbsp;nich patria medzi nezabudnute\u013en\u00e9.<\/p>\n<p>Mari\u00e1n Labuda sa&nbsp;narodil v&nbsp;roku 1944 v&nbsp;Hontianskych Nemciach. Po&nbsp;skon\u010den\u00ed V\u0160MU sa&nbsp;stal \u010dlenom s\u00faboru SND, ktor\u00fd v&nbsp;roku 1969 opustil, aby sa&nbsp;stal s\u00fa\u010das\u0165ou legend\u00e1rneho Divadla Na&nbsp;korze. Po&nbsp;zru\u0161en\u00ed divadla v&nbsp;normaliza\u010dnom obdob\u00ed \u00fa\u010dinkoval na&nbsp;dosk\u00e1ch Novej sc\u00e9ny.<\/p>\n<p>Jedna z&nbsp;jeho prv\u00fdch filmov\u00fdch rol\u00ed bola vo&nbsp;filme <a href=\"https:\/\/sk.wikipedia.org\/wiki\/Peter_Solan\" rel=\"noopener noreferrer\" target=\"_blank\">Petra Solana<\/a> <em>K\u00fdm sa&nbsp;skon\u010d\u00ed t\u00e1to noc<\/em> z&nbsp;roku 1965. Vo&nbsp;filme <a href=\"https:\/\/cs.wikipedia.org\/wiki\/Ji\u0159\u00ed_Menzel\" rel=\"noopener noreferrer\" target=\"_blank\">Ji\u0159\u00edho Menzela<\/a> <em><a href=\"https:\/\/cs.wikipedia.org\/wiki\/Vesni\u010dko_m\u00e1_st\u0159ediskov\u00e1\" rel=\"noopener noreferrer\" target=\"_blank\">Vesni\u010dko m\u00e1 st\u0159ediskov\u00e1<\/a><\/em> z&nbsp;roku 1985, ktor\u00fd bol nominovan\u00fd na&nbsp;cenu Americkej filmovej akad\u00e9mie <a href=\"https:\/\/en.wikipedia.org\/wiki\/Academy_Awards\" rel=\"noopener noreferrer\" target=\"_blank\">Oskar<\/a>, stv\u00e1rnil legend\u00e1rnu postavu \u0161of\u00e9ra P\u00e1veka.<\/p>\n<p>V divadle ho presl\u00e1vila predov\u0161etk\u00fdm \u00faloha Tisa v&nbsp;rovnomennej dr\u00e1me Rastislava Balleka, ktor\u00fa uviedlo divadlo Ar\u00e9na.<\/p>\n<p style=\"text-align: right;\"><small><a href=\"http:\/\/www.teraz.sk\/kultura\/marian-labuda-umrtie\/301260-clanok.html\" target=\"_blank\" rel=\"noopener noreferrer\">Teraz.sk<\/a> <\/small><\/p>\n","protected":false},"excerpt":{"rendered":"<p>Vo veku 73 rokov zomrel zn\u00e1my slovensk\u00fd herec Mari\u00e1n Labuda, ktor\u00fd patril ku&nbsp;gener\u00e1cii najv\u00fdznamnej\u0161\u00edch \u010deskoslovensk\u00fdch umelcov. Vo&nbsp;filme a&nbsp;divadle stv\u00e1rnil viac ako stop\u00e4\u0165desiat \u00faloh, a&nbsp;mnoh\u00e9 z&nbsp;nich patria medzi nezabudnute\u013en\u00e9.<br \/>\n <a href=\"https:\/\/literarnenoviny.sk\/servis\/vo-veku-73-rokov-zomrel-znamy-slovensky-divadelny-a-filmovy-herec-marian-labuda\/\" class=\"more-link\">Cel\u00e1 spr\u00e1va <span class=\"meta-nav\">&rarr;<\/span><\/a><\/p>\n","protected":false},"author":2,"featured_media":0,"comment_status":"closed","ping_status":"closed","sticky":false,"template":"","format":"standard","meta":{"_links_to":"","_links_to_target":""},"categories":[1],"tags":[2,16,3,209],"_links":{"self":[{"href":"https:\/\/literarnenoviny.sk\/servis\/wp-json\/wp\/v2\/posts\/1756"}],"collection":[{"href":"https:\/\/literarnenoviny.sk\/servis\/wp-json\/wp\/v2\/posts"}],"about":[{"href":"https:\/\/literarnenoviny.sk\/servis\/wp-json\/wp\/v2\/types\/post"}],"author":[{"embeddable":true,"href":"https:\/\/literarnenoviny.sk\/servis\/wp-json\/wp\/v2\/users\/2"}],"replies":[{"embeddable":true,"href":"https:\/\/literarnenoviny.sk\/servis\/wp-json\/wp\/v2\/comments?post=1756"}],"version-history":[{"count":0,"href":"https:\/\/literarnenoviny.sk\/servis\/wp-json\/wp\/v2\/posts\/1756\/revisions"}],"wp:attachment":[{"href":"https:\/\/literarnenoviny.sk\/servis\/wp-json\/wp\/v2\/media?parent=1756"}],"wp:term":[{"taxonomy":"category","embeddable":true,"href":"https:\/\/literarnenoviny.sk\/servis\/wp-json\/wp\/v2\/categories?post=1756"},{"taxonomy":"post_tag","embeddable":true,"href":"https:\/\/literarnenoviny.sk\/servis\/wp-json\/wp\/v2\/tags?post=1756"}],"curies":[{"name":"wp","href":"https:\/\/api.w.org\/{rel}","templated":true}]}}