{"id":1755,"date":"2018-01-04T07:59:39","date_gmt":"2018-01-04T06:59:39","guid":{"rendered":"https:\/\/literarnenoviny.sk\/servis\/?p=1755"},"modified":"2020-10-15T22:06:41","modified_gmt":"2020-10-15T20:06:41","slug":"vo-veku-85-rokov-zomrel-izraelsky-spisovatel-aharon-appelfeld","status":"publish","type":"post","link":"https:\/\/literarnenoviny.sk\/servis\/vo-veku-85-rokov-zomrel-izraelsky-spisovatel-aharon-appelfeld\/","title":{"rendered":"Vo veku 85 rokov zomrel izraelsk\u00fd spisovate\u013e Aharon Appelfeld"},"content":{"rendered":"<p><strong>Vo veku 85 rokov zomrel izraelsk\u00fd spisovate\u013e <a href=\"https:\/\/cs.wikipedia.org\/wiki\/Aharon_Appelfeld\" rel=\"noopener noreferrer\" target=\"_blank\">Aharon Appelfeld<\/a><\/strong>, ktor\u00fd poch\u00e1dzal z&nbsp;b\u00fdvalej rumunskej Bukoviny <em>(dnes s\u00fa\u010das\u0165 Ukrajiny)<\/em> a&nbsp;p\u00edsal po&nbsp;hebrejsky, hoci jeho materinsk\u00fdm jazykom bola nem\u010dina.<\/p>\n<p><center><iframe loading=\"lazy\" width=\"560\" height=\"315\" src=\"https:\/\/www.youtube.com\/embed\/VCA9RIf1OIE?rel=0&amp;showinfo=0\" frameborder=\"0\" gesture=\"media\" allow=\"encrypted-media\" allowfullscreen><\/iframe><\/center><\/p>\n<p>Za svoje dielo z\u00edskal Appelfeld nieko\u013eko liter\u00e1rnych cien, naposledy v&nbsp;Brit\u00e1nii v&nbsp;roku 2012 za&nbsp;rom\u00e1n <em>Kvety temnoty<\/em>, \u010do&nbsp;je&nbsp;pr\u00edbeh 11-ro\u010dn\u00e9ho chlapca, ktor\u00e9ho pred nacistami ukryla prostit\u00fatka. V&nbsp;roku 2013 bol medzi finalistami prest\u00ed\u017enej Man Bookerovej ceny, v&nbsp;roku 1983 z\u00edskal izraelsk\u00fa \u0161t\u00e1tnu cenu za&nbsp;literat\u00faru.<\/p>\n<p>Aharon Appelfeld p\u00f4sobil ako profesor na&nbsp;univerzite v&nbsp;Beer\u0161eve na&nbsp;juhu Izraela. Svoj posledn\u00fd rom\u00e1n vydal pred nieko\u013ek\u00fdmi mesiacmi.<\/p>\n<p>V sloven\u010dine vy\u0161iel jeho rom\u00e1n <em><a href=\"http:\/\/www.martinus.sk\/?uItem=75291&#038;z=WLGC7F&#038;utm_source=z%3DWLGC7F&#038;utm_medium=url&#038;utm_campaign=partner\" rel=\"noopener noreferrer\" target=\"_blank\">Dva osudy<\/a><\/em> a&nbsp;do&nbsp;\u010de\u0161tiny boli prelo\u017een\u00e9 <em><a href=\"http:\/\/www.martinus.sk\/?uItem=174603&#038;z=WLGC7F&#038;utm_source=z%3DWLGC7F&#038;utm_medium=url&#038;utm_campaign=partner\" rel=\"noopener noreferrer\" target=\"_blank\">Kv\u011bty temnoty<\/a><\/em>, <em><a href=\"http:\/\/www.martinus.sk\/?uItem=184906&#038;z=WLGC7F&#038;utm_source=z%3DWLGC7F&#038;utm_medium=url&#038;utm_campaign=partner\" rel=\"noopener noreferrer\" target=\"_blank\">O hol\u010di\u010dce z&nbsp;jin\u00e9ho sv\u011bta<\/a><\/em> a&nbsp;novely <em><a href=\"http:\/\/www.martinus.sk\/?uItem=5771&#038;z=WLGC7F&#038;utm_source=z%3DWLGC7F&#038;utm_medium=url&#038;utm_campaign=partner\" rel=\"noopener noreferrer\" target=\"_blank\">Sebeklam<\/a><\/em>.<\/p>\n<p style=\"text-align: right;\"><small><a href=\"https:\/\/https:\/\/www.haaretz.co.il\/gallery\/literature\/1.5597886\" target=\"_blank\" rel=\"noopener noreferrer\">Haaretz<\/a> <\/small><\/p>\n","protected":false},"excerpt":{"rendered":"<p>Vo veku 85 rokov zomrel izraelsk\u00fd spisovate\u013e Aharon Appelfeld, ktor\u00fd poch\u00e1dzal z&nbsp;b\u00fdvalej rumunskej Bukoviny a&nbsp;p\u00edsal po&nbsp;hebrejsky, hoci jeho materinsk\u00fdm jazykom bola nem\u010dina.<br \/>\n <a href=\"https:\/\/literarnenoviny.sk\/servis\/vo-veku-85-rokov-zomrel-izraelsky-spisovatel-aharon-appelfeld\/\" class=\"more-link\">Cel\u00e1 spr\u00e1va <span class=\"meta-nav\">&rarr;<\/span><\/a><\/p>\n","protected":false},"author":2,"featured_media":0,"comment_status":"closed","ping_status":"closed","sticky":false,"template":"","format":"standard","meta":{"_links_to":"","_links_to_target":""},"categories":[1],"tags":[3,209],"_links":{"self":[{"href":"https:\/\/literarnenoviny.sk\/servis\/wp-json\/wp\/v2\/posts\/1755"}],"collection":[{"href":"https:\/\/literarnenoviny.sk\/servis\/wp-json\/wp\/v2\/posts"}],"about":[{"href":"https:\/\/literarnenoviny.sk\/servis\/wp-json\/wp\/v2\/types\/post"}],"author":[{"embeddable":true,"href":"https:\/\/literarnenoviny.sk\/servis\/wp-json\/wp\/v2\/users\/2"}],"replies":[{"embeddable":true,"href":"https:\/\/literarnenoviny.sk\/servis\/wp-json\/wp\/v2\/comments?post=1755"}],"version-history":[{"count":0,"href":"https:\/\/literarnenoviny.sk\/servis\/wp-json\/wp\/v2\/posts\/1755\/revisions"}],"wp:attachment":[{"href":"https:\/\/literarnenoviny.sk\/servis\/wp-json\/wp\/v2\/media?parent=1755"}],"wp:term":[{"taxonomy":"category","embeddable":true,"href":"https:\/\/literarnenoviny.sk\/servis\/wp-json\/wp\/v2\/categories?post=1755"},{"taxonomy":"post_tag","embeddable":true,"href":"https:\/\/literarnenoviny.sk\/servis\/wp-json\/wp\/v2\/tags?post=1755"}],"curies":[{"name":"wp","href":"https:\/\/api.w.org\/{rel}","templated":true}]}}