{"id":17459,"date":"2021-07-11T10:10:53","date_gmt":"2021-07-11T08:10:53","guid":{"rendered":"https:\/\/literarnenoviny.sk\/servis\/?p=17459"},"modified":"2021-07-11T21:09:04","modified_gmt":"2021-07-11T19:09:04","slug":"na-cintorine-v-prazskych-malvazinkach-nainstalovali-literarno-hudobny-poesiomat","status":"publish","type":"post","link":"https:\/\/literarnenoviny.sk\/servis\/na-cintorine-v-prazskych-malvazinkach-nainstalovali-literarno-hudobny-poesiomat\/","title":{"rendered":"Na cintor\u00edne v&nbsp;pra\u017esk\u00fdch Malvazink\u00e1ch nain\u0161talovali liter\u00e1rno-hudobn\u00fd Poesiomat"},"content":{"rendered":"<p><strong>Na pra\u017eskom sm\u00edchovskom cintor\u00edne sprev\u00e1dzkovali <em><a href=\"https:\/\/prazsky.denik.cz\/kultura_region\/poesiomat-hrbitov-malvazinky-ondrej-kobza-projekt-pieta-kultura.html\" rel=\"noopener\" target=\"_blank\">h\u0159bitovn\u00ed poesiomat<\/a><\/em><\/strong>, ktor\u00fd sa&nbsp;prihov\u00e1ra hlasmi <a href=\"https:\/\/sk.wikipedia.org\/wiki\/Egon_Bondy\" rel=\"noopener\" target=\"_blank\">Egona Bondyho<\/a>, <a href=\"https:\/\/cz.wikipedia.org\/wiki\/Ladislav_Kl\u00edma\" rel=\"noopener\" target=\"_blank\">Ladislava Kl\u00edmu<\/a> \u010di&nbsp;<a href=\"https:\/\/cs.wikipedia.org\/wiki\/Milan_Hlavsa\" rel=\"noopener\" target=\"_blank\">Mejlu Hlavsu<\/a>. V\u0161etci s\u00fa v&nbsp;<a href=\"https:\/\/cs.wikipedia.org\/wiki\/H\u0159bitov_Malvazinky\" rel=\"noopener\" target=\"_blank\">Malvazink\u00e1ch<\/a>, na&nbsp;jednom z&nbsp;najv\u00e4\u010d\u0161\u00edch cintor\u00ednov v&nbsp;meste, pochovan\u00ed. Po&nbsp;zakr\u00faten\u00ed k\u013eukou zaznej\u00fa zo&nbsp;zvukovodu b\u00e1sne, kr\u00e1tke \u00favahy, pr\u00f3za a&nbsp;piesne.<\/p>\n<p>Netradi\u010dn\u00fd oce\u013eov\u00fd jukebox n\u00e1v\u0161tevn\u00edkom prehr\u00e1 tie\u017e ver\u0161e <a href=\"https:\/\/cs.wikipedia.org\/wiki\/Jan_Neruda\" rel=\"noopener\" target=\"_blank\">Jana Nerudu<\/a>, <a href=\"https:\/\/cs.wikipedia.org\/wiki\/Ji\u0159\u00ed_Orten\" rel=\"noopener\" target=\"_blank\">Ji\u0159\u00edho Ortena<\/a> \u010di&nbsp;<a href=\"https:\/\/sk.wikipedia.org\/wiki\/Charles_Baudelaire\" rel=\"noopener\" target=\"_blank\">Charlesa Baudelaira<\/a>.<\/p>\n<p><center><div class=\"gca-utility vertical-spacer\"><\/div>\n<blockquote class=\"twitter-tweet\">\n<p lang=\"cs\" dir=\"ltr\">Ocelov\u00e9 roury evokuj\u00edc\u00ed zvukovod lodi, ze kter\u00fdch proud\u00ed po&nbsp;zato\u010den\u00ed klikou slova. P\u0159ev\u00e1\u017en\u011b b\u00e1sn\u011b, ale i&nbsp;kr\u00e1tk\u00e9 \u00favahy, pr\u00f3za \u010di&nbsp;specifick\u00e9 zvuky. To je&nbsp;nov\u011b um\u00edst\u011bn\u00fd Poesiomat na&nbsp;sm\u00edchovsk\u00e9m h\u0159bitov\u011b na&nbsp;Malvazink\u00e1ch z&nbsp;d\u00edlny Ond\u0159eje Kobzy, jeho\u017e um\u011bleck\u00fd po\u010din podpo\u0159ila <a href=\"https:\/\/twitter.com\/hashtag\/Praha5?src=hash&amp;ref_src=twsrc%5Etfw\">#Praha5<\/a>. <a href=\"https:\/\/t.co\/55pnINwatr\">pic.twitter.com\/55pnINwatr<\/a><\/p>\n<p>&mdash; M\u011bstsk\u00e1 \u010d\u00e1st Praha 5 (@Prazska5) <a href=\"https:\/\/twitter.com\/Prazska5\/status\/1410244813191004165?ref_src=twsrc%5Etfw\">June 30, 2021<\/a><\/p><\/blockquote>\n<p> <script async src=\"https:\/\/platform.twitter.com\/widgets.js\" charset=\"utf-8\"><\/script><div class=\"gca-utility vertical-spacer\"><\/div><\/center><\/p>\n<p>Poesiomaty s\u00fa dielom \u010desk\u00e9ho kaviarnika Ond\u0159eja Kobzu. Pand\u00e9mia tvrdo zasiahla gastron\u00f3miu aj kult\u00faru, zameral sa&nbsp;preto na&nbsp;automaty evokuj\u00face akustick\u00e9 sochy. <\/p>\n<p>Za posledn\u00fdch \u0161es\u0165 rokov umiestnil takmer dve desiatky <em>\u201epoesiomatov\u201c<\/em>  \u2013 v&nbsp;Prahe, Brne, Slavi\u010d\u00edne, ale tie\u017e v&nbsp;New Yorku, Berl\u00edne, Manile \u010di&nbsp;<a href=\"https:\/\/literarnenoviny.sk\/servis\/cesky-automat-na-basne-poeziomat-zavital-po-londyne-bruseli-ci-sofii-aj-do-kosic\/\">Ko\u0161iciach<\/a>. V\u00e4\u010d\u0161inou v&nbsp;centr\u00e1ch miest, kde sa&nbsp;pohybuje najviac \u013eud\u00ed.<\/p>\n<p><em>\u201eNyn\u00ed instalujeme v\u016fbec prvn\u00ed Poesiomat na&nbsp;h\u0159bitov\u011b. Poslouchat my\u0161lenky t\u011bch, kte\u0159\u00ed tam odpo\u010d\u00edvaj\u00ed, je&nbsp;vhodnou z\u00e1minkou pro\u010d se tam vydat. Kv\u016fli poklidn\u00e9 atmosf\u00e9\u0159e a&nbsp;vzpom\u00ednk\u00e1m na&nbsp;velk\u00e9 osobnosti,\u201c<\/em> uviedol autor projektu. <em>\u201eOstatn\u011b i&nbsp;tato m\u00edsta jsou, by\u0165 m\u00e9n\u011b tradi\u010dn\u00edm, ve\u0159ejn\u00fdm prostorem.\u201c<\/em><\/p>\n<p><em>\u201eP\u0159\u00e1li bychom si, aby se tam lid\u00e9 za&nbsp;nimi vypravili a&nbsp;zamysleli se nad jejich poselstv\u00edm,\u201c<\/em> dod\u00e1va Ond\u0159ej Kobza.<\/p>\n<p>Cie\u013eom projektu je&nbsp;po\u013eud\u0161ti\u0165 a&nbsp;o\u017eivi\u0165 tv\u00e1re miest. \u013dud\u00ed podobn\u00fd spolo\u010dn\u00fd z\u00e1\u017eitok sp\u00e1ja. Navz\u00e1jom sa&nbsp;tu k&nbsp;sebe prihovoria a&nbsp;nadvia\u017eu vz\u0165ahy.<\/p>\n<p style=\"text-align: right;\"><small>&mdash;&nbsp;<a href=\"https:\/\/www.praha5.cz\/hrbitov-malvazinky-rozeznel-poesiomat\/\" target=\"_blank\" rel=\"noopener\">M\u011bstsk\u00e1 \u010d\u00e1st Praha 5<\/a> a&nbsp;<a href=\"https:\/\/prazsky.denik.cz\/kultura_region\/poesiomat-hrbitov-malvazinky-ondrej-kobza-projekt-pieta-kultura.html\" target=\"_blank\" rel=\"noopener\">Pra\u017esk\u00fd den\u00edk<\/a><\/small><\/p>\n<div class=\"gca-utility clearfix\"><\/div>\n<div class=\"gca-utility vertical-spacer\"><\/div>\n<p><center><span class=\"fullscreen\"><a href=\"\/\/www.martinus.sk\/?z=WLGC7F&#038;utm_source=z%3DWLGC7F&#038;utm_medium=banner1_468x60&#038;utm_campaign=partner\"><img decoding=\"async\" src=\"\/\/www.martinus.sk\/images\/banners\/468x60_red.jpg\" alt=\"www.martinus.sk\" \/><\/a><\/span><\/center><\/p>\n","protected":false},"excerpt":{"rendered":"<p>Na pra\u017eskom sm\u00edchovskom cintor\u00edne sprev\u00e1dzkovali h\u0159bitovn\u00ed poesiomat, ktor\u00fd sa&nbsp;prihov\u00e1ra hlasmi Egona Bondyho, Ladislava Kl\u00edmu \u010di&nbsp;Mejlu Hlavsu. V\u0161etci s\u00fa v&nbsp;Malvazink\u00e1ch, na&nbsp;jednom z&nbsp;najv\u00e4\u010d\u0161\u00edch cintor\u00ednov v&nbsp;meste, pochovan\u00ed. Po&nbsp;zakr\u00faten\u00ed k\u013eukou zaznej\u00fa zo&nbsp;zvukovodu b\u00e1sne, kr\u00e1tke \u00favahy, pr\u00f3za a&nbsp;piesne. <a href=\"https:\/\/literarnenoviny.sk\/servis\/na-cintorine-v-prazskych-malvazinkach-nainstalovali-literarno-hudobny-poesiomat\/\" class=\"more-link\">Cel\u00e1 spr\u00e1va <span class=\"meta-nav\">&rarr;<\/span><\/a><\/p>\n","protected":false},"author":2,"featured_media":0,"comment_status":"closed","ping_status":"closed","sticky":false,"template":"","format":"standard","meta":{"_links_to":"","_links_to_target":""},"categories":[1],"tags":[3,83,23],"_links":{"self":[{"href":"https:\/\/literarnenoviny.sk\/servis\/wp-json\/wp\/v2\/posts\/17459"}],"collection":[{"href":"https:\/\/literarnenoviny.sk\/servis\/wp-json\/wp\/v2\/posts"}],"about":[{"href":"https:\/\/literarnenoviny.sk\/servis\/wp-json\/wp\/v2\/types\/post"}],"author":[{"embeddable":true,"href":"https:\/\/literarnenoviny.sk\/servis\/wp-json\/wp\/v2\/users\/2"}],"replies":[{"embeddable":true,"href":"https:\/\/literarnenoviny.sk\/servis\/wp-json\/wp\/v2\/comments?post=17459"}],"version-history":[{"count":0,"href":"https:\/\/literarnenoviny.sk\/servis\/wp-json\/wp\/v2\/posts\/17459\/revisions"}],"wp:attachment":[{"href":"https:\/\/literarnenoviny.sk\/servis\/wp-json\/wp\/v2\/media?parent=17459"}],"wp:term":[{"taxonomy":"category","embeddable":true,"href":"https:\/\/literarnenoviny.sk\/servis\/wp-json\/wp\/v2\/categories?post=17459"},{"taxonomy":"post_tag","embeddable":true,"href":"https:\/\/literarnenoviny.sk\/servis\/wp-json\/wp\/v2\/tags?post=17459"}],"curies":[{"name":"wp","href":"https:\/\/api.w.org\/{rel}","templated":true}]}}