{"id":17424,"date":"2021-07-06T16:30:47","date_gmt":"2021-07-06T14:30:47","guid":{"rendered":"https:\/\/literarnenoviny.sk\/servis\/?p=17424"},"modified":"2021-07-06T19:50:11","modified_gmt":"2021-07-06T17:50:11","slug":"cenu-ministerky-kultury-ziskal-prozaik-dusan-mitana-aj-krajska-kniznica-v-ziline","status":"publish","type":"post","link":"https:\/\/literarnenoviny.sk\/servis\/cenu-ministerky-kultury-ziskal-prozaik-dusan-mitana-aj-krajska-kniznica-v-ziline\/","title":{"rendered":"Cenu ministerky kult\u00fary z\u00edskal prozaik Du\u0161an Mitana aj Krajsk\u00e1 kni\u017enica v&nbsp;\u017diline"},"content":{"rendered":"<p><strong>Slovensk\u00e1 ministerka kult\u00fary <a href=\"https:\/\/sk.wikipedia.org\/wiki\/Nat\u00e1lia_Milanov\u00e1\" rel=\"noopener\" target=\"_blank\">Nat\u00e1lia Milanov\u00e1<\/a> oce\u0148ovala v&nbsp;bratislavskom Divadle Astorka Korzo\u00b490 umelcov<\/strong>. Cenu ministerky kult\u00fary za&nbsp;rok 2020 z\u00edskalo \u0161es\u0165 osobnost\u00ed a&nbsp;tri kult\u00farne in\u0161tit\u00facie, medzi nimi aj zosnul\u00fd prozaik <strong><a href=\"https:\/\/sk.wikipedia.org\/wiki\/Du\u0161an_Mitana\" rel=\"noopener\" target=\"_blank\">Du\u0161an Mitana<\/a><\/strong> a&nbsp;<strong><a href=\"https:\/\/www.krajskakniznicazilina.sk\/\" rel=\"noopener\" target=\"_blank\">Krajsk\u00e1 kni\u017enica v&nbsp;\u017diline<\/a><\/strong>.<\/p>\n<p>Vo svojom pr\u00edhovore \u0161\u00e9fka rezortu uviedla, \u017ee&nbsp;kult\u00fara nielen na&nbsp;Slovensku, ale aj v&nbsp;zahrani\u010d\u00ed m\u00e1 za&nbsp;sebou \u0165a\u017ek\u00fd rok.<\/p>\n<p><center><div class=\"gca-utility vertical-spacer\"><\/div><iframe loading=\"lazy\" src=\"https:\/\/www.facebook.com\/plugins\/post.php?href=https%3A%2F%2Fwww.facebook.com%2Fministerstvo.kultury.SR%2Fposts%2F5771282496246955&#038;width=460&#038;show_text=true&#038;appId=2424319851126972&#038;height=712\" width=\"460\" height=\"712\" style=\"border:none;overflow:hidden\" scrolling=\"no\" frameborder=\"0\" allowfullscreen=\"true\" allow=\"autoplay; clipboard-write; encrypted-media; picture-in-picture; web-share\"><\/iframe><div class=\"gca-utility vertical-spacer\"><\/div><\/center><\/p>\n<p>In memoriam udelila Nat\u00e1lia Milanov\u00e1 cenu spisovate\u013eovi <strong><a href=\"https:\/\/sk.wikipedia.org\/wiki\/Du\u0161an_Mitana\" rel=\"noopener\" target=\"_blank\">Du\u0161anovi Mitanovi<\/a><\/strong>, ktor\u00fd <a href=\"https:\/\/literarnenoviny.sk\/servis\/vo-veku-72-rokov-zomrel-slovensky-spisovatel-a-scenarista-dusan-mitana\/\" rel=\"noopener\" target=\"_blank\">tragicky zahynul v&nbsp;m\u00e1ji 2019<\/a>. Ministerka ho ocenila za&nbsp;v\u00fdnimo\u010dn\u00fd pr\u00ednos v&nbsp;oblasti literat\u00fary, existenci\u00e1lny rozmer jeho poviedok, esej\u00ed a&nbsp;rom\u00e1nov.<\/p>\n<p>V\u010faka pr\u00e1ci na&nbsp;skvalit\u0148ovan\u00ed slu\u017eieb pre&nbsp;\u010ditate\u013eov a&nbsp;rozsiahlej rekon\u0161trukcii priestorov, ktor\u00e9 premenila na&nbsp;modern\u00e9, funk\u010dn\u00e9 a&nbsp;inkluz\u00edvne prostredie, sa&nbsp;Kni\u017enicou roka stala <strong><a href=\"https:\/\/www.krajskakniznicazilina.sk\/\" rel=\"noopener\" target=\"_blank\">Krajsk\u00e1 kni\u017enica v&nbsp;\u017diline<\/a><\/strong>. <\/p>\n<p>Ocenenie za&nbsp;pr\u00ednos v&nbsp;hudobno-dramatickej tvorbe z\u00edskala skladate\u013eka \u013dubica \u010cekovsk\u00e1. Za&nbsp;oblas\u0165 s\u00fa\u010dasn\u00e9ho divadla a&nbsp;tanca si cenu prevzala performerka Sl\u00e1va Daubnerov\u00e1 a&nbsp;Vladim\u00edrovi Predmersk\u00e9mu ocenenie patr\u00ed za&nbsp;celo\u017eivotn\u00fa tvoriv\u00fa pr\u00e1cu v&nbsp;b\u00e1bkovom divadle.<\/p>\n<p>Laure\u00e1tmi Ceny ministerky sa&nbsp;stali aj odborn\u00ed\u010dka na&nbsp;digitaliz\u00e1ciu Jana Bahurinsk\u00e1 za&nbsp;celo\u017eivotn\u00fa pr\u00e1cu pri dokumentovan\u00ed galerijn\u00fdch zbierok a&nbsp;opern\u00e1 spev\u00e1\u010dka Edita Gruberov\u00e1 za&nbsp;mimoriadny pr\u00ednos do&nbsp;slovenskej aj svetovej kult\u00fary a&nbsp;umenia.<\/p>\n<p>Gal\u00e9riou roka 2020 sa&nbsp;stala Stredoslovensk\u00e1 gal\u00e9ria a&nbsp;titul Kult\u00farno-osvetov\u00e9 zariadenie roka z\u00edskalo Hornozempl\u00ednsk\u00e9 osvetov\u00e9 stredisko.<\/p>\n<p style=\"text-align: right;\"><small>&mdash;&nbsp;<a href=\"---\" target=\"_blank\" rel=\"noopener\"> <\/a><\/small><\/p>\n<div class=\"gca-utility clearfix\"><\/div>\n<div class=\"gca-utility vertical-spacer\"><\/div>\n<p><center><span class=\"fullscreen\"><a href=\"\/\/www.martinus.sk\/?z=WLGC7F&#038;utm_source=z%3DWLGC7F&#038;utm_medium=banner1_468x60&#038;utm_campaign=partner\"><img decoding=\"async\" src=\"\/\/www.martinus.sk\/images\/banners\/468x60_red.jpg\" alt=\"www.martinus.sk\" \/><\/a><\/span><\/center><\/p>\n","protected":false},"excerpt":{"rendered":"<p>Slovensk\u00e1 ministerka kult\u00fary Nat\u00e1lia Milanov\u00e1 oce\u0148ovala v&nbsp;bratislavskom Divadle Astorka Korzo\u00b490 umelcov. Cenu ministerky kult\u00fary za&nbsp;rok 2020 z\u00edskalo \u0161es\u0165 osobnost\u00ed a&nbsp;tri kult\u00farne in\u0161tit\u00facie, medzi nimi aj zosnul\u00fd prozaik Du\u0161an Mitana a&nbsp;Krajsk\u00e1 kni\u017enica v&nbsp;\u017diline. <a href=\"https:\/\/literarnenoviny.sk\/servis\/cenu-ministerky-kultury-ziskal-prozaik-dusan-mitana-aj-krajska-kniznica-v-ziline\/\" class=\"more-link\">Cel\u00e1 spr\u00e1va <span class=\"meta-nav\">&rarr;<\/span><\/a><\/p>\n","protected":false},"author":2,"featured_media":0,"comment_status":"closed","ping_status":"closed","sticky":false,"template":"","format":"standard","meta":{"_links_to":"","_links_to_target":""},"categories":[1],"tags":[49,4,3,21],"_links":{"self":[{"href":"https:\/\/literarnenoviny.sk\/servis\/wp-json\/wp\/v2\/posts\/17424"}],"collection":[{"href":"https:\/\/literarnenoviny.sk\/servis\/wp-json\/wp\/v2\/posts"}],"about":[{"href":"https:\/\/literarnenoviny.sk\/servis\/wp-json\/wp\/v2\/types\/post"}],"author":[{"embeddable":true,"href":"https:\/\/literarnenoviny.sk\/servis\/wp-json\/wp\/v2\/users\/2"}],"replies":[{"embeddable":true,"href":"https:\/\/literarnenoviny.sk\/servis\/wp-json\/wp\/v2\/comments?post=17424"}],"version-history":[{"count":0,"href":"https:\/\/literarnenoviny.sk\/servis\/wp-json\/wp\/v2\/posts\/17424\/revisions"}],"wp:attachment":[{"href":"https:\/\/literarnenoviny.sk\/servis\/wp-json\/wp\/v2\/media?parent=17424"}],"wp:term":[{"taxonomy":"category","embeddable":true,"href":"https:\/\/literarnenoviny.sk\/servis\/wp-json\/wp\/v2\/categories?post=17424"},{"taxonomy":"post_tag","embeddable":true,"href":"https:\/\/literarnenoviny.sk\/servis\/wp-json\/wp\/v2\/tags?post=17424"}],"curies":[{"name":"wp","href":"https:\/\/api.w.org\/{rel}","templated":true}]}}