{"id":17360,"date":"2021-07-01T17:00:42","date_gmt":"2021-07-01T15:00:42","guid":{"rendered":"https:\/\/literarnenoviny.sk\/servis\/?p=17360"},"modified":"2021-07-02T08:21:43","modified_gmt":"2021-07-02T06:21:43","slug":"obetou-niciveho-tornada-ktore-postihlo-moravu-je-aj-ceska-autorka-knih-pre-deti","status":"publish","type":"post","link":"https:\/\/literarnenoviny.sk\/servis\/obetou-niciveho-tornada-ktore-postihlo-moravu-je-aj-ceska-autorka-knih-pre-deti\/","title":{"rendered":"Obe\u0165ou ni\u010div\u00e9ho torn\u00e1da, ktor\u00e9 postihlo Moravu, je&nbsp;aj \u010desk\u00e1 autorka kn\u00edh pre&nbsp;deti"},"content":{"rendered":"<p><strong>Obe\u0165ou ni\u010div\u00e9ho torn\u00e1da, <a href=\"https:\/\/cs.wikipedia.org\/wiki\/Torn\u00e1do_na_B\u0159eclavsku_a_Hodon\u00ednsku\" rel=\"noopener\" target=\"_blank\">ktor\u00e9 postihlo ju\u017en\u00fa Moravu<\/a>, je&nbsp;aj \u010desk\u00e1 autorka kn\u00edh pre&nbsp;deti <a href=\"https:\/\/www.albatrosmedia.cz\/autori\/33708319\/pavla-hanackova\/\" rel=\"noopener\" target=\"_blank\">Pavla Han\u00e1\u010dkov\u00e1<\/a><\/strong>. O&nbsp;smrti tridsa\u0165jedenro\u010dnej spisovate\u013eky na&nbsp;soci\u00e1lnej sieti <a href=\"https:\/\/www.facebook.com\/GOAHHodoninoficialnistranky\/photos\/pb.291623071179238.-2207520000..\/1490344207973779\/\" rel=\"noopener\" target=\"_blank\">informovalo<\/a> hodon\u00ednske <a href=\"https:\/\/www.gymhodonin.cz\/\" rel=\"noopener\" target=\"_blank\">Gymn\u00e1zium, obchodn\u00e1 akad\u00e9mia a&nbsp;jazykov\u00e1 \u0161kola<\/a>, ktor\u00e9 nav\u0161tevovala.<\/p>\n<p>Autorka takmer troch desiatok kni\u017en\u00fdch titulov zahynula v&nbsp;aute. Bez zn\u00e1mok \u017eivota ju z\u00e1chran\u00e1ri na\u0161li v&nbsp;piatok r\u00e1no.<\/p>\n<p><center><div class=\"gca-utility vertical-spacer\"><\/div><iframe loading=\"lazy\" src=\"https:\/\/www.facebook.com\/plugins\/post.php?href=https%3A%2F%2Fwww.facebook.com%2Fporadparticka%2Fposts%2F4797424066940691&#038;width=480&#038;show_text=true&#038;appId=2424319851126972&#038;height=476\" width=\"480\" height=\"476\" style=\"border:none;overflow:hidden\" scrolling=\"no\" frameborder=\"0\" allowfullscreen=\"true\" allow=\"autoplay; clipboard-write; encrypted-media; picture-in-picture; web-share\"><\/iframe><div class=\"gca-utility vertical-spacer\"><\/div><\/center><\/p>\n<p><em>\u201e\u010cetba knih a&nbsp;touha po&nbsp;psan\u00ed ji doprov\u00e1z\u00ed ji\u017e od&nbsp;\u00fatl\u00e9ho d\u011btstv\u00ed,\u201c<\/em> uv\u00e1dza na&nbsp;webe jej domovsk\u00e9 vydavate\u013estvo Albatros.<\/p>\n<p>Po \u0161t\u00fadiu anglickej a&nbsp;\u010d\u00ednskej filol\u00f3gie na&nbsp;<a href=\"https:\/\/www.ff.upol.cz\/\" rel=\"noopener\" target=\"_blank\">Filozofickej fakulte Univerzity Palack\u00e9ho<\/a> v&nbsp;Olomouci Pavla Han\u00e1\u010dkov\u00e1 v&nbsp;<a href=\"https:\/\/www.albatrosmedia.cz\/\" rel=\"noopener\" target=\"_blank\">Albatrose<\/a> za\u010d\u00ednala ako liter\u00e1rna redaktorka a&nbsp;venovala sa&nbsp;tvorbe pre&nbsp;deti.<\/p>\n<p><a href=\"https:\/\/www.martinus.sk\/authors\/pavla-hanackova\/?z=WLGC7F&#038;utm_source=z%3DWLGC7F&#038;utm_medium=url&#038;utm_campaign=partner\" rel=\"noopener\" target=\"_blank\">Knihy Pavly Han\u00e1\u010dkovej<\/a> s\u00fa prelo\u017een\u00e9 do&nbsp;nieko\u013ek\u00fdch jazykov, vr\u00e1tane sloven\u010diny. <\/p>\n<p>Pod\u013ea spisovate\u013ekin\u00fdch b\u00fdval\u00fdch spolu\u017eiakov v\u017edy <em>\u201eopl\u00fdvala ironi\u00ed a&nbsp;sarkasmem, p\u0159esn\u011b proto jsme ji milovali,<\/em>\u201c zaspom\u00ednali jej spolu\u017eiaci. Na&nbsp;platforme <a href=\"https:\/\/www.donio.cz\/ZaPajuProMikulcice\" rel=\"noopener\" target=\"_blank\">Donio<\/a> preto zalo\u017eili zbierku na&nbsp;obnovu jej rodn\u00fdch Mikul\u010d\u00edc &#8211; cintor\u00edna, kaplnky <em>\u201esvat\u00e9ho Rocha\u201c<\/em> a&nbsp;zelene. <em>\u201eJak by ur\u010dit\u011b sama ironicky dodala: aby to tam m\u011bla hezk\u00e9,\u201c<\/em>  dodali.<\/p>\n<p><em>\u201eRodina P\u00e1ji si \u017e\u00e1dnou finan\u010dn\u00ed pomoc nep\u0159eje, \u017eivot j\u00ed nikdo nevr\u00e1t\u00ed. Podle maminky by si ale moc p\u0159\u00e1la, aby byly Mikul\u010dice jako d\u0159\u00edv,\u201c<\/em> uviedli organiz\u00e1tori zbierky.<\/p>\n<p style=\"text-align: right;\"><small>&mdash;&nbsp;<a href=\"https:\/\/cnn.iprima.cz\/tornado-ma-sedmou-obet-spoluzaci-mlade-spisovatelky-organizuji-sbirku-pro-hrbitov-28589\" target=\"_blank\" rel=\"noopener\">CNN Prima News<\/a> a&nbsp;<a href=\"https:\/\/www.donio.cz\/ZaPajuProMikulcice\" target=\"_blank\" rel=\"noopener\">Donio<\/a><\/small><\/p>\n<div class=\"gca-utility clearfix\"><\/div>\n<div class=\"gca-utility vertical-spacer\"><\/div>\n<p><center><span class=\"fullscreen\"><a href=\"\/\/www.martinus.sk\/?z=WLGC7F&#038;utm_source=z%3DWLGC7F&#038;utm_medium=banner1_468x60&#038;utm_campaign=partner\"><img decoding=\"async\" src=\"\/\/www.martinus.sk\/images\/banners\/468x60.jpg\" alt=\"www.martinus.sk\" \/><\/a><\/span><\/center><\/p>\n","protected":false},"excerpt":{"rendered":"<p>Obe\u0165ou ni\u010div\u00e9ho torn\u00e1da, ktor\u00e9 postihlo ju\u017en\u00fa Moravu, je&nbsp;aj \u010desk\u00e1 autorka kn\u00edh pre&nbsp;deti Pavla Han\u00e1\u010dkov\u00e1. O&nbsp;smrti tridsa\u0165jedenro\u010dnej spisovate\u013eky na&nbsp;soci\u00e1lnych sieti informovalo hodon\u00ednske Gymn\u00e1zium, obchodn\u00e1 akad\u00e9mia a&nbsp;jazykov\u00e1 \u0161kola, ktorej bola absolventkou. <a href=\"https:\/\/literarnenoviny.sk\/servis\/obetou-niciveho-tornada-ktore-postihlo-moravu-je-aj-ceska-autorka-knih-pre-deti\/\" class=\"more-link\">Cel\u00e1 spr\u00e1va <span class=\"meta-nav\">&rarr;<\/span><\/a><\/p>\n","protected":false},"author":2,"featured_media":0,"comment_status":"closed","ping_status":"closed","sticky":false,"template":"","format":"standard","meta":{"_links_to":"","_links_to_target":""},"categories":[1],"tags":[166,3,209],"_links":{"self":[{"href":"https:\/\/literarnenoviny.sk\/servis\/wp-json\/wp\/v2\/posts\/17360"}],"collection":[{"href":"https:\/\/literarnenoviny.sk\/servis\/wp-json\/wp\/v2\/posts"}],"about":[{"href":"https:\/\/literarnenoviny.sk\/servis\/wp-json\/wp\/v2\/types\/post"}],"author":[{"embeddable":true,"href":"https:\/\/literarnenoviny.sk\/servis\/wp-json\/wp\/v2\/users\/2"}],"replies":[{"embeddable":true,"href":"https:\/\/literarnenoviny.sk\/servis\/wp-json\/wp\/v2\/comments?post=17360"}],"version-history":[{"count":0,"href":"https:\/\/literarnenoviny.sk\/servis\/wp-json\/wp\/v2\/posts\/17360\/revisions"}],"wp:attachment":[{"href":"https:\/\/literarnenoviny.sk\/servis\/wp-json\/wp\/v2\/media?parent=17360"}],"wp:term":[{"taxonomy":"category","embeddable":true,"href":"https:\/\/literarnenoviny.sk\/servis\/wp-json\/wp\/v2\/categories?post=17360"},{"taxonomy":"post_tag","embeddable":true,"href":"https:\/\/literarnenoviny.sk\/servis\/wp-json\/wp\/v2\/tags?post=17360"}],"curies":[{"name":"wp","href":"https:\/\/api.w.org\/{rel}","templated":true}]}}