{"id":1733,"date":"2018-01-01T18:15:12","date_gmt":"2018-01-01T17:15:12","guid":{"rendered":"https:\/\/literarnenoviny.sk\/servis\/?p=1733"},"modified":"2018-01-02T16:13:57","modified_gmt":"2018-01-02T15:13:57","slug":"prezident-udelil-vyznamenia-rudolfovi-slobodovi-a-martinovi-m-simeckovi","status":"publish","type":"post","link":"https:\/\/literarnenoviny.sk\/servis\/prezident-udelil-vyznamenia-rudolfovi-slobodovi-a-martinovi-m-simeckovi\/","title":{"rendered":"Prezident udelil vyznamenia Rudolfovi Slobodovi a&nbsp;Martinovi M. \u0160ime\u010dkovi"},"content":{"rendered":"<p><strong>Pri 25.&nbsp;v\u00fdro\u010d\u00ed vzniku Slovenskej republiky udelil prezident vyznamenia spisovate\u013eom <a href=\"https:\/\/sk.wikipedia.org\/wiki\/Rudolf_Sloboda\" rel=\"noopener\" target=\"_blank\">Rudolfovi Slobodovi<\/a> <\/strong><em>(in memoriam)<\/em>, <a href=\"https:\/\/sk.wikipedia.org\/wiki\/Martin_Milan_\u0160ime\u010dka\" rel=\"noopener\" target=\"_blank\">Martinovi Milanovi \u0160ime\u010dkovi<\/a> a&nbsp;prekladate\u013eke Marte Li\u010dkovej.<\/p>\n<p>Medzi 25 ocenen\u00fdmi osobnos\u0165ami bol aj legend\u00e1rny slovensk\u00fd herec Jozef Kroner <em>(in memoriam)<\/em> a&nbsp;jeho dc\u00e9ra Zuzana Kronerov\u00e1, filmov\u00fd kameraman Vladim\u00edr Je\u0161ina \u010di&nbsp;b\u00fdval\u00fd predstavite\u013e hnutia Verejnos\u0165 proti n\u00e1siliu Fedor G\u00e1l.<\/p>\n<p>Ocenenie z&nbsp;r\u00fak slovensk\u00e9ho prezidenta z\u00edskal aj b\u00fdval\u00fd \u010desk\u00fd premi\u00e9r Petr Pithart a&nbsp;spev\u00e1\u010dka Marta Kubi\u0161ov\u00e1. <\/p>\n<p>Andrej Kiska tak svojim v\u00fdberom upriamil pozornos\u0165 nielen na&nbsp;z\u00edskanie nez\u00e1vislosti, ale aj na&nbsp;pr\u00e1vneho predchodcu s\u00fa\u010dasnej Slovenskej republiky &#8211; spolo\u010dn\u00fd \u0161t\u00e1t \u010cechov a&nbsp;Slov\u00e1kov.<\/p>\n","protected":false},"excerpt":{"rendered":"<p>Pri 25.&nbsp;v\u00fdro\u010d\u00ed vzniku Slovenskej republiku vyznamenal prezident spisovate\u013eom Rudolfovi Slobodovi, Martinovi Milanovi \u0160ime\u010dkovi \u010di&nbsp;Alte V\u00e1\u0161ovej. Medzi 25 ocenen\u00fdmi osobnos\u0165ami, boli aj legend\u00e1rny slovensk\u00fd herec Jozef Kroner a&nbsp;jeho dc\u00e9ra Zuzana Kronerov\u00e1, kameraman Vladim\u00edr Je\u0161ina a&nbsp;prekladate\u013eka Marta Li\u010dkov\u00e1. <a href=\"https:\/\/literarnenoviny.sk\/servis\/prezident-udelil-vyznamenia-rudolfovi-slobodovi-a-martinovi-m-simeckovi\/\" class=\"more-link\">Cel\u00e1 spr\u00e1va <span class=\"meta-nav\">&rarr;<\/span><\/a><\/p>\n","protected":false},"author":2,"featured_media":0,"comment_status":"closed","ping_status":"closed","sticky":false,"template":"","format":"standard","meta":{"_links_to":"","_links_to_target":""},"categories":[1],"tags":[3,21],"_links":{"self":[{"href":"https:\/\/literarnenoviny.sk\/servis\/wp-json\/wp\/v2\/posts\/1733"}],"collection":[{"href":"https:\/\/literarnenoviny.sk\/servis\/wp-json\/wp\/v2\/posts"}],"about":[{"href":"https:\/\/literarnenoviny.sk\/servis\/wp-json\/wp\/v2\/types\/post"}],"author":[{"embeddable":true,"href":"https:\/\/literarnenoviny.sk\/servis\/wp-json\/wp\/v2\/users\/2"}],"replies":[{"embeddable":true,"href":"https:\/\/literarnenoviny.sk\/servis\/wp-json\/wp\/v2\/comments?post=1733"}],"version-history":[{"count":0,"href":"https:\/\/literarnenoviny.sk\/servis\/wp-json\/wp\/v2\/posts\/1733\/revisions"}],"wp:attachment":[{"href":"https:\/\/literarnenoviny.sk\/servis\/wp-json\/wp\/v2\/media?parent=1733"}],"wp:term":[{"taxonomy":"category","embeddable":true,"href":"https:\/\/literarnenoviny.sk\/servis\/wp-json\/wp\/v2\/categories?post=1733"},{"taxonomy":"post_tag","embeddable":true,"href":"https:\/\/literarnenoviny.sk\/servis\/wp-json\/wp\/v2\/tags?post=1733"}],"curies":[{"name":"wp","href":"https:\/\/api.w.org\/{rel}","templated":true}]}}