{"id":17163,"date":"2021-06-04T13:20:36","date_gmt":"2021-06-04T11:20:36","guid":{"rendered":"https:\/\/literarnenoviny.sk\/servis\/?p=17163"},"modified":"2021-06-06T18:18:56","modified_gmt":"2021-06-06T16:18:56","slug":"vo-veku-96-rokov-zomrela-v-rakuska-poetka-a-prozaicka-friederike-mayrockerova","status":"publish","type":"post","link":"https:\/\/literarnenoviny.sk\/servis\/vo-veku-96-rokov-zomrela-v-rakuska-poetka-a-prozaicka-friederike-mayrockerova\/","title":{"rendered":"Vo veku 96 rokov zomrela rak\u00faska poetka a&nbsp;prozai\u010dka Friederike Mayr\u00f6ckerov\u00e1"},"content":{"rendered":"<p><strong>Vo veku 96 rokov zomrela rak\u00faska spisovate\u013eka <a href=\"https:\/\/sk.wikipedia.org\/wiki\/Friederike_Mayr\u00f6ckerov\u00e1\" rel=\"noopener\" target=\"_blank\">Friederike Mayr\u00f6ckerov\u00e1<\/a><\/strong>, ktor\u00fa kritika naz\u00fdvala <em>\u201eve\u013ekou d\u00e1mou experiment\u00e1lnej literat\u00fary\u201c<\/em>. Pravdepodobne najd\u00f4le\u017eitej\u0161ia po&nbsp;nemecky p\u00ed\u0161uca poetka s\u00fa\u010dasnosti tvorila a\u017e do&nbsp;vysok\u00e9ho veku. Jej \u00famrtie <a href=\"https:\/\/twitter.com\/suhrkamp\/status\/1400732251474825219\" rel=\"noopener\" target=\"_blank\">na Twitteri<\/a> ozn\u00e1milo vydavate\u013estvo <a href=\"https:\/\/www.suhrkamp.de\/\" rel=\"noopener\" target=\"_blank\">Suhrkamp<\/a>. <\/p>\n<p>Viedensk\u00fd prim\u00e1tor Michael Ludwig sa&nbsp;vyjadril, \u017ee&nbsp;<em>\u201ecel\u00e1 Viede\u0148 sm\u00fati za&nbsp;doyenkou rak\u00faskej literat\u00fary a&nbsp;\u010destnou ob\u010diankou Friederike Mayr\u00f6ckerovou\u201c<\/em>.<\/p>\n<p><center><div class=\"gca-utility vertical-spacer\"><\/div>\n<blockquote class=\"twitter-tweet\">\n<p lang=\"de\" dir=\"ltr\">Wir trauern um die Autorin Friederike Mayr\u00f6cker, die heute im Alter von 96 Jahren gestorben ist. Sie z\u00e4hlte zu den am h\u00f6chsten dekorierten heimischen Schriftsteller_innen. 2010 wurde ihr die Ehrenmitgliedschaft der <a href=\"https:\/\/twitter.com\/akbild?ref_src=twsrc%5Etfw\">@akbild<\/a> verliehen. Mehr:<a href=\"https:\/\/t.co\/FCiBsqJENS\">https:\/\/t.co\/FCiBsqJENS<\/a> Foto: Heide Heide <a href=\"https:\/\/t.co\/IoCttAhVPC\">pic.twitter.com\/IoCttAhVPC<\/a><\/p>\n<p>&mdash; akbild Wien (@akbild) <a href=\"https:\/\/twitter.com\/akbild\/status\/1400813930532966404?ref_src=twsrc%5Etfw\">June 4, 2021<\/a><\/p><\/blockquote>\n<p> <script async src=\"https:\/\/platform.twitter.com\/widgets.js\" charset=\"utf-8\"><\/script><div class=\"gca-utility vertical-spacer\"><\/div><\/center><\/p>\n<p>Roden\u00e1 Vieden\u010danka za\u010dala p\u00edsa\u0165 prv\u00e9 kr\u00e1tke texty u\u017e&nbsp;vo&nbsp;veku 15 rokov. Nesk\u00f4r sa&nbsp;vzdala \u0161t\u00fadia nem\u010diny, aby sa&nbsp;postarala o&nbsp;svoju rodinu. Po&nbsp;roku 1946 vyu\u010dovala angli\u010dtinu na&nbsp;stredn\u00fdch \u0161kol\u00e1ch. Od&nbsp;roku 1969 sa&nbsp;venovala len p\u00edsaniu. <\/p>\n<p>\u010casto sa&nbsp;vyzn\u00e1vala zo&nbsp;svojej l\u00e1sky k&nbsp;jazyku, ke\u010f hovorievala, \u017ee&nbsp;<em>\u201epotrebuje knihy a&nbsp;potrebuje ticho\u201c<\/em>. Sama v\u0161ak rozpr\u00e1vala ve\u013emi nerada. <em>\u201eTo, \u010do&nbsp;chcem poveda\u0165, nap\u00ed\u0161em,\u201c<\/em> prezradila.<\/p>\n<p>Mayr\u00f6ckerov\u00e1 debutovala v&nbsp;roku knihou <em><strong>Larifari<\/strong><\/em> s&nbsp;podtitulom <em><strong>Ein konfuses Buch<\/strong> (1956)<\/em> a&nbsp;po\u010das svojej 65-ro\u010dnej kari\u00e9ry nap\u00edsala viac ako 80 kn\u00edh, po\u00e9ziu, ve\u013ek\u00e9 prozaick\u00e9 diela, poviedky, knihy pre&nbsp;deti, rozhlasov\u00e9 hry a&nbsp;dramatick\u00e9 texty.<\/p>\n<p>Za svoju tvorbu z\u00edskala viacer\u00e9 liter\u00e1rne ocenenia, vr\u00e1tane prest\u00ed\u017enej ceny Georga B\u00fcchnera <em>(2001)<\/em> a&nbsp;slovenskej Ceny J\u00e1na Smreka <em>(2006)<\/em>. Mayr\u00f6ckerovej b\u00e1sne prekladali do&nbsp;sloven\u010diny poetka Mila Haugov\u00e1 a&nbsp;b\u00e1snik a&nbsp;prekladate\u013e Milan Richter.<\/p>\n<p>Partnerom Friederike Mayr\u00f6ckerovej bol spisovate\u013e Ernst Jandl, s&nbsp;ktor\u00fdm ju sp\u00e1jala <em>\u201eviedensk\u00e1 skupina\u201c<\/em>, bl\u00edzka dadaizmu a&nbsp;surrealizmu. Jandlova smr\u0165 na&nbsp;prelome tis\u00edcro\u010dia sa&nbsp;poetky ve\u013emi dotkla a&nbsp;venovala mu b\u00e1snick\u00fa skladbu <em><strong><a href=\"https:\/\/www.martinus.sk\/?uItem=686861&#038;z=WLGC7F&#038;utm_source=z%3DWLGC7F&#038;utm_medium=url&#038;utm_campaign=partner\" rel=\"noopener\" target=\"_blank\">Rekviem<\/a><\/strong><\/em>.<\/p>\n<p style=\"text-align: right;\"><small>&mdash;&nbsp;<a href=\"https:\/\/orf.at\/stories\/3203023\/\" target=\"_blank\" rel=\"noopener\">ORF<\/a> a&nbsp;<a href=\"https:\/\/www.spiegel.de\/kultur\/literatur\/friederike-mayroecker-nachruf-lasst-die-woerter-aufjaulen-a-039518ae-e7d2-47ba-adc6-1cd84086725f\" target=\"_blank\" rel=\"noopener\">Der Spiegel<\/a><\/small><\/p>\n<div class=\"gca-utility clearfix\"><\/div>\n<div class=\"gca-utility vertical-spacer\"><\/div>\n<p><center><span class=\"fullscreen\"><script type=\"text\/javascript\" src=\"\/\/partner.mrtns.eu\/banners\/banner.js?type=banner&#038;brand_id=1&#038;uItem=686861&#038;size=full&#038;show_price=0&#038;color=violet&#038;z=WLGC7F\"><\/script><\/center><\/p>\n","protected":false},"excerpt":{"rendered":"<p>Vo veku 96 rokov zomrela rak\u00faska spisovate\u013eka Friederike Mayr\u00f6ckerov\u00e1, ktor\u00fa kritika naz\u00fdvala ve\u013ekou d\u00e1mou experiment\u00e1lnej literat\u00fary. Pravdepodobne najd\u00f4le\u017eitej\u0161ia po&nbsp;nemecky p\u00ed\u0161uca poetka s\u00fa\u010dasnosti tvorila a\u017e do&nbsp;vysok\u00e9ho veku. Jej \u00famrtie na&nbsp;Twitteri ozn\u00e1milo vydavate\u013estvo Suhrkamp. <a href=\"https:\/\/literarnenoviny.sk\/servis\/vo-veku-96-rokov-zomrela-v-rakuska-poetka-a-prozaicka-friederike-mayrockerova\/\" class=\"more-link\">Cel\u00e1 spr\u00e1va <span class=\"meta-nav\">&rarr;<\/span><\/a><\/p>\n","protected":false},"author":2,"featured_media":0,"comment_status":"closed","ping_status":"closed","sticky":false,"template":"","format":"standard","meta":{"_links_to":"","_links_to_target":""},"categories":[1],"tags":[14,3,83,209],"_links":{"self":[{"href":"https:\/\/literarnenoviny.sk\/servis\/wp-json\/wp\/v2\/posts\/17163"}],"collection":[{"href":"https:\/\/literarnenoviny.sk\/servis\/wp-json\/wp\/v2\/posts"}],"about":[{"href":"https:\/\/literarnenoviny.sk\/servis\/wp-json\/wp\/v2\/types\/post"}],"author":[{"embeddable":true,"href":"https:\/\/literarnenoviny.sk\/servis\/wp-json\/wp\/v2\/users\/2"}],"replies":[{"embeddable":true,"href":"https:\/\/literarnenoviny.sk\/servis\/wp-json\/wp\/v2\/comments?post=17163"}],"version-history":[{"count":0,"href":"https:\/\/literarnenoviny.sk\/servis\/wp-json\/wp\/v2\/posts\/17163\/revisions"}],"wp:attachment":[{"href":"https:\/\/literarnenoviny.sk\/servis\/wp-json\/wp\/v2\/media?parent=17163"}],"wp:term":[{"taxonomy":"category","embeddable":true,"href":"https:\/\/literarnenoviny.sk\/servis\/wp-json\/wp\/v2\/categories?post=17163"},{"taxonomy":"post_tag","embeddable":true,"href":"https:\/\/literarnenoviny.sk\/servis\/wp-json\/wp\/v2\/tags?post=17163"}],"curies":[{"name":"wp","href":"https:\/\/api.w.org\/{rel}","templated":true}]}}