{"id":1673,"date":"2017-12-15T09:30:37","date_gmt":"2017-12-15T08:30:37","guid":{"rendered":"https:\/\/literarnenoviny.sk\/servis\/?p=1673"},"modified":"2017-12-15T13:10:20","modified_gmt":"2017-12-15T12:10:20","slug":"artforum-vydalo-knihu-eseji-inspirovanu-filmami-krzysztofa-kieslowskeho","status":"publish","type":"post","link":"https:\/\/literarnenoviny.sk\/servis\/artforum-vydalo-knihu-eseji-inspirovanu-filmami-krzysztofa-kieslowskeho\/","title":{"rendered":"Artf\u00f3rum vydalo knihu esej\u00ed in\u0161pirovan\u00fa filmami Krzysztofa Kieslowsk\u00e9ho"},"content":{"rendered":"<p><strong>Poslednou tohtoro\u010dnou knihou vydavate\u013estva Artforum, je&nbsp;<a href=\"https:\/\/www.artforum.sk\/katalog\/108192\/dekalog-podla-kieslowskeho\" rel=\"noopener\" target=\"_blank\">Dekal\u00f3g pod\u013ea Kieslowsk\u00e9ho<\/a> od&nbsp;kazate\u013ea, b\u00e1snika, v\u00fdtvarn\u00edka a&nbsp;esejistu Daniela Pastir\u010d\u00e1ka<\/strong>. Publik\u00e1cia je&nbsp;s\u00faborom desiatich esej\u00ed o&nbsp;desiatich prik\u00e1zaniach, in\u0161pirovan\u00fdch cyklom filmov po\u013esk\u00e9ho re\u017eis\u00e9ra <a href=\"https:\/\/sk.wikipedia.org\/wiki\/Krzysztof_Kie\u015blowski\" rel=\"noopener\" target=\"_blank\">Krzysztofa Kieslowsk\u00e9ho<\/a>. <\/p>\n<p><center><iframe loading=\"lazy\" width=\"560\" height=\"315\" src=\"https:\/\/www.youtube.com\/embed\/OYg5zswGG8Y?rel=0&amp;showinfo=0\" frameborder=\"0\" gesture=\"media\" allow=\"encrypted-media\" allowfullscreen><\/iframe><\/center><\/p>\n<p>Daniel Pastir\u010d\u00e1k je&nbsp;teol\u00f3g, myslite\u013e, ilustr\u00e1tor a&nbsp;publicista, no jeho tvorba nie je&nbsp;ur\u010den\u00e1 len \u013eu\u010fom h\u013eadaj\u00facim n\u00e1bo\u017eensk\u00e9 odpovede. Vo&nbsp;svojich \u00favah\u00e1ch oslovuje univerz\u00e1lnymi t\u00e9mami, bl\u00edzkymi v\u0161etk\u00fdm \u013eu\u010fom dne\u0161ka. Tak aj v&nbsp;novej knihe autor h\u013ead\u00e1 a&nbsp;pomenov\u00e1va miesto desiatich bo\u017e\u00edch prik\u00e1zan\u00ed v&nbsp;be\u017enom \u017eivote \u010dloveka v&nbsp;21.&nbsp;storo\u010d\u00ed.<\/p>\n<p style=\"text-align: right;\"><small><a href=\"https:\/\/www.artforum.sk\/\" target=\"_blank\" rel=\"noopener\">Artforum<\/a> <\/small><\/p>\n","protected":false},"excerpt":{"rendered":"<p>Poslednou tohtoro\u010dnou knihou vydavate\u013estva Artforum, je&nbsp;Dekal\u00f3g pod\u013ea Kieslowsk\u00e9ho od&nbsp;kazate\u013ea, b\u00e1snika, v\u00fdtvarn\u00edka a&nbsp;esejistu Daniela Pastir\u010d\u00e1ka. Publik\u00e1cia je&nbsp;s\u00faborom desiatich esej\u00ed o&nbsp;desiatich prik\u00e1zaniach, in\u0161pirovan\u00fdch cyklom filmov po\u013esk\u00e9ho re\u017eis\u00e9ra Krzysztofa Kieslowsk\u00e9ho.  <a href=\"https:\/\/literarnenoviny.sk\/servis\/artforum-vydalo-knihu-eseji-inspirovanu-filmami-krzysztofa-kieslowskeho\/\" class=\"more-link\">Cel\u00e1 spr\u00e1va <span class=\"meta-nav\">&rarr;<\/span><\/a><\/p>\n","protected":false},"author":2,"featured_media":0,"comment_status":"closed","ping_status":"closed","sticky":false,"template":"","format":"standard","meta":{"_links_to":"","_links_to_target":""},"categories":[1],"tags":[16,14],"_links":{"self":[{"href":"https:\/\/literarnenoviny.sk\/servis\/wp-json\/wp\/v2\/posts\/1673"}],"collection":[{"href":"https:\/\/literarnenoviny.sk\/servis\/wp-json\/wp\/v2\/posts"}],"about":[{"href":"https:\/\/literarnenoviny.sk\/servis\/wp-json\/wp\/v2\/types\/post"}],"author":[{"embeddable":true,"href":"https:\/\/literarnenoviny.sk\/servis\/wp-json\/wp\/v2\/users\/2"}],"replies":[{"embeddable":true,"href":"https:\/\/literarnenoviny.sk\/servis\/wp-json\/wp\/v2\/comments?post=1673"}],"version-history":[{"count":0,"href":"https:\/\/literarnenoviny.sk\/servis\/wp-json\/wp\/v2\/posts\/1673\/revisions"}],"wp:attachment":[{"href":"https:\/\/literarnenoviny.sk\/servis\/wp-json\/wp\/v2\/media?parent=1673"}],"wp:term":[{"taxonomy":"category","embeddable":true,"href":"https:\/\/literarnenoviny.sk\/servis\/wp-json\/wp\/v2\/categories?post=1673"},{"taxonomy":"post_tag","embeddable":true,"href":"https:\/\/literarnenoviny.sk\/servis\/wp-json\/wp\/v2\/tags?post=1673"}],"curies":[{"name":"wp","href":"https:\/\/api.w.org\/{rel}","templated":true}]}}