{"id":16643,"date":"2021-04-20T11:21:24","date_gmt":"2021-04-20T09:21:24","guid":{"rendered":"https:\/\/literarnenoviny.sk\/servis\/?p=16643"},"modified":"2021-04-21T10:03:45","modified_gmt":"2021-04-21T08:03:45","slug":"vo-veku-81-rokov-zomrel-slovensky-literarny-historik-a-kritik-tomas-winkler","status":"publish","type":"post","link":"https:\/\/literarnenoviny.sk\/servis\/vo-veku-81-rokov-zomrel-slovensky-literarny-historik-a-kritik-tomas-winkler\/","title":{"rendered":"Vo veku 81 rokov zomrel slovensk\u00fd liter\u00e1rny historik a&nbsp;kritik Tom\u00e1\u0161 Winkler"},"content":{"rendered":"<p><strong>Vo veku 81 rokov zomrel liter\u00e1rny historik, kritik a&nbsp;prozaik Tom\u00e1\u0161 Winkler<\/strong>. Okrem obdobia normaliz\u00e1cie, ke\u010f musel pre&nbsp;svoje politick\u00e9 postoje od\u00eds\u0165 a&nbsp;nesmel ani publikova\u0165, p\u00f4sobil po&nbsp;cel\u00fd \u017eivot v&nbsp;<a href=\"https:\/\/sk.wikipedia.org\/wiki\/Matica_slovensk\u00e1\" rel=\"noopener noreferrer\" target=\"_blank\">Matici slovenskej<\/a> v&nbsp;Martine. V&nbsp;rokoch 1965 a\u017e 1968 bol riadite\u013eom <a href=\"https:\/\/sk.wikipedia.org\/wiki\/wiki\/Slovensk\u00e1_n\u00e1rodn\u00e1_kni\u017enica\" rel=\"noopener noreferrer\" target=\"_blank\">N\u00e1rodnej kni\u017enice<\/a>.<\/p>\n<p>Po odchode z&nbsp;Matice sa&nbsp;zamestnal ako robotn\u00edk, nesk\u00f4r ako dispe\u010der na&nbsp;stavb\u00e1ch priehrad. Do&nbsp;in\u0161tit\u00facie sa&nbsp;vr\u00e1til a\u017e po&nbsp;p\u00e1de totality v&nbsp;roku 1990.<\/p>\n<p><center><div class=\"gca-utility vertical-spacer\"><\/div><img decoding=\"async\" loading=\"lazy\" src=\"https:\/\/addmedia.link\/buffer\/tomas-winkler_230x348.jpg\" width=\"232\" height=\"350\" class=\"alignnone size-medium\" \/><!-- http:\/\/kastl.sk\/portret-w\/1990-01-00-winkler-tomas-05.jpg --><div class=\"gca-utility vertical-spacer\"><\/div><\/center><\/p>\n<p>Tom\u00e1\u0161 Winkler sa&nbsp;narodil 3.&nbsp;janu\u00e1ra 1940. Vy\u0161tudoval Vysok\u00fa \u0161kolu pedagogick\u00fa v&nbsp;Bratislave. V&nbsp;Matici slovenskej za\u010d\u00ednal v&nbsp;liter\u00e1rnom arch\u00edve. Bol z\u00e1stupcom \u0161\u00e9fredaktora \u010dasopisu Mati\u010dn\u00e9 \u010d\u00edtanie. <\/p>\n<p>Po roku 1971 pracoval ako robotn\u00edk a&nbsp;nesk\u00f4r bol dispe\u010der na&nbsp;stavb\u00e1ch priehrad Liptovsk\u00e1 Mara a&nbsp;\u010cierny V\u00e1h. Po&nbsp;\u010diasto\u010dnom uvo\u013enen\u00ed pomerov od&nbsp;roku 1979 sa&nbsp;zamestnal v&nbsp;zdravotn\u00edckej redakcii martinsk\u00e9ho Vydavate\u013estva Osveta.<\/p>\n<p>Tom\u00e1\u0161 Winkler sa&nbsp;venoval predov\u0161etk\u00fdm v\u00fdskumu mati\u010dn\u00fdch dej\u00edn, na&nbsp;t\u00fato t\u00e9mu nap\u00edsal dielo <em><strong>Matica slovensk\u00e1 v&nbsp;rokoch 1919\u20131954<\/strong> (1971)<\/em>. <\/p>\n<p>Z jeho person\u00e1lnych monografi\u00ed je&nbsp;zn\u00e1ma historick\u00e1 esej o&nbsp;Jozefovi Miloslavovi Hurbanovi <em><strong>Perom a&nbsp;me\u010dom<\/strong> (1982)<\/em>.<\/p>\n<p>Je autorm kn\u00edh literat\u00fary faktu <em><strong><a href=\"https:\/\/www.martinus.sk\/?uItem=189431&#038;z=WLGC7F&#038;utm_source=z%3DWLGC7F&#038;utm_medium=url&#038;utm_campaign=partner\" rel=\"noopener noreferrer\" target=\"_blank\">Kto proti osudu<\/a><\/strong> (1976\u20131978)<\/em>, ktor\u00fa nap\u00edsal spolo\u010dne s&nbsp;Petrom \u0160trelingerom, <em><strong><a href=\"https:\/\/www.martinus.sk\/?uItem=125316&#038;z=WLGC7F&#038;utm_source=z%3DWLGC7F&#038;utm_medium=url&#038;utm_campaign=partner\" rel=\"noopener noreferrer\" target=\"_blank\">Cesty na&nbsp;popravisko<\/a><\/strong> (1988)<\/em> a&nbsp; a&nbsp;rom\u00e1n <em><strong><a href=\"https:\/\/www.martinus.sk\/?uItem=58412&#038;z=WLGC7F&#038;utm_source=z%3DWLGC7F&#038;utm_medium=url&#038;utm_campaign=partner\" rel=\"noopener noreferrer\" target=\"_blank\">Dlho budeme m\u0155tvi<\/a><\/strong> (2008)<\/em>, autentick\u00e9 svedectvo o&nbsp;\u017eivote politicky prenasledovan\u00fdch ob\u010danov v&nbsp;rokoch normaliz\u00e1cie. <\/p>\n<p style=\"text-align: right;\"><small>&mdash;&nbsp;<a href=\"https:\/\/matica.sk\/zomrel-literarny-vedec-spisovatel-a-maticiar-tomas-winkler\/\" target=\"_blank\" rel=\"noopener noreferrer\">Matica slovensk\u00e1<\/a> a&nbsp;<a href=\"https:\/\/snk.sk\" target=\"_blank\" rel=\"noopener noreferrer\">SNK<\/a><\/small><\/p>\n<div class=\"gca-utility clearfix\"><\/div>\n<div class=\"gca-utility vertical-spacer\"><\/div>\n<p><center><span class=\"fullscreen\"><script type=\"text\/javascript\" src=\"\/\/partner.mrtns.eu\/banners\/banner.js?type=banner&#038;brand_id=1&#038;uItem=125316&#038;size=full&#038;show_price=0&#038;color=blue&#038;z=WLGC7F\"><\/script><\/center><\/p>\n","protected":false},"excerpt":{"rendered":"<p>Vo veku 81 rokov zomrel liter\u00e1rny historik, kritik a&nbsp;prozaik Tom\u00e1\u0161 Winkler. Okrem obdobia normaliz\u00e1cie, ke\u010f musel pre&nbsp;svoje politick\u00e9 postoje od\u00eds\u0165 a&nbsp;nesmel ani publikova\u0165, p\u00f4sobil po&nbsp;cel\u00fd \u017eivot v&nbsp;Matici slovenskej v&nbsp;Martine. V&nbsp;rokoch 1965 a\u017e 1968 bol riadite\u013eom N\u00e1rodnej kni\u017enice. <a href=\"https:\/\/literarnenoviny.sk\/servis\/vo-veku-81-rokov-zomrel-slovensky-literarny-historik-a-kritik-tomas-winkler\/\" class=\"more-link\">Cel\u00e1 spr\u00e1va <span class=\"meta-nav\">&rarr;<\/span><\/a><\/p>\n","protected":false},"author":1,"featured_media":0,"comment_status":"closed","ping_status":"closed","sticky":false,"template":"","format":"standard","meta":{"_links_to":"","_links_to_target":""},"categories":[1],"tags":[5,3,136,209],"_links":{"self":[{"href":"https:\/\/literarnenoviny.sk\/servis\/wp-json\/wp\/v2\/posts\/16643"}],"collection":[{"href":"https:\/\/literarnenoviny.sk\/servis\/wp-json\/wp\/v2\/posts"}],"about":[{"href":"https:\/\/literarnenoviny.sk\/servis\/wp-json\/wp\/v2\/types\/post"}],"author":[{"embeddable":true,"href":"https:\/\/literarnenoviny.sk\/servis\/wp-json\/wp\/v2\/users\/1"}],"replies":[{"embeddable":true,"href":"https:\/\/literarnenoviny.sk\/servis\/wp-json\/wp\/v2\/comments?post=16643"}],"version-history":[{"count":0,"href":"https:\/\/literarnenoviny.sk\/servis\/wp-json\/wp\/v2\/posts\/16643\/revisions"}],"wp:attachment":[{"href":"https:\/\/literarnenoviny.sk\/servis\/wp-json\/wp\/v2\/media?parent=16643"}],"wp:term":[{"taxonomy":"category","embeddable":true,"href":"https:\/\/literarnenoviny.sk\/servis\/wp-json\/wp\/v2\/categories?post=16643"},{"taxonomy":"post_tag","embeddable":true,"href":"https:\/\/literarnenoviny.sk\/servis\/wp-json\/wp\/v2\/tags?post=16643"}],"curies":[{"name":"wp","href":"https:\/\/api.w.org\/{rel}","templated":true}]}}