{"id":16535,"date":"2021-04-08T09:30:29","date_gmt":"2021-04-08T07:30:29","guid":{"rendered":"https:\/\/literarnenoviny.sk\/servis\/?p=16535"},"modified":"2021-04-09T21:30:00","modified_gmt":"2021-04-09T19:30:00","slug":"slovenskym-podnikatelom-roka-2020-sa-stal-sef-knihkupectva-martinus-michal-mesko","status":"publish","type":"post","link":"https:\/\/literarnenoviny.sk\/servis\/slovenskym-podnikatelom-roka-2020-sa-stal-sef-knihkupectva-martinus-michal-mesko\/","title":{"rendered":"Slovensk\u00fdm podnikate\u013eom roka 2020 sa&nbsp;stal \u0161\u00e9f kn\u00edhkupectva Martinus Michal Me\u0161ko"},"content":{"rendered":"<p><strong>P\u00e4tn\u00e1stym v\u00ed\u0165azom s\u00fa\u0165a\u017ee <a href=\"https:\/\/www.eypodnikatelroka.sk\/\" rel=\"noopener noreferrer\" target=\"_blank\">EY Podnikate\u013e roka Slovenskej republiky<\/a> sa&nbsp;stal Michal Me\u0161ko zo&nbsp;spolo\u010dnosti <a href=\"https:\/\/www.martinus.sk\/?z=WLGC7F&#038;utm_source=z%3DWLGC7F&#038;utm_medium=url&#038;utm_campaign=partner\">Martinus<\/a><\/strong>, za&nbsp;laure\u00e1ta ho odborn\u00e1 porota vyhl\u00e1sila v&nbsp;stredu 7.&nbsp;apr\u00edla po\u010das sl\u00e1vnostn\u00e9ho ceremoni\u00e1lu, ktor\u00fd sa&nbsp;po&nbsp;prv\u00fdkr\u00e1t v&nbsp;hist\u00f3rii tohto ocenenia konal virtu\u00e1lne. <\/p>\n<p>Technologick\u00fdm podnikate\u013eom roka sa&nbsp;stal Martin Buj\u0148\u00e1k zo&nbsp;spolo\u010dnosti <a href=\"https:\/\/www.capturingreality.com\/\" rel=\"noopener noreferrer\" target=\"_blank\">Capturing Reality<\/a> a&nbsp;ocenenie Za\u010d\u00ednaj\u00faci podnikate\u013e z\u00edskala Jana Kurilakov\u00e1 z&nbsp;<a href=\"https:\/\/www.kuracollection.sk\/\">Kura Collection<\/a>.<\/p>\n<p><center><div class=\"gca-utility vertical-spacer\"><\/div><iframe loading=\"lazy\" src=\"https:\/\/www.facebook.com\/plugins\/post.php?href=https%3A%2F%2Fwww.facebook.com%2FEYCareersSlovakia%2Fposts%2F4440693955959485&#038;width=460&#038;show_text=true&#038;appId=2424319851126972&#038;height=445\" width=\"460\" height=\"445\" style=\"border:none;overflow:hidden\" scrolling=\"no\" frameborder=\"0\" allowfullscreen=\"true\" allow=\"autoplay; clipboard-write; encrypted-media; picture-in-picture; web-share\"><\/iframe><div class=\"gca-utility vertical-spacer\"><\/div><\/center><\/p>\n<p><em>\u201eZ\u00edska\u0165 toto ocenenie je&nbsp;pre&nbsp;m\u0148a obrovsk\u00e1 \u010des\u0165, no v&nbsp;prvom rade patr\u00ed v\u0161etk\u00fdm, ktor\u00fdch na&nbsp;p\u00f3di\u00e1ch a&nbsp;ob\u00e1lkach zvy\u010dajne nevidno: rodine, Martinus\u00e1kom, po&nbsp;boku ktor\u00fdch m\u00f4\u017eem u\u017e&nbsp;desiatky rokov p\u00edsa\u0165 tento pr\u00edbeh, aj \u010ditate\u013eom, ktor\u00ed ho st\u00e1le \u010d\u00edtaj\u00fa,\u201c<\/em> uviedol Michal Me\u0161ko. <\/p>\n<p><em>\u201eV roku, ako bol minul\u00fd, ide m\u00f4j obdiv v\u0161etk\u00fdm, ktor\u00ed pom\u00e1hali udr\u017ea\u0165 krajinu nad vodou \u2013 vr\u00e1tane podnikate\u013eov, ktor\u00ed sa&nbsp;svojou pr\u00e1cou sna\u017eia urobi\u0165 krajinu a&nbsp;svet okolo seba k\u00fasok lep\u0161\u00edmi,\u201c<\/em>  dodal \u010derstv\u00fd v\u00ed\u0165az s\u00fa\u0165a\u017ee <a href=\"https:\/\/www.eypodnikatelroka.sk\/\" rel=\"noopener noreferrer\" target=\"_blank\">EY Podnikate\u013e roka<\/a>.<\/p>\n<p>Martinus <a href=\"https:\/\/sk.wikipedia.org\/wiki\/Martinus\" rel=\"noopener noreferrer\" target=\"_blank\">vznikol v&nbsp;Martine<\/a> po&nbsp;p\u00e1de totalitn\u00e9ho re\u017eimu v&nbsp;roku 1990 a&nbsp;vybudovali ho bratia Miroslav a&nbsp;Jozef Santusovci. Po&nbsp;desiatich rokoch sa&nbsp;k&nbsp;nim pridaj aj Michal Me\u0161ko a&nbsp;podnikanie roz\u0161\u00edrili aj o&nbsp;e-shop. <\/p>\n<p>Dnes je&nbsp;<strong><a href=\"https:\/\/www.martinus.sk\/?z=WLGC7F&#038;utm_source=z%3DWLGC7F&#038;utm_medium=url&#038;utm_campaign=partner\" rel=\"noopener noreferrer\" target=\"_blank\">Martinus<\/a><\/strong> najv\u00e4\u010d\u0161\u00edm internetov\u00fdm kn\u00edhkupectvom a&nbsp;druh\u00fdm najv\u00e4\u010d\u0161\u00edm predajcom kn\u00edh na&nbsp;Slovensku. Prev\u00e1dzkuje aj sie\u0165 12 kamenn\u00fdch kn\u00edhkupectiev a&nbsp;kaviarn\u00ed po&nbsp;celej krajine. Za&nbsp;tento \u010das predal viac ako 20 mili\u00f3nov kn\u00edh.<\/p>\n<p><a href=\"http:\/\/https.\/\/www.ey.com\/sk\" rel=\"noopener noreferrer\" target=\"_blank\">EY Podnikate\u013e roka<\/a> je&nbsp;svetov\u00e1 s\u00fa\u0165a\u017e podnikate\u013eov, ktor\u00e1 vzd\u00e1va hold v\u00fdnimo\u010dn\u00fdm osobnostiam. Jej cie\u013eom je&nbsp;verejnosti uk\u00e1za\u0165 vynikaj\u00face osobn\u00e9 pr\u00edklady z&nbsp;oblasti podnikania, ktor\u00e9 m\u00f4\u017eu by\u0165 vzorom pre&nbsp;mlad\u00fdch, za\u010d\u00ednaj\u00facich podnikate\u013eov. <\/p>\n<p><em>\u201eDr\u017eite\u013e titulu EY Podnikate\u013e roka Slovenskej republiky bude reprezentova\u0165 na\u0161u krajinu na&nbsp;svetovom fin\u00e1le s\u00fa\u0165a\u017ee,\u201c<\/em> uviedol <a href=\"https:\/\/www.ey.com\/sk_sk\/people\/marian-bi\" rel=\"noopener noreferrer\" target=\"_blank\">Mari\u00e1n B\u00ed\u017e<\/a> z&nbsp;EY, ktor\u00fd ver\u00ed, \u017ee&nbsp;pr\u00edbeh Michala Me\u0161ka <em>\u201eoslov\u00ed medzin\u00e1rodn\u00fa porotu tak, ako oslovil n\u00e1s\u201c<\/em>.<\/p>\n<p style=\"text-align: right;\"><small>&mdash;&nbsp;<a href=\"https.\/\/www.ey.com\/sk\" target=\"_blank\" rel=\"noopener noreferrer\">EY Careers Slovakia<\/a><\/small><\/p>\n<div class=\"gca-utility clearfix\"><\/div>\n<div class=\"gca-utility vertical-spacer\"><\/div>\n<p><center><span class=\"fullscreen\"><a href=\"\/\/www.martinus.sk\/?z=WLGC7F&#038;utm_source=z%3DWLGC7F&#038;utm_medium=banner1_468x60&#038;utm_campaign=partner\"><img decoding=\"async\" src=\"\/\/www.martinus.sk\/images\/banners\/468x60_red.jpg\" alt=\"www.martinus.sk\" \/><\/a><\/span><\/center><\/p>\n","protected":false},"excerpt":{"rendered":"<p>P\u00e4tn\u00e1stym v\u00ed\u0165azom s\u00fa\u0165a\u017ee EY Podnikate\u013e roka Slovenskej republiky sa&nbsp;stal Michal Me\u0161ko zo&nbsp;spolo\u010dnosti Martinus, za&nbsp;laure\u00e1ta ho odborn\u00e1 porota vyhl\u00e1sila v&nbsp;stredu 7.&nbsp;apr\u00edla po\u010das sl\u00e1vnostn\u00e9ho ceremoni\u00e1lu, ktor\u00fd sa&nbsp;po&nbsp;prv\u00fdkr\u00e1t v&nbsp;hist\u00f3rii tohto ocenenia konal virtu\u00e1lne. <a href=\"https:\/\/literarnenoviny.sk\/servis\/slovenskym-podnikatelom-roka-2020-sa-stal-sef-knihkupectva-martinus-michal-mesko\/\" class=\"more-link\">Cel\u00e1 spr\u00e1va <span class=\"meta-nav\">&rarr;<\/span><\/a><\/p>\n","protected":false},"author":2,"featured_media":0,"comment_status":"closed","ping_status":"closed","sticky":false,"template":"","format":"standard","meta":{"_links_to":"","_links_to_target":""},"categories":[1],"tags":[12,3,52,8],"_links":{"self":[{"href":"https:\/\/literarnenoviny.sk\/servis\/wp-json\/wp\/v2\/posts\/16535"}],"collection":[{"href":"https:\/\/literarnenoviny.sk\/servis\/wp-json\/wp\/v2\/posts"}],"about":[{"href":"https:\/\/literarnenoviny.sk\/servis\/wp-json\/wp\/v2\/types\/post"}],"author":[{"embeddable":true,"href":"https:\/\/literarnenoviny.sk\/servis\/wp-json\/wp\/v2\/users\/2"}],"replies":[{"embeddable":true,"href":"https:\/\/literarnenoviny.sk\/servis\/wp-json\/wp\/v2\/comments?post=16535"}],"version-history":[{"count":0,"href":"https:\/\/literarnenoviny.sk\/servis\/wp-json\/wp\/v2\/posts\/16535\/revisions"}],"wp:attachment":[{"href":"https:\/\/literarnenoviny.sk\/servis\/wp-json\/wp\/v2\/media?parent=16535"}],"wp:term":[{"taxonomy":"category","embeddable":true,"href":"https:\/\/literarnenoviny.sk\/servis\/wp-json\/wp\/v2\/categories?post=16535"},{"taxonomy":"post_tag","embeddable":true,"href":"https:\/\/literarnenoviny.sk\/servis\/wp-json\/wp\/v2\/tags?post=16535"}],"curies":[{"name":"wp","href":"https:\/\/api.w.org\/{rel}","templated":true}]}}