{"id":1640,"date":"2017-12-09T17:45:47","date_gmt":"2017-12-09T16:45:47","guid":{"rendered":"https:\/\/literarnenoviny.sk\/servis\/?p=1640"},"modified":"2017-12-13T20:11:08","modified_gmt":"2017-12-13T19:11:08","slug":"slovenska-autorka-ivana-gibova-sa-stala-prvou-laureatkou-literarnej-sutaze-rene","status":"publish","type":"post","link":"https:\/\/literarnenoviny.sk\/servis\/slovenska-autorka-ivana-gibova-sa-stala-prvou-laureatkou-literarnej-sutaze-rene\/","title":{"rendered":"Slovensk\u00e1 autorka Ivana Gibov\u00e1 sa&nbsp;stala prvou laure\u00e1tkou liter\u00e1rnej s\u00fa\u0165a\u017ee R\u00e9ne"},"content":{"rendered":"<p><strong>Mlad\u00e1 slovensk\u00e1 autorka Ivana Gibov\u00e1 sa&nbsp;stala prvou laure\u00e1tkou liter\u00e1rnej s\u00fa\u0165a\u017ee<a href=\"http:\/\/www.anasoftlitera.sk\/sk\/aktuality\/cenu-ren\u00e9-anasoft-literu-gymnazistov-si-odniesli-barbora-boch-katarzia\" rel=\"noopener\" target=\"_blank\"> R\u00e9ne &#8211; Anasoft litera gymnazistov<\/a><\/strong>. Jej kniha <a href=\"http:\/\/www.martinus.sk\/?uItem=254752&#038;z=WLGC7F&#038;utm_source=z%3DWLGC7F&#038;utm_medium=url&#038;utm_campaign=partner\" rel=\"noopener\" target=\"_blank\">Barbora, boch &#038; katarzia<\/a> sa&nbsp;\u0161tudentom vybran\u00fdch desiatich slovensk\u00fdch gymn\u00e1zi\u00ed p\u00e1\u010dila najviac. <\/p>\n<p><center><\/p>\n<blockquote class=\"twitter-tweet\" data-lang=\"sk\">\n<p lang=\"und\" dir=\"ltr\">Ivana Gibov\u00e1 vo&nbsp;svojej knihe Barbora, boch a&nbsp;katarzia nap\u00edsala, \u017ee&nbsp;ak nie\u010do poviete alebo nap\u00ed\u0161ete 202-kr\u00e1t, stane sa&nbsp;to. Tak teda ideme na&nbsp;to! <a href=\"https:\/\/t.co\/z1JNaRq7Sf\">pic.twitter.com\/z1JNaRq7Sf<\/a><\/p>\n<p>&mdash; Ren\u00e9 Anasoft litera gymnazistov (@Rene_ALgym) <a href=\"https:\/\/twitter.com\/Rene_ALgym\/status\/929768468886573056?ref_src=twsrc%5Etfw\">12.&nbsp;novembra 2017<\/a><\/p><\/blockquote>\n<p><script async src=\"https:\/\/platform.twitter.com\/widgets.js\" charset=\"utf-8\"><\/script><\/center><\/p>\n<p>Ocenenie ktor\u00e9 je&nbsp;in\u0161pirovan\u00e9 prest\u00ed\u017enou franc\u00fazskou <a href=\"https:\/\/fr.wikipedia.org\/wiki\/Prix_Goncourt_des_lyc\u00e9ens\" rel=\"noopener\" target=\"_blank\">Prix Goncourt des lyc\u00e9ens<\/a> si autorka prevzala v&nbsp;sobotu 9.&nbsp;decembra v&nbsp;bratislavskej Novej Cvernovke kde sa&nbsp;konal liter\u00e1rny festival Autori\u00e1da.<\/p>\n<p style=\"text-align: right;\"><small><a href=\"http:\/\/www.anasoftlitera.sk\/sk\/aktuality\/cenu-ren\u00e9-anasoft-literu-gymnazistov-si-odniesli-barbora-boch-katarzia\" target=\"_blank\" rel=\"noopener\">Anasoft litera<\/a> <\/small><\/p>\n","protected":false},"excerpt":{"rendered":"<p>Mlad\u00e1 slovensk\u00e1 autorka Ivana Gibov\u00e1 sa&nbsp;stala prvou laure\u00e1tkou liter\u00e1rnej s\u00fa\u0165a\u017ee R\u00e9ne &#8211; Anasoft litera gymnazistov. Jej kniha Barbora, boch &#038; katarzia sa&nbsp;\u0161tudentom vybran\u00fdch desiatich slovensk\u00fdch gymn\u00e1zi\u00ed p\u00e1\u010dila najviac. <a href=\"https:\/\/literarnenoviny.sk\/servis\/slovenska-autorka-ivana-gibova-sa-stala-prvou-laureatkou-literarnej-sutaze-rene\/\" class=\"more-link\">Cel\u00e1 spr\u00e1va <span class=\"meta-nav\">&rarr;<\/span><\/a><\/p>\n","protected":false},"author":2,"featured_media":0,"comment_status":"closed","ping_status":"closed","sticky":false,"template":"","format":"standard","meta":{"_links_to":"","_links_to_target":""},"categories":[1],"tags":[15,14,3,21],"_links":{"self":[{"href":"https:\/\/literarnenoviny.sk\/servis\/wp-json\/wp\/v2\/posts\/1640"}],"collection":[{"href":"https:\/\/literarnenoviny.sk\/servis\/wp-json\/wp\/v2\/posts"}],"about":[{"href":"https:\/\/literarnenoviny.sk\/servis\/wp-json\/wp\/v2\/types\/post"}],"author":[{"embeddable":true,"href":"https:\/\/literarnenoviny.sk\/servis\/wp-json\/wp\/v2\/users\/2"}],"replies":[{"embeddable":true,"href":"https:\/\/literarnenoviny.sk\/servis\/wp-json\/wp\/v2\/comments?post=1640"}],"version-history":[{"count":0,"href":"https:\/\/literarnenoviny.sk\/servis\/wp-json\/wp\/v2\/posts\/1640\/revisions"}],"wp:attachment":[{"href":"https:\/\/literarnenoviny.sk\/servis\/wp-json\/wp\/v2\/media?parent=1640"}],"wp:term":[{"taxonomy":"category","embeddable":true,"href":"https:\/\/literarnenoviny.sk\/servis\/wp-json\/wp\/v2\/categories?post=1640"},{"taxonomy":"post_tag","embeddable":true,"href":"https:\/\/literarnenoviny.sk\/servis\/wp-json\/wp\/v2\/tags?post=1640"}],"curies":[{"name":"wp","href":"https:\/\/api.w.org\/{rel}","templated":true}]}}