{"id":16236,"date":"2021-03-23T14:30:36","date_gmt":"2021-03-23T13:30:36","guid":{"rendered":"https:\/\/literarnenoviny.sk\/servis\/?p=16236"},"modified":"2021-03-24T21:51:25","modified_gmt":"2021-03-24T20:51:25","slug":"vo-veku-89-rokov-zomrela-slovenska-sansonova-spevacka-a-herecka-hana-hegerova","status":"publish","type":"post","link":"https:\/\/literarnenoviny.sk\/servis\/vo-veku-89-rokov-zomrela-slovenska-sansonova-spevacka-a-herecka-hana-hegerova\/","title":{"rendered":"Vo veku 89 rokov zomrela slovensk\u00e1 \u0161ans\u00f3nov\u00e1 spev\u00e1\u010dka a&nbsp;here\u010dka Hana Hegerov\u00e1"},"content":{"rendered":"<p><strong>Vo veku 89 rokov zomrela slovensk\u00e1 \u0161ans\u00f3nov\u00e1 spev\u00e1\u010dka a&nbsp;here\u010dka <a href=\"https:\/\/sk.wikipedia.org\/wiki\/Hana_Hegerov\u00e1\" rel=\"noopener noreferrer\" target=\"_blank\">Hana Hegerov\u00e1<\/a><\/strong>, ktor\u00e1 za\u010d\u00ednala v&nbsp;bratislavskej <a href=\"https:\/\/sk.wikipedia.org\/wiki\/Tatra_revue\" rel=\"noopener noreferrer\" target=\"_blank\">Tatra revue<\/a> a&nbsp;koncom 50.&nbsp;rokov sa&nbsp;pres\u0165ahovala do&nbsp;Prahy. Tam sa&nbsp;nesk\u00f4r jej domovskou sc\u00e9nou stalo divadlo Semafor. Inform\u00e1ciu o&nbsp;jej \u00famrt\u00ed priniesol \u010desk\u00fd spravodajsk\u00fd server <a href=\"https:\/\/www.idnes.cz\/kultura\/hudba\/zemrela-hana-hegerova.A141203_171251_hudba_ts\" rel=\"noopener noreferrer\" target=\"_blank\">Idnes.cz<\/a>. <\/p>\n<p>Spievala aj v&nbsp;par\u00ed\u017eskej <a href=\"https:\/\/sk.wikipedia.org\/wiki\/Olympia_(Par\u00ed\u017e)\" rel=\"noopener noreferrer\" target=\"_blank\">Olympii<\/a>, kde bola hos\u0165om <a href=\"https:\/\/sk.wikipedia.org\/wiki\/Gilbert_B\u00e9caud\" rel=\"noopener noreferrer\" target=\"_blank\">Gilberta B\u00e9cauda<\/a> a&nbsp;<a href=\"https:\/\/cs.wikipedia.org\/wiki\/Juliette_Gr\u00e9co\" rel=\"noopener noreferrer\" target=\"_blank\">Juliette Gr\u00e9co<\/a>, jej platne vyd\u00e1vali aj spolo\u010dnosti Decca a&nbsp;Philips.<\/p>\n<p><center><div class=\"gca-utility vertical-spacer\"><\/div>\n<blockquote class=\"twitter-tweet\">\n<p lang=\"cs\" dir=\"ltr\">Ve v\u011bku 89 let zem\u0159ela zp\u011bva\u010dka Hana Hegerov\u00e1. Zem\u0159ela v&nbsp;kruhu rodiny v&nbsp;Nemocnici Na&nbsp;Homolce. ?<a href=\"https:\/\/t.co\/9yI7L0aEgG\">https:\/\/t.co\/9yI7L0aEgG<\/a><\/p>\n<p>&mdash; Lidovky.cz (@lidovky) <a href=\"https:\/\/twitter.com\/lidovky\/status\/1374351815790235648?ref_src=twsrc%5Etfw\">March 23, 2021<\/a><\/p><\/blockquote>\n<p> <script async src=\"https:\/\/platform.twitter.com\/widgets.js\" charset=\"utf-8\"><\/script><div class=\"gca-utility vertical-spacer\"><\/div><\/center><\/p>\n<p>Hana Hegerov\u00e1, vlastn\u00fdm menom Carmen Farka\u0161ov\u00e1, sa&nbsp;narodila 20.&nbsp;okt\u00f3bra 1931 v&nbsp;Bratislave. Absolvovala divadeln\u00fd kurz v&nbsp;\u0161t\u00e1tnom konzervat\u00f3riu v&nbsp;Kom\u00e1rne a&nbsp;od&nbsp;roku 1953 bola \u010dlenkou <a href=\"https:\/\/www.divadlozilina.eu\/\" rel=\"noopener noreferrer\" target=\"_blank\">Divadla Petra Jilemnick\u00e9ho<\/a> v&nbsp;\u017diline.<\/p>\n<p>Zvykla hovorieva\u0165, \u017ee&nbsp;spieva\u0165 za\u010dala kv\u00f4li uhliu <em>\u201eBydlela jsem v&nbsp;podn\u00e1jmu, m\u011bla 640 korun hrub\u00e9ho na&nbsp;m\u011bs\u00edc, man\u017eel byl na&nbsp;vojn\u011b, d\u00edt\u011b jsem dala babi\u010dce. Nebylo na&nbsp;uhl\u00ed a&nbsp;pot\u0159ebovala jsem ledni\u010dku a&nbsp;vysava\u010d.\u201c<\/em><\/p>\n<p><center><div class=\"gca-utility vertical-spacer\"><\/div><iframe loading=\"lazy\" width=\"560\" height=\"315\" src=\"https:\/\/www.youtube.com\/embed\/RBaSOXtu1Wo?start=57\" title=\"YouTube video player\" frameborder=\"0\" allow=\"accelerometer; autoplay; clipboard-write; encrypted-media; gyroscope; picture-in-picture\" allowfullscreen><\/iframe><div class=\"gca-utility vertical-spacer\"><\/div><\/center><\/p>\n<p><em>\u201eKdy\u017e mi Rudolf Cort\u00e9z sliboval 180 korun za&nbsp;koncert s&nbsp;t\u00edm, \u017ee&nbsp;jich ud\u011bl\u00e1me dvacet do&nbsp;m\u011bs\u00edce, p\u0159ipadalo mi to fantastick\u00e9,\u201c<\/em> zaspom\u00ednala v&nbsp;jednom z&nbsp;rozhovorov.<\/p>\n<p><em>\u201eSpolupr\u00e1ce s&nbsp;pan\u00ed Hegerovou byla \u00fa\u017easn\u00e1 v\u011bc, kter\u00e1 v&nbsp;podstat\u011b vyplnila v\u011bt\u0161inu \u010dasu m\u00e9ho muzikantsk\u00e9ho \u017eivota,\u201c<\/em> uviedol pred rokmi pre&nbsp;agent\u00faru \u010cTK \u010desk\u00fd klavirista Petr Mal\u00e1sek. <em>\u201eByla to kr\u00e1sn\u00e1 nejen muzikantsk\u00e1, ale i&nbsp;lidsk\u00e1 \u0161kola, proto\u017ee b\u00fdt po&nbsp;boku takov\u00e9 d\u00e1my je&nbsp;pro \u017eivot v\u017edy p\u0159\u00ednosn\u00e9,\u201c<\/em> dodal Mal\u00e1sek.<\/p>\n<p style=\"text-align: right;\"><small>&mdash;&nbsp;<a href=\"https:\/\/www.idnes.cz\/kultura\/hudba\/zemrela-hana-hegerova.A141203_171251_hudba_ts\" target=\"_blank\" rel=\"noopener noreferrer\">iDnes.cz<\/a>, <a href=\"https:\/\/magazin.aktualne.cz\/kultura\/hudba\/s-eleganci-zpivala-o-zivote-a-laskach-hana-hegerova-zemrela\/r~1306765e8bda11eb89ccac1f6b220ee8\/\" target=\"_blank\" rel=\"noopener noreferrer\">Aktu\u00e1ln\u011b.cz<\/a> a&nbsp;<a href=\"---\" target=\"_blank\" rel=\"noopener noreferrer\">Lidovky<\/a><\/small><\/p>\n<div class=\"gca-utility clearfix\"><\/div>\n<div class=\"gca-utility vertical-spacer\"><\/div>\n<p><center><span class=\"fullscreen\"><a href=\"\/\/www.martinus.sk\/?z=WLGC7F&#038;utm_source=z%3DWLGC7F&#038;utm_medium=banner1_468x60&#038;utm_campaign=partner\"><img decoding=\"async\" src=\"\/\/www.martinus.sk\/images\/banners\/468x60.jpg\" alt=\"www.martinus.sk\" \/><\/a><\/span><\/center><\/p>\n","protected":false},"excerpt":{"rendered":"<p>Vo veku 89 rokov zomrela slovensk\u00e1 \u0161ans\u00f3nov\u00e1 spev\u00e1\u010dka a&nbsp;here\u010dka Hana Hegerov\u00e1, ktor\u00e1 za\u010d\u00ednala v&nbsp;bratislavskej Tatra revue a&nbsp;koncom 50.&nbsp;rokov sa&nbsp;pres\u0165ahovala do&nbsp;Prahy. Tam sa&nbsp;nesk\u00f4r jej domovskou sc\u00e9nou stalo divadlo Semafor. Inform\u00e1ciu o&nbsp;jej \u00famrt\u00ed priniesol \u010desk\u00fd spravodajsk\u00fd server Idnes.cz. <a href=\"https:\/\/literarnenoviny.sk\/servis\/vo-veku-89-rokov-zomrela-slovenska-sansonova-spevacka-a-herecka-hana-hegerova\/\" class=\"more-link\">Cel\u00e1 spr\u00e1va <span class=\"meta-nav\">&rarr;<\/span><\/a><\/p>\n","protected":false},"author":2,"featured_media":0,"comment_status":"closed","ping_status":"closed","sticky":false,"template":"","format":"standard","meta":{"_links_to":"","_links_to_target":""},"categories":[1],"tags":[2,60,3,207],"_links":{"self":[{"href":"https:\/\/literarnenoviny.sk\/servis\/wp-json\/wp\/v2\/posts\/16236"}],"collection":[{"href":"https:\/\/literarnenoviny.sk\/servis\/wp-json\/wp\/v2\/posts"}],"about":[{"href":"https:\/\/literarnenoviny.sk\/servis\/wp-json\/wp\/v2\/types\/post"}],"author":[{"embeddable":true,"href":"https:\/\/literarnenoviny.sk\/servis\/wp-json\/wp\/v2\/users\/2"}],"replies":[{"embeddable":true,"href":"https:\/\/literarnenoviny.sk\/servis\/wp-json\/wp\/v2\/comments?post=16236"}],"version-history":[{"count":0,"href":"https:\/\/literarnenoviny.sk\/servis\/wp-json\/wp\/v2\/posts\/16236\/revisions"}],"wp:attachment":[{"href":"https:\/\/literarnenoviny.sk\/servis\/wp-json\/wp\/v2\/media?parent=16236"}],"wp:term":[{"taxonomy":"category","embeddable":true,"href":"https:\/\/literarnenoviny.sk\/servis\/wp-json\/wp\/v2\/categories?post=16236"},{"taxonomy":"post_tag","embeddable":true,"href":"https:\/\/literarnenoviny.sk\/servis\/wp-json\/wp\/v2\/tags?post=16236"}],"curies":[{"name":"wp","href":"https:\/\/api.w.org\/{rel}","templated":true}]}}