{"id":1614,"date":"2017-12-11T15:04:34","date_gmt":"2017-12-11T14:04:34","guid":{"rendered":"https:\/\/literarnenoviny.sk\/servis\/?p=1614"},"modified":"2020-10-15T22:06:41","modified_gmt":"2020-10-15T20:06:41","slug":"vo-veku-87-rokov-zomrela-legenda-ceskej-dokumentaristiky-drahomira-vihanova","status":"publish","type":"post","link":"https:\/\/literarnenoviny.sk\/servis\/vo-veku-87-rokov-zomrela-legenda-ceskej-dokumentaristiky-drahomira-vihanova\/","title":{"rendered":"Vo veku 87 rokov zomrela legenda \u010deskej dokumentaristiky Drahom\u00edra Vihanov\u00e1"},"content":{"rendered":"<p><strong>Vo veku 87 rokov zomrela po&nbsp;kr\u00e1tkej chorobe \u010desk\u00e1 re\u017eis\u00e9rka a&nbsp;scen\u00e1ristka <a href=\"https:\/\/cs.wikipedia.org\/wiki\/Drahom\u00edra_Vihanov\u00e1\" rel=\"noopener noreferrer\" target=\"_blank\">Drahom\u00edra Vihanov\u00e1<\/a><\/strong>. Autorka patr\u00ed ku&nbsp;gener\u00e1cii <em>\u201ezlat\u00fdch \u0161es\u0165desiatych\u201c<\/em> a&nbsp;k&nbsp;filmu pri\u0161la od&nbsp;hudby. Pred \u0161t\u00fadiom na&nbsp;Pra\u017eskej FAMU absolvovala v&nbsp;Brne hudobn\u00fa vedu, estetiku a&nbsp;hru na&nbsp;klav\u00edr na&nbsp;konzervat\u00f3riu.<br \/>\n\u00a0<br \/>\nPracovala po&nbsp;boku J\u00e1na \u0160p\u00e1tu, Franti\u0161ka Vl\u00e1\u010dila a&nbsp;p\u00f4sobila tie\u017e ako pomocn\u00e1 re\u017eis\u00e9rka Otakara V\u00e1vru. Pozornos\u0165 vzbudila aj svoj\u00edm celove\u010dern\u00fdm debutom <em>Zabit\u00e1 nedele<\/em> z&nbsp;roku 1968, ktor\u00fd v\u0161ak bol pre&nbsp;svoju \u00fadajn\u00fa bezn\u00e1dejnos\u0165 zak\u00e1zan\u00fd a&nbsp;bol 30 rokov zatvoren\u00fd v&nbsp;trezore.<\/p>\n<p><center><iframe loading=\"lazy\" width=\"560\" height=\"315\" src=\"https:\/\/www.youtube.com\/embed\/U884dYS-rCs?rel=0&amp;showinfo=0\" frameborder=\"0\" gesture=\"media\" allow=\"encrypted-media\" allowfullscreen><\/iframe><\/center><\/p>\n<p>v roku 2015 z\u00edskala Drahom\u00edra Vihanov\u00e1 \u010cesk\u00e9ho leva za&nbsp;mimoriadny pr\u00ednos \u010deskej kinematografii.<\/p>\n<p style=\"text-align: right;\"><small><a href=\"https:\/\/www.irozhlas.cz\/kultura\/film\/drahomira-vihanova-reziserka-frantisek-vlacil-otakar-vavra_1712111504_jra\" target=\"_blank\" rel=\"noopener noreferrer\">\u010cesk\u00fd rozhlas<\/a> <\/small><\/p>\n","protected":false},"excerpt":{"rendered":"<p>Vo veku 87 rokov zomrela po&nbsp;kr\u00e1tkej chorobe \u010desk\u00e1 re\u017eis\u00e9rka a&nbsp;scen\u00e1ristka Drahom\u00edra Vihanov\u00e1. Autorka patr\u00ed ku&nbsp;gener\u00e1cii \u0161es\u0165desiat\u00fdch rokov a&nbsp;k&nbsp;filmu pri\u0161la od&nbsp;hudby. Pred \u0161t\u00fadiom na&nbsp;Pra\u017eskej FAMU absolvovala v&nbsp;Brne hudobn\u00fa vedu, estetiku a&nbsp;hru na&nbsp;klav\u00edr na&nbsp;konzervat\u00f3riu.  <a href=\"https:\/\/literarnenoviny.sk\/servis\/vo-veku-87-rokov-zomrela-legenda-ceskej-dokumentaristiky-drahomira-vihanova\/\" class=\"more-link\">Cel\u00e1 spr\u00e1va <span class=\"meta-nav\">&rarr;<\/span><\/a><\/p>\n","protected":false},"author":2,"featured_media":0,"comment_status":"closed","ping_status":"closed","sticky":false,"template":"","format":"standard","meta":{"_links_to":"","_links_to_target":""},"categories":[1],"tags":[16,3,209],"_links":{"self":[{"href":"https:\/\/literarnenoviny.sk\/servis\/wp-json\/wp\/v2\/posts\/1614"}],"collection":[{"href":"https:\/\/literarnenoviny.sk\/servis\/wp-json\/wp\/v2\/posts"}],"about":[{"href":"https:\/\/literarnenoviny.sk\/servis\/wp-json\/wp\/v2\/types\/post"}],"author":[{"embeddable":true,"href":"https:\/\/literarnenoviny.sk\/servis\/wp-json\/wp\/v2\/users\/2"}],"replies":[{"embeddable":true,"href":"https:\/\/literarnenoviny.sk\/servis\/wp-json\/wp\/v2\/comments?post=1614"}],"version-history":[{"count":0,"href":"https:\/\/literarnenoviny.sk\/servis\/wp-json\/wp\/v2\/posts\/1614\/revisions"}],"wp:attachment":[{"href":"https:\/\/literarnenoviny.sk\/servis\/wp-json\/wp\/v2\/media?parent=1614"}],"wp:term":[{"taxonomy":"category","embeddable":true,"href":"https:\/\/literarnenoviny.sk\/servis\/wp-json\/wp\/v2\/categories?post=1614"},{"taxonomy":"post_tag","embeddable":true,"href":"https:\/\/literarnenoviny.sk\/servis\/wp-json\/wp\/v2\/tags?post=1614"}],"curies":[{"name":"wp","href":"https:\/\/api.w.org\/{rel}","templated":true}]}}