{"id":1578,"date":"2017-12-07T14:00:39","date_gmt":"2017-12-07T13:00:39","guid":{"rendered":"https:\/\/literarnenoviny.sk\/servis\/?p=1578"},"modified":"2017-12-08T23:39:50","modified_gmt":"2017-12-08T22:39:50","slug":"knihkupecka-siet-martinus-otvorila-vo-svojom-sidle-reprezentativnu-predajnu","status":"publish","type":"post","link":"https:\/\/literarnenoviny.sk\/servis\/knihkupecka-siet-martinus-otvorila-vo-svojom-sidle-reprezentativnu-predajnu\/","title":{"rendered":"Kn\u00edhkupeck\u00e1 sie\u0165 Martinus otvorila vo&nbsp;svojom s\u00eddle reprezentat\u00edvnu predaj\u0148u"},"content":{"rendered":"<p><strong>Kn\u00edhkupeck\u00e1 sie\u0165 <a href=\"http:\/\/www.martinus.sk\/?z=WLGC7F&#038;utm_source=z%3DWLGC7F&#038;utm_medium=url&#038;utm_campaign=partner\" rel=\"noopener\" target=\"_blank\">Martinus<\/a> otvorila svoju nov\u00fa reprezentat\u00edvnu predaj\u0148u v&nbsp;Martine<\/strong>. Pr\u00e1ve toto mesto sa&nbsp;sp\u00e1ja s&nbsp;jej vznikom a&nbsp;firma v&nbsp;\u0148om m\u00e1 aj ofici\u00e1lne s\u00eddlo.<\/p>\n<p><center><iframe loading=\"lazy\" src=\"https:\/\/www.facebook.com\/plugins\/post.php?href=https%3A%2F%2Fwww.facebook.com%2Fmedia%2Fset%2F%3Fset%3Da.10155281311218111.1073741858.19124803110%26type%3D3&#038;width=500\" width=\"500\" height=\"721\" style=\"border:none;overflow:hidden\" scrolling=\"no\" frameborder=\"0\" allowTransparency=\"true\"><\/iframe><\/center><\/p>\n<p><em>\u201eSplnil sa&nbsp;n\u00e1m sen,\u201c<\/em> komentovala spolo\u010dnos\u0165 otvorenie nov\u00e9ho obchodn\u00e9ho priestoru a&nbsp;kaviarne na&nbsp;svojej facebookovej str\u00e1nke <\/p>\n","protected":false},"excerpt":{"rendered":"<p>Kn\u00edhkupeck\u00e1 sie\u0165 Martinus otvorila svoju nov\u00fa reprezentat\u00edvnu predaj\u0148u v&nbsp;Martine. Pr\u00e1ve toto mesto sa&nbsp;sp\u00e1ja s&nbsp;jej vznikom a&nbsp;firma v&nbsp;\u0148om m\u00e1 aj ofici\u00e1lne s\u00eddlo.<br \/>\n <a href=\"https:\/\/literarnenoviny.sk\/servis\/knihkupecka-siet-martinus-otvorila-vo-svojom-sidle-reprezentativnu-predajnu\/\" class=\"more-link\">Cel\u00e1 spr\u00e1va <span class=\"meta-nav\">&rarr;<\/span><\/a><\/p>\n","protected":false},"author":2,"featured_media":0,"comment_status":"closed","ping_status":"closed","sticky":false,"template":"","format":"standard","meta":{"_links_to":"","_links_to_target":""},"categories":[1],"tags":[12,8],"_links":{"self":[{"href":"https:\/\/literarnenoviny.sk\/servis\/wp-json\/wp\/v2\/posts\/1578"}],"collection":[{"href":"https:\/\/literarnenoviny.sk\/servis\/wp-json\/wp\/v2\/posts"}],"about":[{"href":"https:\/\/literarnenoviny.sk\/servis\/wp-json\/wp\/v2\/types\/post"}],"author":[{"embeddable":true,"href":"https:\/\/literarnenoviny.sk\/servis\/wp-json\/wp\/v2\/users\/2"}],"replies":[{"embeddable":true,"href":"https:\/\/literarnenoviny.sk\/servis\/wp-json\/wp\/v2\/comments?post=1578"}],"version-history":[{"count":0,"href":"https:\/\/literarnenoviny.sk\/servis\/wp-json\/wp\/v2\/posts\/1578\/revisions"}],"wp:attachment":[{"href":"https:\/\/literarnenoviny.sk\/servis\/wp-json\/wp\/v2\/media?parent=1578"}],"wp:term":[{"taxonomy":"category","embeddable":true,"href":"https:\/\/literarnenoviny.sk\/servis\/wp-json\/wp\/v2\/categories?post=1578"},{"taxonomy":"post_tag","embeddable":true,"href":"https:\/\/literarnenoviny.sk\/servis\/wp-json\/wp\/v2\/tags?post=1578"}],"curies":[{"name":"wp","href":"https:\/\/api.w.org\/{rel}","templated":true}]}}