{"id":15650,"date":"2021-02-11T10:00:11","date_gmt":"2021-02-11T09:00:11","guid":{"rendered":"https:\/\/literarnenoviny.sk\/servis\/?p=15650"},"modified":"2021-02-14T14:21:16","modified_gmt":"2021-02-14T13:21:16","slug":"cesky-vydavatelsky-dom-albatros-media-prevzal-kniznu-diviziu-mladej-fronty","status":"publish","type":"post","link":"https:\/\/literarnenoviny.sk\/servis\/cesky-vydavatelsky-dom-albatros-media-prevzal-kniznu-diviziu-mladej-fronty\/","title":{"rendered":"\u010cesk\u00fd vydavate\u013esk\u00fd dom Albatros Media prevzal kni\u017en\u00fa div\u00edziu Mladej fronty"},"content":{"rendered":"<p><strong>\u010cesk\u00fd vydavate\u013esk\u00fd dom <a href=\"https:\/\/www.albatrosmedia.cz\/\" rel=\"noopener noreferrer\" target=\"_blank\">Albatros Media<\/a> prevzal <a href=\"https:\/\/www.kniha.cz\/\" rel=\"noopener noreferrer\" target=\"_blank\">kni\u017en\u00fa div\u00edziu<\/a> vydavate\u013estva <a href=\"https:\/\/www.mf.cz\/\" rel=\"noopener noreferrer\" target=\"_blank\">Mlad\u00e1 fronta<\/a><\/strong> za&nbsp;14 mili\u00f3nov \u010desk\u00fdch kor\u00fan <em>(543-tis\u00edc eur)<\/em>. Zav\u0155\u0161ili sa&nbsp;tak rokovania o&nbsp;jej odk\u00fapen\u00ed, ktor\u00e9 prebiehali u\u017e&nbsp;od&nbsp;za\u010diatku roka 2020. Mlad\u00e1 Fronta sa&nbsp;tak stane sedemn\u00e1stym vydavate\u013estvom medi\u00e1lnej skupiny. <\/p>\n<p>Akviz\u00edcia skrachovan\u00e9ho kni\u017en\u00e9ho vydavate\u013estva Mlad\u00e1 Fronta je&nbsp;\u0161trn\u00e1stou akviz\u00edciou skupiny Albatros Media.<\/p>\n<p><center><div class=\"gca-utility vertical-spacer\"><\/div>\n<blockquote class=\"twitter-tweet\">\n<p lang=\"cs\" dir=\"ltr\">Firma Albatros Media koupila za&nbsp;14 milion\u016f korun kni\u017en\u00ed divizi vydavatelstv\u00ed Mlad\u00e1 fronta, kter\u00e9 je&nbsp;v&nbsp;konkurzu. <a href=\"https:\/\/t.co\/ckt6HGuUPR\">https:\/\/t.co\/ckt6HGuUPR<\/a><\/p>\n<p>&mdash; Forbes \u010cesko (@ForbesCesko) <a href=\"https:\/\/twitter.com\/ForbesCesko\/status\/1359083045610000386?ref_src=twsrc%5Etfw\">February 9, 2021<\/a><\/p><\/blockquote>\n<p> <script async src=\"https:\/\/platform.twitter.com\/widgets.js\" charset=\"utf-8\"><\/script><div class=\"gca-utility vertical-spacer\"><\/div><\/center><\/p>\n<p>Mlad\u00e1 fronta, ktor\u00e1 vznikla hne\u010f po&nbsp;skon\u010den\u00ed druhej svetovej vojny, z\u00edskala pred dvomi rokmi za&nbsp;sedemzv\u00e4zkov\u00e9 komentovan\u00e9 <em><strong><a href=\"https:\/\/www.magnesia-litera.cz\/kniha\/spisy-bohumila-hrabala-1-7\/\" rel=\"noopener noreferrer\" target=\"_blank\">Spisy Bohumila Hrabala<\/a><\/strong><\/em> prest\u00ed\u017enu \u010desk\u00fa cenu Magnesia Litera za&nbsp;vydavate\u013esk\u00fd po\u010din.<\/p>\n<p>V \u010de\u0161tine vyd\u00e1vala tie\u017e knihy <a href=\"https:\/\/cs.wikipedia.org\/wiki\/Philip_Roth\" rel=\"noopener noreferrer\" target=\"_blank\">Philipa Rotha<\/a>, dr\u017eite\u013eky Nobelovej ceny za&nbsp;literat\u00faru <a href=\"https:\/\/cs.wikipedia.org\/wiki\/Herta_M\u00fcllerov\u00e1\" rel=\"noopener noreferrer\" target=\"_blank\">Herty M\u00fcllerovej<\/a>, izraelsk\u00e9ho prozaika <a href=\"https:\/\/cs.wikipedia.org\/wiki\/David_Grossman\" rel=\"noopener noreferrer\" target=\"_blank\">Davida Grossmana<\/a> \u010di&nbsp;postmodernistu <a href=\"https:\/\/cs.wikipedia.org\/wiki\/Claudio_Magris\" rel=\"noopener noreferrer\" target=\"_blank\">Claudia Magrisa<\/a>.<\/p>\n<p>Mlad\u00e1 fronta <a href=\"https:\/\/literarnenoviny.sk\/servis\/zname-ceske-vydavatelstvo-mlada-fronta-vyhlasilo-platobnu-neschopnost\/\" rel=\"noopener noreferrer\" target=\"_blank\">sa vo&nbsp;finan\u010dn\u00fdch probl\u00e9moch ocitla<\/a> minul\u00fd rok. Zamestnanci vydavate\u013estva dali alebo dostali v\u00fdpovede. Od&nbsp;okt\u00f3bra nedost\u00e1vali mzdu a&nbsp;mnoh\u00ed z&nbsp;nich si u\u017e&nbsp;na\u0161li nov\u00fa pr\u00e1cu. Rozpadaj\u00face sa&nbsp;vydavate\u013estvo pri\u0161lo aj o&nbsp;\u010dlenstvo v&nbsp;\u010deskej <a href=\"http:\/\/www.unievydavatelu.cz\/\" rel=\"noopener noreferrer\" target=\"_blank\">\u00danii vydavate\u013eov<\/a>. <\/p>\n<p>Po\u010das vle\u010d\u00faceho sa&nbsp;konkurzu stratila kni\u017en\u00e1 div\u00edzia Mladej Fronty aj mnoh\u00fdch zauj\u00edmav\u00fdch \u010desk\u00fdch aj zahrani\u010dn\u00fdch autorov, ktor\u00fdch diela vyd\u00e1vala. <\/p>\n<p>Skupina Albatros Media, pod\u013ea svojej hovorkyne Anety Stolzovej, so&nbsp;znepokojen\u00edm sledovala postupn\u00fd rozpad <em>\u201ed\u0159\u00edve skv\u011bl\u00e9ho nakladatelstv\u00ed\u201c<\/em> a&nbsp;chcela ho zachr\u00e1ni\u0165. <em>\u201eM\u00e1me radost, \u017ee&nbsp;se n\u00e1m nakonec poda\u0159ilo dos\u00e1hnout jednomysln\u00e9ho konsenzu v\u0161ech \u00fa\u010dastn\u00edk\u016f insolven\u010dn\u00edho \u0159\u00edzen\u00ed,\u201c<\/em> dodal riadite\u013e Albatrosu V\u00e1clav Kadlec.<\/p>\n<p>S\u00fa\u010das\u0165ou podp\u00edsanej obchodnej transakcie je&nbsp;aj pr\u00e1vo na\u010falej vyu\u017e\u00edva\u0165 zna\u010dku Mlad\u00e1 Fronta na&nbsp;kni\u017en\u00fa produkciu.<\/p>\n<p style=\"text-align: right;\"><small>&mdash;&nbsp;<a href=\"https:\/\/www.ceskenoviny.cz\/zpravy\/albatros-media-koupila-za-14-milionu-knizni-divizi-mlade-fronty\/1993666\" target=\"_blank\" rel=\"noopener noreferrer\">\u010cesk\u00e9 noviny<\/a> a&nbsp;<a href=\"https:\/\/forbes.cz\/ujednano-albatros-koupil-knizni-divizi-mlade-fronty-za-14-milionu\/\" target=\"_blank\" rel=\"noopener noreferrer\">Forbes<\/a><\/small><\/p>\n<div class=\"gca-utility clearfix\"><\/div>\n<div class=\"gca-utility vertical-spacer\"><\/div>\n<p><center><span class=\"fullscreen\"><a href=\"\/\/www.martinus.sk\/?z=WLGC7F&#038;utm_source=z%3DWLGC7F&#038;utm_medium=banner1_468x60&#038;utm_campaign=partner\"><img decoding=\"async\" src=\"\/\/www.martinus.sk\/images\/banners\/468x60_red.jpg\" alt=\"www.martinus.sk\" \/><\/a><\/span><\/center><\/p>\n","protected":false},"excerpt":{"rendered":"<p>\u010cesk\u00fd vydavate\u013esk\u00fd dom Albatros Media prevzal kni\u017en\u00fa div\u00edziu vydavate\u013estva Mlad\u00e1 fronta za&nbsp;14 mili\u00f3nov \u010desk\u00fdch kor\u00fan. Zav\u0155\u0161ili sa&nbsp;tak rokovania o&nbsp;jej odk\u00fapen\u00ed, ktor\u00e9 prebiehali u\u017e&nbsp;od&nbsp;za\u010diatku roka 2020. Mlad\u00e1 Fronta sa&nbsp;tak stane sedemn\u00e1stym vydavate\u013estvom medi\u00e1lnej skupiny. <a href=\"https:\/\/literarnenoviny.sk\/servis\/cesky-vydavatelsky-dom-albatros-media-prevzal-kniznu-diviziu-mladej-fronty\/\" class=\"more-link\">Cel\u00e1 spr\u00e1va <span class=\"meta-nav\">&rarr;<\/span><\/a><\/p>\n","protected":false},"author":2,"featured_media":0,"comment_status":"closed","ping_status":"closed","sticky":false,"template":"","format":"standard","meta":{"_links_to":"","_links_to_target":""},"categories":[1],"tags":[8,34],"_links":{"self":[{"href":"https:\/\/literarnenoviny.sk\/servis\/wp-json\/wp\/v2\/posts\/15650"}],"collection":[{"href":"https:\/\/literarnenoviny.sk\/servis\/wp-json\/wp\/v2\/posts"}],"about":[{"href":"https:\/\/literarnenoviny.sk\/servis\/wp-json\/wp\/v2\/types\/post"}],"author":[{"embeddable":true,"href":"https:\/\/literarnenoviny.sk\/servis\/wp-json\/wp\/v2\/users\/2"}],"replies":[{"embeddable":true,"href":"https:\/\/literarnenoviny.sk\/servis\/wp-json\/wp\/v2\/comments?post=15650"}],"version-history":[{"count":0,"href":"https:\/\/literarnenoviny.sk\/servis\/wp-json\/wp\/v2\/posts\/15650\/revisions"}],"wp:attachment":[{"href":"https:\/\/literarnenoviny.sk\/servis\/wp-json\/wp\/v2\/media?parent=15650"}],"wp:term":[{"taxonomy":"category","embeddable":true,"href":"https:\/\/literarnenoviny.sk\/servis\/wp-json\/wp\/v2\/categories?post=15650"},{"taxonomy":"post_tag","embeddable":true,"href":"https:\/\/literarnenoviny.sk\/servis\/wp-json\/wp\/v2\/tags?post=15650"}],"curies":[{"name":"wp","href":"https:\/\/api.w.org\/{rel}","templated":true}]}}